{"id":1408,"date":"2026-01-05T04:38:56","date_gmt":"2026-01-05T07:38:56","guid":{"rendered":"https:\/\/oexpressobr.com.br\/?p=1408"},"modified":"2026-01-05T04:38:58","modified_gmt":"2026-01-05T07:38:58","slug":"trump-sugere-acao-militar-na-colombia-e-eleva-tensao-com-gustavo-petro","status":"publish","type":"post","link":"https:\/\/oexpressobr.com.br\/?p=1408","title":{"rendered":"Trump sugere a\u00e7\u00e3o militar na Col\u00f4mbia e eleva tens\u00e3o com Gustavo Petro"},"content":{"rendered":"\n<p class=\"wp-block-paragraph\">O cen\u00e1rio geopol\u00edtico na Am\u00e9rica Latina atingiu um novo n\u00edvel de instabilidade neste domingo (4). A bordo do avi\u00e3o presidencial Air Force One, o presidente dos Estados Unidos, <strong>Donald Trump<\/strong>, afirmou que uma eventual opera\u00e7\u00e3o militar na <strong>Col\u00f4mbia<\/strong> &#8220;soa bem&#8221; para ele. A declara\u00e7\u00e3o ocorre menos de 24 horas ap\u00f3s a dram\u00e1tica incurs\u00e3o das for\u00e7as americanas em Caracas, que resultou na captura do presidente venezuelano <strong>Nicol\u00e1s Maduro<\/strong>.<\/p>\n\n\n\n<p class=\"wp-block-paragraph\">\u200bAo ser questionado por jornalistas sobre se a Col\u00f4mbia poderia ser o pr\u00f3ximo alvo, Trump n\u00e3o hesitou em elevar o tom contra o presidente colombiano <strong>Gustavo Petro<\/strong>. O l\u00edder republicano descreveu o pa\u00eds vizinho como &#8220;muito doente&#8221; e acusou diretamente Petro de envolvimento com o narcotr\u00e1fico.<\/p>\n\n\n\n<blockquote class=\"wp-block-quote is-layout-flow wp-block-quote-is-layout-flow\">\n<p class=\"wp-block-paragraph\">\u200b&#8221;A Col\u00f4mbia tamb\u00e9m est\u00e1 muito doente, governada por um homem doente que gosta de produzir coca\u00edna e vend\u00ea-la aos Estados Unidos. E ele n\u00e3o vai fazer isso por muito tempo&#8221;, declarou Trump.<\/p>\n<\/blockquote>\n\n\n\n<h3 class=\"wp-block-heading\">\u200bRea\u00e7\u00f5es e o Contexto Regional<\/h3>\n\n\n\n<p class=\"wp-block-paragraph\">\u200bA resposta de Bogot\u00e1 foi imediata. O Minist\u00e9rio das Rela\u00e7\u00f5es Exteriores da Col\u00f4mbia emitiu um comunicado oficial condenando as falas de Trump, classificando-as como uma amea\u00e7a \u00e0 soberania de um Estado democr\u00e1tico. Gustavo Petro, que j\u00e1 vinha criticando a opera\u00e7\u00e3o americana na Venezuela como um &#8220;ataque \u00e0 soberania da Am\u00e9rica Latina&#8221;, alertou anteriormente para que os EUA n\u00e3o &#8220;acordassem a on\u00e7a-pintada&#8221;.<\/p>\n\n\n\n<p class=\"wp-block-paragraph\">\u200bA tens\u00e3o entre as duas na\u00e7\u00f5es vem escalando desde o final de 2025, marcada por:<\/p>\n\n\n\n<ul class=\"wp-block-list\">\n<li>\u200b<strong>San\u00e7\u00f5es Financeiras:<\/strong> Trump j\u00e1 imp\u00f4s san\u00e7\u00f5es a Petro e a membros de seu gabinete, acusando-os de transformar o pa\u00eds em uma &#8220;f\u00e1brica de coca\u00edna&#8221;.<\/li>\n\n\n\n<li>\u200b<strong>Rompimento de Coopera\u00e7\u00e3o:<\/strong> Houve suspens\u00e3o parcial de interc\u00e2mbio de intelig\u00eancia e retirada de apoio econ\u00f4mico hist\u00f3rico para o combate ao crime organizado.<\/li>\n\n\n\n<li>\u200b<strong>Crise de Refugiados:<\/strong> Com a queda de Maduro e a posse da vice-presidente <strong>Delcy Rodr\u00edguez<\/strong> como l\u00edder interina na Venezuela sob vigil\u00e2ncia americana, a Col\u00f4mbia prepara um estado de emerg\u00eancia na fronteira para lidar com um poss\u00edvel fluxo massivo de refugiados.<\/li>\n<\/ul>\n\n\n\n<h3 class=\"wp-block-heading\">\u200bO que esperar a seguir<\/h3>\n\n\n\n<p class=\"wp-block-paragraph\">\u200bEspecialistas em pol\u00edtica internacional observam que a ret\u00f3rica de Trump pode sinalizar uma mudan\u00e7a dr\u00e1stica na Doutrina Monroe para o s\u00e9culo XXI. Enquanto o governo colombiano busca apoio em blocos regionais como o Chile e o M\u00e9xico, que tamb\u00e9m expressaram preocupa\u00e7\u00e3o com as a\u00e7\u00f5es unilaterais de Washington, a Casa Branca mant\u00e9m a press\u00e3o, sugerindo que o combate aos cart\u00e9is justificaria interven\u00e7\u00f5es diretas em territ\u00f3rio sul-americano.<\/p>\n","protected":false},"excerpt":{"rendered":"<p>O cen\u00e1rio geopol\u00edtico na Am\u00e9rica Latina atingiu um novo n\u00edvel de instabilidade neste domingo (4). A bordo do avi\u00e3o presidencial Air Force One, o presidente [&#8230;]<\/p>\n","protected":false},"author":1,"featured_media":1409,"comment_status":"open","ping_status":"open","sticky":false,"template":"","format":"standard","meta":{"_crdt_document":"","_jetpack_memberships_contains_paid_content":false,"footnotes":"","jetpack_publicize_message":"","jetpack_publicize_feature_enabled":true,"jetpack_social_post_already_shared":true,"jetpack_social_options":{"image_generator_settings":{"template":"highway","default_image_id":0,"font":"","enabled":false},"version":2}},"categories":[15],"tags":[],"class_list":["post-1408","post","type-post","status-publish","format-standard","has-post-thumbnail","hentry","category-internacional"],"jetpack_publicize_connections":[],"jetpack_featured_media_url":"https:\/\/i0.wp.com\/oexpressobr.com.br\/wp-content\/uploads\/2026\/01\/IMG-20260105-WA0092.jpg?fit=1600%2C1066&ssl=1","jetpack_likes_enabled":true,"jetpack_sharing_enabled":true,"_links":{"self":[{"href":"https:\/\/oexpressobr.com.br\/index.php?rest_route=\/wp\/v2\/posts\/1408","targetHints":{"allow":["GET"]}}],"collection":[{"href":"https:\/\/oexpressobr.com.br\/index.php?rest_route=\/wp\/v2\/posts"}],"about":[{"href":"https:\/\/oexpressobr.com.br\/index.php?rest_route=\/wp\/v2\/types\/post"}],"author":[{"embeddable":true,"href":"https:\/\/oexpressobr.com.br\/index.php?rest_route=\/wp\/v2\/users\/1"}],"replies":[{"embeddable":true,"href":"https:\/\/oexpressobr.com.br\/index.php?rest_route=%2Fwp%2Fv2%2Fcomments&post=1408"}],"version-history":[{"count":1,"href":"https:\/\/oexpressobr.com.br\/index.php?rest_route=\/wp\/v2\/posts\/1408\/revisions"}],"predecessor-version":[{"id":1410,"href":"https:\/\/oexpressobr.com.br\/index.php?rest_route=\/wp\/v2\/posts\/1408\/revisions\/1410"}],"wp:featuredmedia":[{"embeddable":true,"href":"https:\/\/oexpressobr.com.br\/index.php?rest_route=\/wp\/v2\/media\/1409"}],"wp:attachment":[{"href":"https:\/\/oexpressobr.com.br\/index.php?rest_route=%2Fwp%2Fv2%2Fmedia&parent=1408"}],"wp:term":[{"taxonomy":"category","embeddable":true,"href":"https:\/\/oexpressobr.com.br\/index.php?rest_route=%2Fwp%2Fv2%2Fcategories&post=1408"},{"taxonomy":"post_tag","embeddable":true,"href":"https:\/\/oexpressobr.com.br\/index.php?rest_route=%2Fwp%2Fv2%2Ftags&post=1408"}],"curies":[{"name":"wp","href":"https:\/\/api.w.org\/{rel}","templated":true}]}}