{"id":1419,"date":"2026-01-05T04:58:06","date_gmt":"2026-01-05T07:58:06","guid":{"rendered":"https:\/\/oexpressobr.com.br\/?p=1419"},"modified":"2026-01-05T04:58:07","modified_gmt":"2026-01-05T07:58:07","slug":"fachin-prorroga-regras-de-distribuicao-do-fundo-para-estados-para-evitar-colapso-financeiro","status":"publish","type":"post","link":"https:\/\/oexpressobr.com.br\/?p=1419","title":{"rendered":"Fachin prorroga regras de distribui\u00e7\u00e3o do fundo para estados para evitar colapso financeiro"},"content":{"rendered":"\n<p class=\"wp-block-paragraph\">O presidente do <strong>Supremo Tribunal Federal (STF)<\/strong>, ministro <strong>Edson Fachin<\/strong>, prorrogou a validade das regras atuais de distribui\u00e7\u00e3o do <strong>Fundo de Participa\u00e7\u00e3o dos Estados (FPE)<\/strong> at\u00e9 o dia <strong>1\u00ba de mar\u00e7o de 2026<\/strong>. A decis\u00e3o liminar, proferida no in\u00edcio deste m\u00eas de janeiro, atende a um pedido de urg\u00eancia feito pelo estado de <strong>Alagoas<\/strong>, pela <strong>Uni\u00e3o<\/strong> e pelo <strong>Col\u00e9gio Nacional dos Procuradores-Gerais dos Estados e do Distrito Federal<\/strong>.<\/p>\n\n\n\n<p class=\"wp-block-paragraph\">\u200bA medida visa evitar um &#8220;v\u00e1cuo jur\u00eddico&#8221; que poderia paralisar o repasse de recursos essenciais para as unidades da federa\u00e7\u00e3o. Entenda os pontos centrais da decis\u00e3o e o que est\u00e1 em jogo:<\/p>\n\n\n\n<h3 class=\"wp-block-heading\">\u200bPor que o STF precisou intervir?<\/h3>\n\n\n\n<p class=\"wp-block-paragraph\">\u200bO impasse decorre de uma decis\u00e3o anterior da Corte, que havia declarado inconstitucionais os crit\u00e9rios de rateio estabelecidos pela <strong>Lei Complementar 143\/2013<\/strong>.<\/p>\n\n\n\n<ul class=\"wp-block-list\">\n<li>\u200b<strong>A Falha:<\/strong> O STF entendeu que a lei mantinha, de forma disfar\u00e7ada, coeficientes fixos defasados que n\u00e3o refletiam a realidade demogr\u00e1fica e a renda per capita atual dos estados.<\/li>\n\n\n\n<li>\u200b<strong>O Prazo:<\/strong> Na ocasi\u00e3o, o tribunal deu ao <strong>Congresso Nacional<\/strong> um prazo at\u00e9 31 de dezembro de 2025 para aprovar uma nova legisla\u00e7\u00e3o.<\/li>\n\n\n\n<li>\u200b<strong>A In\u00e9rcia:<\/strong> Como os parlamentares n\u00e3o votaram uma nova regra at\u00e9 o fim do ano passado, os estados ficaram sem uma base legal v\u00e1lida para receber os repasses a partir de 1\u00ba de janeiro de 2026.<\/li>\n<\/ul>\n\n\n\n<h3 class=\"wp-block-heading\">\u200bOs Riscos da Inseguran\u00e7a Jur\u00eddica<\/h3>\n\n\n\n<p class=\"wp-block-paragraph\">\u200bEm sua decis\u00e3o, o ministro Fachin destacou que a aus\u00eancia de crit\u00e9rios definidos geraria uma &#8220;preocupante incerteza&#8221; sobre os valores a serem recebidos. Sem a prorroga\u00e7\u00e3o, a Uni\u00e3o estaria legalmente impedida de efetuar os dep\u00f3sitos, o que comprometeria o pagamento de servidores e a continuidade de pol\u00edticas p\u00fablicas estaduais.<\/p>\n\n\n\n<blockquote class=\"wp-block-quote is-layout-flow wp-block-quote-is-layout-flow\">\n<p class=\"wp-block-paragraph\">\u200b&#8221;A persist\u00eancia desta situa\u00e7\u00e3o pode ensejar grave inseguran\u00e7a jur\u00eddica e dano \u00e0s finan\u00e7as p\u00fablicas&#8221;, afirmou o ministro ao justificar a manuten\u00e7\u00e3o tempor\u00e1ria de regras j\u00e1 consideradas inconstitucionais.<\/p>\n<\/blockquote>\n\n\n\n<h3 class=\"wp-block-heading\">\u200bPr\u00f3ximos Passos<\/h3>\n\n\n\n<p class=\"wp-block-paragraph\">\u200bA decis\u00e3o de Fachin agora segue para o <strong>Plen\u00e1rio Virtual<\/strong> do STF, onde os demais ministros dever\u00e3o referendar (confirmar) ou n\u00e3o a liminar. Enquanto isso, o Congresso Nacional volta a ser pressionado para definir novos crit\u00e9rios que busquem a redu\u00e7\u00e3o das desigualdades regionais, conforme exige a Constitui\u00e7\u00e3o.<\/p>\n","protected":false},"excerpt":{"rendered":"<p>O presidente do Supremo Tribunal Federal (STF), ministro Edson Fachin, prorrogou a validade das regras atuais de distribui\u00e7\u00e3o do Fundo de Participa\u00e7\u00e3o dos Estados (FPE) [&#8230;]<\/p>\n","protected":false},"author":1,"featured_media":1420,"comment_status":"open","ping_status":"open","sticky":false,"template":"","format":"standard","meta":{"_crdt_document":"","_jetpack_memberships_contains_paid_content":false,"footnotes":"","jetpack_publicize_message":"","jetpack_publicize_feature_enabled":true,"jetpack_social_post_already_shared":true,"jetpack_social_options":{"image_generator_settings":{"template":"highway","default_image_id":0,"font":"","enabled":false},"version":2}},"categories":[8],"tags":[],"class_list":["post-1419","post","type-post","status-publish","format-standard","has-post-thumbnail","hentry","category-judiciario"],"jetpack_publicize_connections":[],"jetpack_featured_media_url":"https:\/\/i0.wp.com\/oexpressobr.com.br\/wp-content\/uploads\/2026\/01\/edson-fachin-STF.jpg?fit=414%2C280&ssl=1","jetpack_likes_enabled":true,"jetpack_sharing_enabled":true,"_links":{"self":[{"href":"https:\/\/oexpressobr.com.br\/index.php?rest_route=\/wp\/v2\/posts\/1419","targetHints":{"allow":["GET"]}}],"collection":[{"href":"https:\/\/oexpressobr.com.br\/index.php?rest_route=\/wp\/v2\/posts"}],"about":[{"href":"https:\/\/oexpressobr.com.br\/index.php?rest_route=\/wp\/v2\/types\/post"}],"author":[{"embeddable":true,"href":"https:\/\/oexpressobr.com.br\/index.php?rest_route=\/wp\/v2\/users\/1"}],"replies":[{"embeddable":true,"href":"https:\/\/oexpressobr.com.br\/index.php?rest_route=%2Fwp%2Fv2%2Fcomments&post=1419"}],"version-history":[{"count":1,"href":"https:\/\/oexpressobr.com.br\/index.php?rest_route=\/wp\/v2\/posts\/1419\/revisions"}],"predecessor-version":[{"id":1421,"href":"https:\/\/oexpressobr.com.br\/index.php?rest_route=\/wp\/v2\/posts\/1419\/revisions\/1421"}],"wp:featuredmedia":[{"embeddable":true,"href":"https:\/\/oexpressobr.com.br\/index.php?rest_route=\/wp\/v2\/media\/1420"}],"wp:attachment":[{"href":"https:\/\/oexpressobr.com.br\/index.php?rest_route=%2Fwp%2Fv2%2Fmedia&parent=1419"}],"wp:term":[{"taxonomy":"category","embeddable":true,"href":"https:\/\/oexpressobr.com.br\/index.php?rest_route=%2Fwp%2Fv2%2Fcategories&post=1419"},{"taxonomy":"post_tag","embeddable":true,"href":"https:\/\/oexpressobr.com.br\/index.php?rest_route=%2Fwp%2Fv2%2Ftags&post=1419"}],"curies":[{"name":"wp","href":"https:\/\/api.w.org\/{rel}","templated":true}]}}