{"id":143,"date":"2025-12-01T08:47:32","date_gmt":"2025-12-01T11:47:32","guid":{"rendered":"https:\/\/oexpressobr.com.br\/?p=143"},"modified":"2025-12-01T08:47:32","modified_gmt":"2025-12-01T11:47:32","slug":"eles-pegaram-meu-bebe-de-mim-duas-horas-depois-dele-nascer-a-dor-da-mae-adolescente-e-o-debate-sobre-a-retirada-imediata-de-criancas-no-reino-unido","status":"publish","type":"post","link":"https:\/\/oexpressobr.com.br\/?p=143","title":{"rendered":"&#8220;Eles pegaram meu beb\u00ea de mim duas horas depois dele nascer&#8221;: a dor da m\u00e3e adolescente e o debate sobre a retirada imediata de crian\u00e7as no Reino Unido"},"content":{"rendered":"\n<p class=\"wp-block-paragraph\">A hist\u00f3ria chocante de uma <strong>m\u00e3e de 16 anos, identificada apenas como A.S. (o artigo original da BBC n\u00e3o revela nomes completos, sendo respeitada essa confidencialidade)<\/strong>, que teve seu beb\u00ea retirado duas horas ap\u00f3s o nascimento, conforme narrado na reportagem da BBC, reacendeu o debate sobre os limites da interven\u00e7\u00e3o estatal e a prote\u00e7\u00e3o de crian\u00e7as no Reino Unido. Embora a mat\u00e9ria original se concentre no drama pessoal de A.S. e na decis\u00e3o da justi\u00e7a inglesa, o caso se soma a discuss\u00f5es globais sobre os direitos de jovens m\u00e3es e o sistema de assist\u00eancia social.<\/p>\n\n\n\n<p class=\"wp-block-paragraph\">\u200bA.S., que vivia em um lar problem\u00e1tico e com um hist\u00f3rico de abuso parental, viu seu filho ser levado pelos Servi\u00e7os Sociais apenas 120 minutos ap\u00f3s o parto, em uma decis\u00e3o extrema baseada na avalia\u00e7\u00e3o de risco sobre sua capacidade parental. A jovem lutou intensamente na justi\u00e7a para reverter a decis\u00e3o, mas teve seu recurso final negado, resultando na ado\u00e7\u00e3o do beb\u00ea. Sua declara\u00e7\u00e3o, &#8220;Eles pegaram meu beb\u00ea de mim duas horas depois dele nascer&#8221;, resume a dor e o sentimento de impot\u00eancia diante do sistema.<\/p>\n\n\n\n<h3 class=\"wp-block-heading\">\u200b\ud83d\udd0e O Contexto da Decis\u00e3o Judicial<\/h3>\n\n\n\n<p class=\"wp-block-paragraph\">\u200bNo sistema de prote\u00e7\u00e3o \u00e0 crian\u00e7a do Reino Unido, a prioridade m\u00e1xima \u00e9 o <strong>bem-estar da crian\u00e7a<\/strong>. O Tribunal de Fam\u00edlia, ao analisar casos de remo\u00e7\u00e3o, considera a capacidade dos pais de oferecerem um ambiente seguro e est\u00e1vel. No caso de A.S., o hist\u00f3rico de neglig\u00eancia e abuso que ela pr\u00f3pria sofreu, somado \u00e0 sua juventude e imaturidade, levou os assistentes sociais e o juiz a conclu\u00edrem que o risco de dano significativo ao rec\u00e9m-nascido, caso permanecesse sob seus cuidados, era muito alto.<\/p>\n\n\n\n<p class=\"wp-block-paragraph\">\u200bO processo de ado\u00e7\u00e3o imediata, conhecido como <strong>&#8220;fast-track adoption&#8221;<\/strong> em casos de alto risco, \u00e9 um dos mais controversos do pa\u00eds. Ele visa evitar o trauma da crian\u00e7a em ser transferida entre fam\u00edlias acolhedoras enquanto os pais biol\u00f3gicos tentam cumprir longas listas de exig\u00eancias do servi\u00e7o social, muitas vezes sem sucesso. Cr\u00edticos, por\u00e9m, argumentam que esse procedimento \u00e9 apressado e n\u00e3o oferece tempo suficiente para que pais, especialmente jovens ou com dificuldades de aprendizado, demonstrem sua capacidade de mudan\u00e7a.<\/p>\n\n\n\n<h3 class=\"wp-block-heading\">\u200b\ud83c\udde7\ud83c\uddf7 Casos no Brasil: A Complexidade da Ado\u00e7\u00e3o e o ECA<\/h3>\n\n\n\n<p class=\"wp-block-paragraph\">\u200bEmbora a legisla\u00e7\u00e3o e o contexto cultural sejam diferentes, o Brasil tamb\u00e9m enfrenta dilemas similares. O <strong>Estatuto da Crian\u00e7a e do Adolescente (ECA)<\/strong>, em seu Artigo 19-A, estabelece que a gestante ou m\u00e3e que manifeste interesse em entregar seu filho para ado\u00e7\u00e3o tem o direito a sigilo e apoio psicossocial, visando a prote\u00e7\u00e3o da crian\u00e7a e da genitora.<\/p>\n\n\n\n<p class=\"wp-block-paragraph\">\u200bNo entanto, a retirada coercitiva de um beb\u00ea logo ap\u00f3s o parto, como no caso brit\u00e2nico, \u00e9 um procedimento menos comum e mais rigoroso no Brasil. Geralmente, a interven\u00e7\u00e3o ocorre ap\u00f3s esgotados os recursos de apoio \u00e0 fam\u00edlia biol\u00f3gica (programas de sa\u00fade, assist\u00eancia social, acompanhamento do Conselho Tutelar) e apenas em situa\u00e7\u00f5es de <strong>risco grave e iminente<\/strong>, como comprovada neglig\u00eancia, abuso ou v\u00edcio em subst\u00e2ncias que ponham a vida do beb\u00ea em risco. O processo de destitui\u00e7\u00e3o do poder familiar, que precede a ado\u00e7\u00e3o, deve ser judicial e garantir amplo direito de defesa aos pais, sendo priorizada a manuten\u00e7\u00e3o da crian\u00e7a em sua fam\u00edlia de origem ou extensa, se poss\u00edvel.<\/p>\n\n\n\n<p class=\"wp-block-paragraph\">\u200bA como\u00e7\u00e3o gerada pelo caso de A.S. serve como um alerta global para a necessidade de sistemas de prote\u00e7\u00e3o infantil que sejam, ao mesmo tempo, protetores e humanos. \u00c9 fundamental que, em vez de apenas retirar, os sistemas ofere\u00e7am apoio robusto e oportuno a jovens m\u00e3es e pais em situa\u00e7\u00e3o de vulnerabilidade, para que a separa\u00e7\u00e3o seja, de fato, o \u00faltimo recurso.<\/p>\n","protected":false},"excerpt":{"rendered":"<p>A hist\u00f3ria chocante de uma m\u00e3e de 16 anos, identificada apenas como A.S. (o artigo original da BBC n\u00e3o revela nomes completos, sendo respeitada essa [&#8230;]<\/p>\n","protected":false},"author":1,"featured_media":144,"comment_status":"open","ping_status":"open","sticky":false,"template":"","format":"standard","meta":{"_crdt_document":"","_jetpack_memberships_contains_paid_content":false,"footnotes":"","jetpack_publicize_message":"","jetpack_publicize_feature_enabled":true,"jetpack_social_post_already_shared":false,"jetpack_social_options":{"image_generator_settings":{"template":"highway","default_image_id":0,"font":"","enabled":false},"version":2}},"categories":[15],"tags":[],"class_list":["post-143","post","type-post","status-publish","format-standard","has-post-thumbnail","hentry","category-internacional"],"jetpack_publicize_connections":[],"jetpack_featured_media_url":"https:\/\/i0.wp.com\/oexpressobr.com.br\/wp-content\/uploads\/2025\/12\/22404380-c55e-11f0-88c6-23e769b55dc3.jpg.webp?fit=800%2C450&ssl=1","jetpack_likes_enabled":true,"jetpack_sharing_enabled":true,"_links":{"self":[{"href":"https:\/\/oexpressobr.com.br\/index.php?rest_route=\/wp\/v2\/posts\/143","targetHints":{"allow":["GET"]}}],"collection":[{"href":"https:\/\/oexpressobr.com.br\/index.php?rest_route=\/wp\/v2\/posts"}],"about":[{"href":"https:\/\/oexpressobr.com.br\/index.php?rest_route=\/wp\/v2\/types\/post"}],"author":[{"embeddable":true,"href":"https:\/\/oexpressobr.com.br\/index.php?rest_route=\/wp\/v2\/users\/1"}],"replies":[{"embeddable":true,"href":"https:\/\/oexpressobr.com.br\/index.php?rest_route=%2Fwp%2Fv2%2Fcomments&post=143"}],"version-history":[{"count":0,"href":"https:\/\/oexpressobr.com.br\/index.php?rest_route=\/wp\/v2\/posts\/143\/revisions"}],"wp:featuredmedia":[{"embeddable":true,"href":"https:\/\/oexpressobr.com.br\/index.php?rest_route=\/wp\/v2\/media\/144"}],"wp:attachment":[{"href":"https:\/\/oexpressobr.com.br\/index.php?rest_route=%2Fwp%2Fv2%2Fmedia&parent=143"}],"wp:term":[{"taxonomy":"category","embeddable":true,"href":"https:\/\/oexpressobr.com.br\/index.php?rest_route=%2Fwp%2Fv2%2Fcategories&post=143"},{"taxonomy":"post_tag","embeddable":true,"href":"https:\/\/oexpressobr.com.br\/index.php?rest_route=%2Fwp%2Fv2%2Ftags&post=143"}],"curies":[{"name":"wp","href":"https:\/\/api.w.org\/{rel}","templated":true}]}}