{"id":1431,"date":"2026-01-05T11:28:07","date_gmt":"2026-01-05T14:28:07","guid":{"rendered":"https:\/\/oexpressobr.com.br\/?p=1431"},"modified":"2026-01-05T11:28:12","modified_gmt":"2026-01-05T14:28:12","slug":"ratinho-junior-defende-intervencao-na-venezuela-e-recebe-enxurrada-de-criticas-por-falta-de-agua-no-parana","status":"publish","type":"post","link":"https:\/\/oexpressobr.com.br\/?p=1431","title":{"rendered":"Ratinho Junior defende interven\u00e7\u00e3o na Venezuela e recebe enxurrada de cr\u00edticas por falta de \u00e1gua no Paran\u00e1"},"content":{"rendered":"\n<p class=\"wp-block-paragraph\">\u200bO governador do Paran\u00e1, Ratinho Junior (PSD), viu um aceno diplom\u00e1tico \u00e0 direita se transformar em uma crise de imagem nas redes sociais. Ap\u00f3s publicar uma nota de apoio a uma poss\u00edvel interven\u00e7\u00e3o estrangeira na Venezuela e elogiar o ex-presidente americano Donald Trump, o governador passou a ser cobrado por problemas dom\u00e9sticos, especialmente a <strong>crise no abastecimento de \u00e1gua pela Sanepar<\/strong> e cr\u00edticas \u00e0 sua postura democr\u00e1tica.<\/p>\n\n\n\n<h3 class=\"wp-block-heading\">\u200bO Apoio \u00e0 Interven\u00e7\u00e3o e a Rea\u00e7\u00e3o Pol\u00edtica<\/h3>\n\n\n\n<p class=\"wp-block-paragraph\">\u200bA declara\u00e7\u00e3o de Ratinho Junior foi direta: o governador parabenizou Donald Trump pelo que chamou de &#8220;brilhante decis\u00e3o de libertar o povo da Venezuela&#8221;. Segundo o paranaense, a a\u00e7\u00e3o seria necess\u00e1ria para encerrar d\u00e9cadas de opress\u00e3o por &#8220;tiranos antidemocr\u00e1ticos&#8221;.<\/p>\n\n\n\n<p class=\"wp-block-paragraph\">\u200bA fala, no entanto, gerou rea\u00e7\u00e3o imediata da oposi\u00e7\u00e3o e de militantes nas redes sociais. O internauta Rafael Lulista foi um dos que subiram o tom, classificando o governador como uma &#8220;ratazana&#8221; e comparando suas inten\u00e7\u00f5es \u00e0s do ex-presidente Jair Bolsonaro.<\/p>\n\n\n\n<blockquote class=\"wp-block-quote is-layout-flow wp-block-quote-is-layout-flow\">\n<p class=\"wp-block-paragraph\">\u200b&#8221;Ratinho n\u00e3o defende &#8216;liberdade&#8217; nenhuma, defende o roubo do petr\u00f3leo venezuelano travestido de discurso democr\u00e1tico&#8221;, afirmou o cr\u00edtico, acusando o governador de seguir a cartilha do imperialismo.<\/p>\n<\/blockquote>\n\n\n\n<h3 class=\"wp-block-heading\">\u200b&#8221;Nem para s\u00edndico&#8221;: Crise na Sanepar domina os coment\u00e1rios<\/h3>\n\n\n\n<p class=\"wp-block-paragraph\">\u200bApesar da gravidade do tema internacional, o que mais pesou nas respostas ao governador foi o cotidiano dos paranaenses. Moradores de diversas regi\u00f5es, especialmente do litoral e da Regi\u00e3o Metropolitana de Curitiba, utilizaram a publica\u00e7\u00e3o para protestar contra a <strong>Sanepar<\/strong>.<\/p>\n\n\n\n<p class=\"wp-block-paragraph\">\u200bA usu\u00e1ria Mari Moura relatou o descaso no litoral do estado:<\/p>\n\n\n\n<ul class=\"wp-block-list\">\n<li>\u200b<strong>Queixa:<\/strong> Falta de \u00e1gua desde o per\u00edodo do Natal.<\/li>\n\n\n\n<li>\u200b<strong>Impacto Pol\u00edtico:<\/strong> &#8220;Esse governador n\u00e3o ganha meu voto nem para s\u00edndico de pr\u00e9dio&#8221;, desabafou.<\/li>\n<\/ul>\n\n\n\n<p class=\"wp-block-paragraph\">\u200bMaria Cosmo tamb\u00e9m refor\u00e7ou o coro das cr\u00edticas, questionando a moralidade do governador ao apoiar invas\u00f5es estrangeiras enquanto, segundo ela, ignoraria os problemas de infraestrutura b\u00e1sica e a proximidade com grupos que flertaram com o golpismo no Brasil.<\/p>\n\n\n\n<h3 class=\"wp-block-heading\">\u200bContexto: As &#8220;novidades&#8221; e o cen\u00e1rio pol\u00edtico<\/h3>\n\n\n\n<p class=\"wp-block-paragraph\">\u200bAtualmente, o Paran\u00e1 vive um momento de tens\u00e3o institucional envolvendo a privatiza\u00e7\u00e3o de ativos p\u00fablicos e a gest\u00e3o de empresas de economia mista como a Sanepar e a Copel.<\/p>\n\n\n\n<ul class=\"wp-block-list\">\n<li>\u200b<strong>Sanepar em foco:<\/strong> A empresa tem enfrentado desafios operacionais e cr\u00edticas quanto ao reajuste de tarifas frente \u00e0 qualidade do servi\u00e7o prestado em per\u00edodos de pico tur\u00edstico.<\/li>\n\n\n\n<li>\u200b<strong>Proje\u00e7\u00e3o Nacional:<\/strong> Ratinho Junior \u00e9 frequentemente citado como um dos nomes da direita para a sucess\u00e3o presidencial, o que explica sua movimenta\u00e7\u00e3o em temas de pol\u00edtica externa para consolidar o apoio do eleitorado conservador e alinhado ao &#8220;trumpismo&#8221;.<\/li>\n<\/ul>\n\n\n\n<p class=\"wp-block-paragraph\">\u200bA estrat\u00e9gia de &#8220;nacionalizar&#8221; o discurso parece, por ora, ter esbarrado nos problemas locais, evidenciando que o eleitor est\u00e1 mais preocupado com a torneira seca do que com as fronteiras de Caracas.<\/p>\n","protected":false},"excerpt":{"rendered":"<p>\u200bO governador do Paran\u00e1, Ratinho Junior (PSD), viu um aceno diplom\u00e1tico \u00e0 direita se transformar em uma crise de imagem nas redes sociais. Ap\u00f3s publicar [&#8230;]<\/p>\n","protected":false},"author":1,"featured_media":1432,"comment_status":"open","ping_status":"open","sticky":false,"template":"","format":"standard","meta":{"_crdt_document":"","_jetpack_memberships_contains_paid_content":false,"footnotes":"","jetpack_publicize_message":"","jetpack_publicize_feature_enabled":true,"jetpack_social_post_already_shared":true,"jetpack_social_options":{"image_generator_settings":{"template":"highway","default_image_id":0,"font":"","enabled":false},"version":2}},"categories":[5],"tags":[],"class_list":["post-1431","post","type-post","status-publish","format-standard","has-post-thumbnail","hentry","category-parana"],"jetpack_publicize_connections":[],"jetpack_featured_media_url":"https:\/\/i0.wp.com\/oexpressobr.com.br\/wp-content\/uploads\/2026\/01\/images19.jpg?fit=495%2C619&ssl=1","jetpack_likes_enabled":true,"jetpack_sharing_enabled":true,"_links":{"self":[{"href":"https:\/\/oexpressobr.com.br\/index.php?rest_route=\/wp\/v2\/posts\/1431","targetHints":{"allow":["GET"]}}],"collection":[{"href":"https:\/\/oexpressobr.com.br\/index.php?rest_route=\/wp\/v2\/posts"}],"about":[{"href":"https:\/\/oexpressobr.com.br\/index.php?rest_route=\/wp\/v2\/types\/post"}],"author":[{"embeddable":true,"href":"https:\/\/oexpressobr.com.br\/index.php?rest_route=\/wp\/v2\/users\/1"}],"replies":[{"embeddable":true,"href":"https:\/\/oexpressobr.com.br\/index.php?rest_route=%2Fwp%2Fv2%2Fcomments&post=1431"}],"version-history":[{"count":1,"href":"https:\/\/oexpressobr.com.br\/index.php?rest_route=\/wp\/v2\/posts\/1431\/revisions"}],"predecessor-version":[{"id":1433,"href":"https:\/\/oexpressobr.com.br\/index.php?rest_route=\/wp\/v2\/posts\/1431\/revisions\/1433"}],"wp:featuredmedia":[{"embeddable":true,"href":"https:\/\/oexpressobr.com.br\/index.php?rest_route=\/wp\/v2\/media\/1432"}],"wp:attachment":[{"href":"https:\/\/oexpressobr.com.br\/index.php?rest_route=%2Fwp%2Fv2%2Fmedia&parent=1431"}],"wp:term":[{"taxonomy":"category","embeddable":true,"href":"https:\/\/oexpressobr.com.br\/index.php?rest_route=%2Fwp%2Fv2%2Fcategories&post=1431"},{"taxonomy":"post_tag","embeddable":true,"href":"https:\/\/oexpressobr.com.br\/index.php?rest_route=%2Fwp%2Fv2%2Ftags&post=1431"}],"curies":[{"name":"wp","href":"https:\/\/api.w.org\/{rel}","templated":true}]}}