{"id":1435,"date":"2026-01-05T11:37:53","date_gmt":"2026-01-05T14:37:53","guid":{"rendered":"https:\/\/oexpressobr.com.br\/?p=1435"},"modified":"2026-01-05T11:37:55","modified_gmt":"2026-01-05T14:37:55","slug":"crise-no-hrl-falta-de-especialistas-no-unico-hospital-regional-que-atende-o-litoral-do-parana-mobiliza-ministerio-publico","status":"publish","type":"post","link":"https:\/\/oexpressobr.com.br\/?p=1435","title":{"rendered":"Crise no HRL: Falta de especialistas no \u00fanico hospital regional que atende o litoral do Paran\u00e1 mobiliza Minist\u00e9rio P\u00fablico"},"content":{"rendered":"\n<p class=\"wp-block-paragraph\">O Hospital Regional do Litoral (HRL), unidade estrat\u00e9gica e \u00fanica refer\u00eancia de urg\u00eancia e emerg\u00eancia para os sete munic\u00edpios da regi\u00e3o, enfrenta uma crise cr\u00edtica em seu corpo cl\u00ednico. Relatos recentes apontam a <strong>aus\u00eancia de m\u00e9dicos especialistas<\/strong> em \u00e1reas vitais, gerando um cen\u00e1rio de inseguran\u00e7a assistencial que coloca em risco direto a vida de milhares de paranaenses.<\/p>\n\n\n\n<p class=\"wp-block-paragraph\">\u200bA situa\u00e7\u00e3o chegou a um ponto de ruptura, levando a comunidade e lideran\u00e7as locais a clamarem por uma interven\u00e7\u00e3o imediata do <strong>Minist\u00e9rio P\u00fablico (MPPR)<\/strong>. O objetivo \u00e9 compelir o Estado e a funda\u00e7\u00e3o gestora a normalizarem o atendimento e garantirem a escala completa de profissionais.<\/p>\n\n\n\n<h3 class=\"wp-block-heading\">\u200bO gargalo da sa\u00fade regional<\/h3>\n\n\n\n<p class=\"wp-block-paragraph\">\u200bO HRL \u00e9 o &#8220;cora\u00e7\u00e3o&#8221; da sa\u00fade no litoral. Quando um especialista falta nessa unidade, o impacto \u00e9 cascata:<\/p>\n\n\n\n<ul class=\"wp-block-list\">\n<li>\u200b<strong>Superlota\u00e7\u00e3o de UPAs:<\/strong> Sem o suporte do hospital, as Unidades de Pronto Atendimento locais n\u00e3o conseguem transferir pacientes graves.<\/li>\n\n\n\n<li>\u200b<strong>Risco de \u00d3bito:<\/strong> Casos de alta complexidade que dependem de interven\u00e7\u00e3o especializada imediata ficam em &#8220;espera compuls\u00f3ria&#8221;.<\/li>\n\n\n\n<li>\u200b<strong>Deslocamentos de Risco:<\/strong> Pacientes muitas vezes precisam ser transferidos para Curitiba ou Regi\u00e3o Metropolitana, enfrentando horas de ambul\u00e2ncia em quadros inst\u00e1veis.<\/li>\n<\/ul>\n\n\n\n<h3 class=\"wp-block-heading\">\u200bO papel do Minist\u00e9rio P\u00fablico<\/h3>\n\n\n\n<p class=\"wp-block-paragraph\">\u200bDiante da gravidade, o Minist\u00e9rio P\u00fablico tem sido provocado a atuar como garantidor do direito constitucional \u00e0 sa\u00fade. A expectativa \u00e9 que o \u00f3rg\u00e3o:<\/p>\n\n\n\n<ol class=\"wp-block-list\">\n<li>\u200bExecute uma <strong>fiscaliza\u00e7\u00e3o rigorosa<\/strong> das escalas m\u00e9dicas.<\/li>\n\n\n\n<li>\u200bAplique san\u00e7\u00f5es em caso de descumprimento de metas contratuais pela gest\u00e3o.<\/li>\n\n\n\n<li>\u200bExija um plano de conting\u00eancia para que nenhum cidad\u00e3o fique sem o suporte de especialistas.<\/li>\n<\/ol>\n\n\n\n<h3 class=\"wp-block-heading\">\u200bAtualiza\u00e7\u00f5es e contexto<\/h3>\n\n\n\n<p class=\"wp-block-paragraph\">\u200bInvestiga\u00e7\u00f5es e auditorias anteriores em hospitais regionais j\u00e1 apontaram que a dificuldade de fixa\u00e7\u00e3o de m\u00e9dicos no litoral, somada a quest\u00f5es de atrasos em repasses ou modelos de contrata\u00e7\u00e3o prec\u00e1rios, s\u00e3o as causas ra\u00edzes do problema. No entanto, para quem aguarda atendimento no corredor do hospital, a burocracia n\u00e3o justifica a aus\u00eancia do m\u00e9dico.<\/p>\n\n\n\n<blockquote class=\"wp-block-quote is-layout-flow wp-block-quote-is-layout-flow\">\n<p class=\"wp-block-paragraph\">\u200b&#8221;N\u00e3o podemos aceitar que o \u00fanico hospital da regi\u00e3o opere como um posto de sa\u00fade avan\u00e7ado. Sem especialista, o hospital \u00e9 apenas um pr\u00e9dio com leitos&#8221;, afirma um dos manifestantes em redes sociais.<\/p>\n<\/blockquote>\n","protected":false},"excerpt":{"rendered":"<p>O Hospital Regional do Litoral (HRL), unidade estrat\u00e9gica e \u00fanica refer\u00eancia de urg\u00eancia e emerg\u00eancia para os sete munic\u00edpios da regi\u00e3o, enfrenta uma crise cr\u00edtica [&#8230;]<\/p>\n","protected":false},"author":1,"featured_media":1436,"comment_status":"open","ping_status":"open","sticky":false,"template":"","format":"standard","meta":{"_crdt_document":"","_jetpack_memberships_contains_paid_content":false,"footnotes":"","jetpack_publicize_message":"","jetpack_publicize_feature_enabled":true,"jetpack_social_post_already_shared":true,"jetpack_social_options":{"image_generator_settings":{"template":"highway","default_image_id":0,"font":"","enabled":false},"version":2}},"categories":[5],"tags":[],"class_list":["post-1435","post","type-post","status-publish","format-standard","has-post-thumbnail","hentry","category-parana"],"jetpack_publicize_connections":[],"jetpack_featured_media_url":"https:\/\/i0.wp.com\/oexpressobr.com.br\/wp-content\/uploads\/2026\/01\/FB_IMG_1767623526048.jpg?fit=1079%2C606&ssl=1","jetpack_likes_enabled":true,"jetpack_sharing_enabled":true,"_links":{"self":[{"href":"https:\/\/oexpressobr.com.br\/index.php?rest_route=\/wp\/v2\/posts\/1435","targetHints":{"allow":["GET"]}}],"collection":[{"href":"https:\/\/oexpressobr.com.br\/index.php?rest_route=\/wp\/v2\/posts"}],"about":[{"href":"https:\/\/oexpressobr.com.br\/index.php?rest_route=\/wp\/v2\/types\/post"}],"author":[{"embeddable":true,"href":"https:\/\/oexpressobr.com.br\/index.php?rest_route=\/wp\/v2\/users\/1"}],"replies":[{"embeddable":true,"href":"https:\/\/oexpressobr.com.br\/index.php?rest_route=%2Fwp%2Fv2%2Fcomments&post=1435"}],"version-history":[{"count":1,"href":"https:\/\/oexpressobr.com.br\/index.php?rest_route=\/wp\/v2\/posts\/1435\/revisions"}],"predecessor-version":[{"id":1437,"href":"https:\/\/oexpressobr.com.br\/index.php?rest_route=\/wp\/v2\/posts\/1435\/revisions\/1437"}],"wp:featuredmedia":[{"embeddable":true,"href":"https:\/\/oexpressobr.com.br\/index.php?rest_route=\/wp\/v2\/media\/1436"}],"wp:attachment":[{"href":"https:\/\/oexpressobr.com.br\/index.php?rest_route=%2Fwp%2Fv2%2Fmedia&parent=1435"}],"wp:term":[{"taxonomy":"category","embeddable":true,"href":"https:\/\/oexpressobr.com.br\/index.php?rest_route=%2Fwp%2Fv2%2Fcategories&post=1435"},{"taxonomy":"post_tag","embeddable":true,"href":"https:\/\/oexpressobr.com.br\/index.php?rest_route=%2Fwp%2Fv2%2Ftags&post=1435"}],"curies":[{"name":"wp","href":"https:\/\/api.w.org\/{rel}","templated":true}]}}