{"id":1438,"date":"2026-01-05T11:42:56","date_gmt":"2026-01-05T14:42:56","guid":{"rendered":"https:\/\/oexpressobr.com.br\/?p=1438"},"modified":"2026-01-05T11:42:57","modified_gmt":"2026-01-05T14:42:57","slug":"eleicoes-2026-tse-oficializa-obrigatoriedade-de-registro-para-pesquisas-de-intencao-de-voto","status":"publish","type":"post","link":"https:\/\/oexpressobr.com.br\/?p=1438","title":{"rendered":"ELEI\u00c7\u00d5ES 2026: TSE oficializa obrigatoriedade de registro para pesquisas de inten\u00e7\u00e3o de voto"},"content":{"rendered":"\n<p class=\"wp-block-paragraph\">Com a virada do ano, o calend\u00e1rio para o pleito de 2026 entrou em uma fase decisiva. Desde a \u00faltima quinta-feira, 1\u00ba de janeiro, entidades e empresas que realizarem pesquisas de opini\u00e3o p\u00fablica sobre as elei\u00e7\u00f5es de 2026 est\u00e3o obrigadas a registrar os levantamentos no Tribunal Superior Eleitoral (TSE). A medida \u00e9 um pilar fundamental para garantir a transpar\u00eancia e a lisura do processo democr\u00e1tico que ocorrer\u00e1 em outubro do pr\u00f3ximo ano.<\/p>\n\n\n\n<p class=\"wp-block-paragraph\">\u200bDe acordo com a Lei das Elei\u00e7\u00f5es (Lei n\u00ba 9.504\/1997) e a Resolu\u00e7\u00e3o TSE n\u00ba 23.600\/2019, o registro deve ser efetuado no Sistema de Registro de Pesquisas Eleitorais (PesqEle) com, no m\u00ednimo, cinco dias de anteced\u00eancia \u00e0 divulga\u00e7\u00e3o dos resultados. A regra aplica-se a qualquer pesquisa que envolva candidatos, partidos ou coliga\u00e7\u00f5es que disputar\u00e3o cargos de presidente, governador, senador e deputados federais e estaduais.<\/p>\n\n\n\n<h3 class=\"wp-block-heading\">\u200bFiscaliza\u00e7\u00e3o rigorosa e combate \u00e0 desinforma\u00e7\u00e3o<\/h3>\n\n\n\n<p class=\"wp-block-paragraph\">\u200bO registro n\u00e3o implica em uma confer\u00eancia pr\u00e9via dos dados pelo TSE, mas abre o caminho para que candidatos, partidos, coliga\u00e7\u00f5es e o Minist\u00e9rio P\u00fablico Eleitoral (MPE) possam fiscalizar a metodologia utilizada. Entre os itens que devem obrigatoriamente constar no registro est\u00e3o:<\/p>\n\n\n\n<ul class=\"wp-block-list\">\n<li>\u200bIdentifica\u00e7\u00e3o do contratante (CPF ou CNPJ);<\/li>\n\n\n\n<li>\u200bValor e origem dos recursos investidos;<\/li>\n\n\n\n<li>\u200bMetodologia, plano amostral e margem de erro;<\/li>\n\n\n\n<li>\u200bO question\u00e1rio completo aplicado aos eleitores.<\/li>\n<\/ul>\n\n\n\n<p class=\"wp-block-paragraph\">\u200bA divulga\u00e7\u00e3o de pesquisas sem o pr\u00e9vio registro sujeita os respons\u00e1veis a multas pesadas, que podem variar de <strong>R$ 53.205,00 a R$ 106.410,00<\/strong>. Al\u00e9m disso, a publica\u00e7\u00e3o de pesquisas fraudulentas \u00e9 considerada crime, pun\u00edvel com deten\u00e7\u00e3o de seis meses a um ano.<\/p>\n\n\n\n<h3 class=\"wp-block-heading\">\u200bNovidades e Intelig\u00eancia Artificial<\/h3>\n\n\n\n<p class=\"wp-block-paragraph\">\u200bPara as elei\u00e7\u00f5es de 2026, a Justi\u00e7a Eleitoral est\u00e1 redobrando a aten\u00e7\u00e3o sobre o uso de <strong>Intelig\u00eancia Artificial (IA)<\/strong> e a propaga\u00e7\u00e3o de desinforma\u00e7\u00e3o. Especialistas e \u00f3rg\u00e3os do TSE j\u00e1 alertam que a tecnologia adiciona novas camadas de risco, facilitando a cria\u00e7\u00e3o de conte\u00fados falsos ou manipulados que podem simular tend\u00eancias eleitorais inexistentes.<\/p>\n\n\n\n<p class=\"wp-block-paragraph\">\u200bAl\u00e9m disso, o TSE j\u00e1 agendou audi\u00eancias p\u00fablicas para os dias <strong>3 e 5 de fevereiro de 2026<\/strong>, onde o tribunal ouvir\u00e1 sugest\u00f5es de cidad\u00e3os e entidades para aprimorar as resolu\u00e7\u00f5es que reger\u00e3o o pleito. O objetivo \u00e9 fortalecer as normas contra o abuso do poder econ\u00f4mico e garantir que o eleitor tenha acesso apenas a informa\u00e7\u00f5es verific\u00e1veis e cient\u00edficas.<\/p>\n\n\n\n<h3 class=\"wp-block-heading\">\u200bEnquetes proibidas<\/h3>\n\n\n\n<p class=\"wp-block-paragraph\">\u200bVale lembrar que, diferentemente das pesquisas cient\u00edficas, as enquetes \u2014 levantamentos de opini\u00e3o sem plano amostral \u2014 s\u00e3o terminantemente proibidas durante o per\u00edodo oficial de campanha. Se apresentadas como pesquisa eleitoral, os respons\u00e1veis estar\u00e3o sujeitos \u00e0s mesmas san\u00e7\u00f5es aplicadas aos levantamentos sem registro.<\/p>\n\n\n\n<p class=\"wp-block-paragraph\">\u200bCom o cerco fechando contra irregularidades, o eleitor ganha mais seguran\u00e7a para acompanhar o cen\u00e1rio pol\u00edtico que definir\u00e1 o futuro do Brasil nos pr\u00f3ximos anos.<\/p>\n","protected":false},"excerpt":{"rendered":"<p>Com a virada do ano, o calend\u00e1rio para o pleito de 2026 entrou em uma fase decisiva. Desde a \u00faltima quinta-feira, 1\u00ba de janeiro, entidades [&#8230;]<\/p>\n","protected":false},"author":1,"featured_media":1439,"comment_status":"open","ping_status":"open","sticky":false,"template":"","format":"standard","meta":{"_crdt_document":"","_jetpack_memberships_contains_paid_content":false,"footnotes":"","jetpack_publicize_message":"","jetpack_publicize_feature_enabled":true,"jetpack_social_post_already_shared":true,"jetpack_social_options":{"image_generator_settings":{"template":"highway","default_image_id":0,"font":"","enabled":false},"version":2}},"categories":[7],"tags":[],"class_list":["post-1438","post","type-post","status-publish","format-standard","has-post-thumbnail","hentry","category-politica"],"jetpack_publicize_connections":[],"jetpack_featured_media_url":"https:\/\/i0.wp.com\/oexpressobr.com.br\/wp-content\/uploads\/2026\/01\/urna-eletronica_widexl.jpg?fit=770%2C470&ssl=1","jetpack_likes_enabled":true,"jetpack_sharing_enabled":true,"_links":{"self":[{"href":"https:\/\/oexpressobr.com.br\/index.php?rest_route=\/wp\/v2\/posts\/1438","targetHints":{"allow":["GET"]}}],"collection":[{"href":"https:\/\/oexpressobr.com.br\/index.php?rest_route=\/wp\/v2\/posts"}],"about":[{"href":"https:\/\/oexpressobr.com.br\/index.php?rest_route=\/wp\/v2\/types\/post"}],"author":[{"embeddable":true,"href":"https:\/\/oexpressobr.com.br\/index.php?rest_route=\/wp\/v2\/users\/1"}],"replies":[{"embeddable":true,"href":"https:\/\/oexpressobr.com.br\/index.php?rest_route=%2Fwp%2Fv2%2Fcomments&post=1438"}],"version-history":[{"count":1,"href":"https:\/\/oexpressobr.com.br\/index.php?rest_route=\/wp\/v2\/posts\/1438\/revisions"}],"predecessor-version":[{"id":1440,"href":"https:\/\/oexpressobr.com.br\/index.php?rest_route=\/wp\/v2\/posts\/1438\/revisions\/1440"}],"wp:featuredmedia":[{"embeddable":true,"href":"https:\/\/oexpressobr.com.br\/index.php?rest_route=\/wp\/v2\/media\/1439"}],"wp:attachment":[{"href":"https:\/\/oexpressobr.com.br\/index.php?rest_route=%2Fwp%2Fv2%2Fmedia&parent=1438"}],"wp:term":[{"taxonomy":"category","embeddable":true,"href":"https:\/\/oexpressobr.com.br\/index.php?rest_route=%2Fwp%2Fv2%2Fcategories&post=1438"},{"taxonomy":"post_tag","embeddable":true,"href":"https:\/\/oexpressobr.com.br\/index.php?rest_route=%2Fwp%2Fv2%2Ftags&post=1438"}],"curies":[{"name":"wp","href":"https:\/\/api.w.org\/{rel}","templated":true}]}}