{"id":1441,"date":"2026-01-05T12:03:29","date_gmt":"2026-01-05T15:03:29","guid":{"rendered":"https:\/\/oexpressobr.com.br\/?p=1441"},"modified":"2026-01-05T12:03:31","modified_gmt":"2026-01-05T15:03:31","slug":"venda-de-terrenos-publicos-gera-polemica-e-criticas-da-oposicao-em-astorga","status":"publish","type":"post","link":"https:\/\/oexpressobr.com.br\/?p=1441","title":{"rendered":"Venda de terrenos p\u00fablicos gera pol\u00eamica e cr\u00edticas da oposi\u00e7\u00e3o em Astorga"},"content":{"rendered":"\n<p class=\"wp-block-paragraph\">O cen\u00e1rio pol\u00edtico em Astorga subiu de tom nesta semana ap\u00f3s o an\u00fancio da aliena\u00e7\u00e3o de diversos im\u00f3veis e terrenos de propriedade do munic\u00edpio. As \u00e1reas, originalmente destinadas \u00e0 constru\u00e7\u00e3o de equipamentos p\u00fablicos essenciais \u2014 como <strong>creches, escolas, postos de sa\u00fade e pra\u00e7as<\/strong> \u2014, est\u00e3o sendo ofertadas atrav\u00e9s de leil\u00f5es oficiais da administra\u00e7\u00e3o atual, gerando um embate direto entre a gest\u00e3o e a oposi\u00e7\u00e3o.<\/p>\n\n\n\n<h3 class=\"wp-block-heading\">\u200bO centro da controv\u00e9rsia<\/h3>\n\n\n\n<p class=\"wp-block-paragraph\">\u200bEm loteamentos urbanos, \u00e9 comum e legalmente previsto que uma porcentagem das terras seja destinada ao dom\u00ednio p\u00fablico para garantir o crescimento infraestrutural da cidade. No entanto, o an\u00fancio da venda desses lotes pelo governo municipal levantou questionamentos sobre o planejamento urbano a longo prazo e a sa\u00fade financeira da prefeitura.<\/p>\n\n\n\n<p class=\"wp-block-paragraph\">\u200bO ex-prefeito <strong>Bega<\/strong> utilizou suas redes sociais para criticar duramente a iniciativa da gest\u00e3o de <strong>Suzi e Geovane<\/strong>. Segundo o ex-gestor, a venda seria um sinal de insolv\u00eancia financeira:<\/p>\n\n\n\n<blockquote class=\"wp-block-quote is-layout-flow wp-block-quote-is-layout-flow\">\n<p class=\"wp-block-paragraph\">\u200b&#8221;Astorga t\u00e1 quebrada mesmo&#8230; uma gest\u00e3o que assume com 14 milh\u00f5es em caixa, faz mais de 15 milh\u00f5es em financiamentos, d\u00e1 calote no Fundo de Previd\u00eancia e ainda tem que vender im\u00f3veis do munic\u00edpio pra pagar contas?&#8221;, disparou Bega em comunicado aos seus seguidores.<\/p>\n<\/blockquote>\n\n\n\n<h3 class=\"wp-block-heading\">\u200bContexto e justificativas da gest\u00e3o<\/h3>\n\n\n\n<p class=\"wp-block-paragraph\">\u200bDe acordo com os editais de leil\u00e3o publicados recentemente pela Prefeitura de Astorga, o objetivo declarado para a venda desses bens \u00e9 a <strong>capta\u00e7\u00e3o de recursos para novos investimentos e amortiza\u00e7\u00e3o de d\u00edvidas<\/strong>. A administra\u00e7\u00e3o defende que muitos desses terrenos s\u00e3o \u00e1reas remanescentes de dif\u00edcil manuten\u00e7\u00e3o ou que o valor arrecadado ser\u00e1 revertido em obras de maior impacto imediato para a popula\u00e7\u00e3o.<\/p>\n\n\n\n<p class=\"wp-block-paragraph\">\u200b<strong>Os principais pontos de conflito citados pela oposi\u00e7\u00e3o incluem:<\/strong><\/p>\n\n\n\n<ul class=\"wp-block-list\">\n<li>\u200b<strong>Gest\u00e3o de Caixa:<\/strong> O questionamento sobre o destino dos 14 milh\u00f5es de reais supostamente deixados em caixa pela gest\u00e3o anterior.<\/li>\n\n\n\n<li>\u200b<strong>Endividamento:<\/strong> A preocupa\u00e7\u00e3o com os novos financiamentos que ultrapassam a marca dos 15 milh\u00f5es de reais.<\/li>\n\n\n\n<li>\u200b<strong>Previd\u00eancia Municipal:<\/strong> Alega\u00e7\u00f5es de atrasos ou falta de repasses ao fundo dos servidores, ponto sens\u00edvel em qualquer administra\u00e7\u00e3o p\u00fablica.<\/li>\n<\/ul>\n\n\n\n<h3 class=\"wp-block-heading\">\u200bSitua\u00e7\u00e3o atual dos leil\u00f5es<\/h3>\n\n\n\n<p class=\"wp-block-paragraph\">\u200bOs an\u00fancios de venda j\u00e1 circulam em canais oficiais e empresas de leiloaria. Moradores de bairros afetados expressam preocupa\u00e7\u00e3o, temendo que a venda de terrenos destinados a pra\u00e7as e postos de sa\u00fade resulte em uma sobrecarga nos servi\u00e7os p\u00fablicos j\u00e1 existentes.<\/p>\n\n\n\n<p class=\"wp-block-paragraph\">\u200bA equipe de reportagem continua acompanhando os desdobramentos e aguarda um posicionamento detalhado da Prefeitura de Astorga sobre o destino espec\u00edfico de cada centavo arrecadado com as vendas e uma resposta oficial \u00e0s acusa\u00e7\u00f5es sobre o Fundo de Previd\u00eancia.<\/p>\n","protected":false},"excerpt":{"rendered":"<p>O cen\u00e1rio pol\u00edtico em Astorga subiu de tom nesta semana ap\u00f3s o an\u00fancio da aliena\u00e7\u00e3o de diversos im\u00f3veis e terrenos de propriedade do munic\u00edpio. As [&#8230;]<\/p>\n","protected":false},"author":1,"featured_media":1442,"comment_status":"open","ping_status":"open","sticky":false,"template":"","format":"standard","meta":{"_crdt_document":"","_jetpack_memberships_contains_paid_content":false,"footnotes":"","jetpack_publicize_message":"","jetpack_publicize_feature_enabled":true,"jetpack_social_post_already_shared":true,"jetpack_social_options":{"image_generator_settings":{"template":"highway","default_image_id":0,"font":"","enabled":false},"version":2}},"categories":[5],"tags":[],"class_list":["post-1441","post","type-post","status-publish","format-standard","has-post-thumbnail","hentry","category-parana"],"jetpack_publicize_connections":[],"jetpack_featured_media_url":"https:\/\/i0.wp.com\/oexpressobr.com.br\/wp-content\/uploads\/2026\/01\/images21.jpg?fit=576%2C432&ssl=1","jetpack_likes_enabled":true,"jetpack_sharing_enabled":true,"_links":{"self":[{"href":"https:\/\/oexpressobr.com.br\/index.php?rest_route=\/wp\/v2\/posts\/1441","targetHints":{"allow":["GET"]}}],"collection":[{"href":"https:\/\/oexpressobr.com.br\/index.php?rest_route=\/wp\/v2\/posts"}],"about":[{"href":"https:\/\/oexpressobr.com.br\/index.php?rest_route=\/wp\/v2\/types\/post"}],"author":[{"embeddable":true,"href":"https:\/\/oexpressobr.com.br\/index.php?rest_route=\/wp\/v2\/users\/1"}],"replies":[{"embeddable":true,"href":"https:\/\/oexpressobr.com.br\/index.php?rest_route=%2Fwp%2Fv2%2Fcomments&post=1441"}],"version-history":[{"count":1,"href":"https:\/\/oexpressobr.com.br\/index.php?rest_route=\/wp\/v2\/posts\/1441\/revisions"}],"predecessor-version":[{"id":1443,"href":"https:\/\/oexpressobr.com.br\/index.php?rest_route=\/wp\/v2\/posts\/1441\/revisions\/1443"}],"wp:featuredmedia":[{"embeddable":true,"href":"https:\/\/oexpressobr.com.br\/index.php?rest_route=\/wp\/v2\/media\/1442"}],"wp:attachment":[{"href":"https:\/\/oexpressobr.com.br\/index.php?rest_route=%2Fwp%2Fv2%2Fmedia&parent=1441"}],"wp:term":[{"taxonomy":"category","embeddable":true,"href":"https:\/\/oexpressobr.com.br\/index.php?rest_route=%2Fwp%2Fv2%2Fcategories&post=1441"},{"taxonomy":"post_tag","embeddable":true,"href":"https:\/\/oexpressobr.com.br\/index.php?rest_route=%2Fwp%2Fv2%2Ftags&post=1441"}],"curies":[{"name":"wp","href":"https:\/\/api.w.org\/{rel}","templated":true}]}}