{"id":1444,"date":"2026-01-06T05:04:59","date_gmt":"2026-01-06T08:04:59","guid":{"rendered":"https:\/\/oexpressobr.com.br\/?p=1444"},"modified":"2026-01-06T05:05:01","modified_gmt":"2026-01-06T08:05:01","slug":"maringa-registra-salto-de-444-no-acolhimento-de-migrantes-e-intensifica-acoes-da-sejuc-em-2025","status":"publish","type":"post","link":"https:\/\/oexpressobr.com.br\/?p=1444","title":{"rendered":"MARING\u00c1 REGISTRA SALTO de 44,4% no acolhimento de migrantes e intensifica a\u00e7\u00f5es da Sejuc em 2025"},"content":{"rendered":"\n<p class=\"wp-block-paragraph\">A Prefeitura de Maring\u00e1 consolidou-se em 2025 como um dos principais polos de acolhimento humanit\u00e1rio no Paran\u00e1. Segundo dados consolidados pela Secretaria da Juventude, Cidadania e Migrantes (Sejuc), o munic\u00edpio registrou um crescimento de 44,4% no volume de acolhimentos entre janeiro e novembro deste ano. Ao todo, mais de 1,3 mil pessoas de 34 nacionalidades diferentes buscaram suporte na cidade, um reflexo direto das crises humanit\u00e1rias e econ\u00f4micas que atingem pa\u00edses vizinhos.<\/p>\n\n\n\n<p class=\"wp-block-paragraph\">\u200b<strong>O Perfil do Migrante em Maring\u00e1<\/strong><\/p>\n\n\n\n<p class=\"wp-block-paragraph\">O fluxo migrat\u00f3rio em 2025 \u00e9 liderado majoritariamente por cidad\u00e3os da Venezuela, que somam 839 dos atendidos. Na sequ\u00eancia, aparecem migrantes do Haiti (164), Cuba (138), Col\u00f4mbia (78) e Paraguai (68). Esse aumento na demanda exigiu que a gest\u00e3o municipal ampliasse a oferta de servi\u00e7os no Centro de Refer\u00eancia e Acolhimento ao Migrante (Crai), que oferece moradia tempor\u00e1ria por at\u00e9 seis meses, al\u00e9m de alimenta\u00e7\u00e3o e suporte psicossocial.<\/p>\n\n\n\n<p class=\"wp-block-paragraph\">\u200b<strong>A\u00e7\u00f5es Estrat\u00e9gicas e Regulariza\u00e7\u00e3o<\/strong><\/p>\n\n\n\n<p class=\"wp-block-paragraph\">Para lidar com a alta demanda, a secret\u00e1ria da Sejuc, Sandra Franchini, destacou a realiza\u00e7\u00e3o de mais de 1.400 atendimentos especializados. Um dos marcos do ano foi a parceria com a Pol\u00edcia Federal, que realizou tr\u00eas mutir\u00f5es de atendimento para zerar a fila de espera da regulariza\u00e7\u00e3o documental, beneficiando diretamente mais de 120 pessoas e garantindo a elas o acesso formal a direitos e ao mercado de trabalho.<\/p>\n\n\n\n<p class=\"wp-block-paragraph\">\u200bAl\u00e9m disso, a prefeitura investiu na integra\u00e7\u00e3o econ\u00f4mica:<\/p>\n\n\n\n<ul class=\"wp-block-list\">\n<li>\u200b<strong>Qualifica\u00e7\u00e3o Profissional:<\/strong> Mais de 160 pessoas passaram por cursos gratuitos em \u00e1reas como Marketing Digital, TI (Python, HTML e CSS) e E-commerce.<\/li>\n\n\n\n<li>\u200b<strong>Empregabilidade:<\/strong> O Mutir\u00e3o de Empregabilidade Jovem captou mais de 1.000 vagas em parceria com a Ag\u00eancia do Trabalhador, facilitando a inser\u00e7\u00e3o de novos residentes na economia local.<\/li>\n<\/ul>\n\n\n\n<p class=\"wp-block-paragraph\">\u200b<strong>Destaque Estadual<\/strong><\/p>\n\n\n\n<p class=\"wp-block-paragraph\">O cen\u00e1rio em Maring\u00e1 acompanha uma tend\u00eancia estadual. Em dezembro de 2025, o Governo do Paran\u00e1 tamb\u00e9m reportou um aumento de 15,7% nos atendimentos a migrantes em todo o estado, reafirmando o papel do Paran\u00e1 como destino de acolhimento. A implementa\u00e7\u00e3o de um banco de dados \u00fanico em Maring\u00e1 para o monitoramento dessa popula\u00e7\u00e3o \u00e9 a pr\u00f3xima meta da gest\u00e3o para 2026, visando otimizar o fluxo de atendimento entre as Secretarias de Sa\u00fade, Assist\u00eancia Social e Educa\u00e7\u00e3o.<\/p>\n\n\n\n<p class=\"wp-block-paragraph\">\u200bPara os interessados em acessar a rede de servi\u00e7os ou buscar orienta\u00e7\u00f5es, a Sejuc atende na Rua Luiz Gama, 89, ou pelos canais oficiais de comunica\u00e7\u00e3o da Prefeitura de Maring\u00e1.<\/p>\n","protected":false},"excerpt":{"rendered":"<p>A Prefeitura de Maring\u00e1 consolidou-se em 2025 como um dos principais polos de acolhimento humanit\u00e1rio no Paran\u00e1. Segundo dados consolidados pela Secretaria da Juventude, Cidadania [&#8230;]<\/p>\n","protected":false},"author":1,"featured_media":1445,"comment_status":"open","ping_status":"open","sticky":false,"template":"","format":"standard","meta":{"_crdt_document":"","_jetpack_memberships_contains_paid_content":false,"footnotes":"","jetpack_publicize_message":"","jetpack_publicize_feature_enabled":true,"jetpack_social_post_already_shared":true,"jetpack_social_options":{"image_generator_settings":{"template":"highway","default_image_id":0,"font":"","enabled":false},"version":2}},"categories":[4],"tags":[],"class_list":["post-1444","post","type-post","status-publish","format-standard","has-post-thumbnail","hentry","category-maringa"],"jetpack_publicize_connections":[],"jetpack_featured_media_url":"https:\/\/i0.wp.com\/oexpressobr.com.br\/wp-content\/uploads\/2026\/01\/40f886d1-fd64-4b14-8b15-0698541c955f-scaled.jpg?fit=2560%2C1707&ssl=1","jetpack_likes_enabled":true,"jetpack_sharing_enabled":true,"_links":{"self":[{"href":"https:\/\/oexpressobr.com.br\/index.php?rest_route=\/wp\/v2\/posts\/1444","targetHints":{"allow":["GET"]}}],"collection":[{"href":"https:\/\/oexpressobr.com.br\/index.php?rest_route=\/wp\/v2\/posts"}],"about":[{"href":"https:\/\/oexpressobr.com.br\/index.php?rest_route=\/wp\/v2\/types\/post"}],"author":[{"embeddable":true,"href":"https:\/\/oexpressobr.com.br\/index.php?rest_route=\/wp\/v2\/users\/1"}],"replies":[{"embeddable":true,"href":"https:\/\/oexpressobr.com.br\/index.php?rest_route=%2Fwp%2Fv2%2Fcomments&post=1444"}],"version-history":[{"count":1,"href":"https:\/\/oexpressobr.com.br\/index.php?rest_route=\/wp\/v2\/posts\/1444\/revisions"}],"predecessor-version":[{"id":1446,"href":"https:\/\/oexpressobr.com.br\/index.php?rest_route=\/wp\/v2\/posts\/1444\/revisions\/1446"}],"wp:featuredmedia":[{"embeddable":true,"href":"https:\/\/oexpressobr.com.br\/index.php?rest_route=\/wp\/v2\/media\/1445"}],"wp:attachment":[{"href":"https:\/\/oexpressobr.com.br\/index.php?rest_route=%2Fwp%2Fv2%2Fmedia&parent=1444"}],"wp:term":[{"taxonomy":"category","embeddable":true,"href":"https:\/\/oexpressobr.com.br\/index.php?rest_route=%2Fwp%2Fv2%2Fcategories&post=1444"},{"taxonomy":"post_tag","embeddable":true,"href":"https:\/\/oexpressobr.com.br\/index.php?rest_route=%2Fwp%2Fv2%2Ftags&post=1444"}],"curies":[{"name":"wp","href":"https:\/\/api.w.org\/{rel}","templated":true}]}}