{"id":1447,"date":"2026-01-06T05:26:27","date_gmt":"2026-01-06T08:26:27","guid":{"rendered":"https:\/\/oexpressobr.com.br\/?p=1447"},"modified":"2026-01-06T05:26:30","modified_gmt":"2026-01-06T08:26:30","slug":"troca-de-insultos-entre-chefe-de-gabinete-e-vereador-em-pitanga-expoe-crise-politica-no-whatsapp","status":"publish","type":"post","link":"https:\/\/oexpressobr.com.br\/?p=1447","title":{"rendered":"Troca de insultos entre Chefe de Gabinete e vereador em Pitanga exp\u00f5e crise pol\u00edtica no WhatsApp"},"content":{"rendered":"\n<p class=\"wp-block-paragraph\">O clima pol\u00edtico na &#8220;Capital do Centro-Sul&#8221; paranaense subiu de tom e rompeu as barreiras da diplomacia institucional nesta semana. Uma troca de mensagens em um grupo de WhatsApp, envolvendo o Chefe de Gabinete da Prefeitura de Pitanga e um membro do Poder Legislativo municipal, viralizou e gerou indigna\u00e7\u00e3o na comunidade local pela agressividade e pelo baixo cal\u00e3o das express\u00f5es utilizadas.<\/p>\n\n\n\n<p class=\"wp-block-paragraph\">\u200bA discuss\u00e3o, que come\u00e7ou com diverg\u00eancias sobre a gest\u00e3o p\u00fablica, escalou rapidamente para ofensas pessoais. Em um dos trechos mais pol\u00eamicos, o Chefe de Gabinete teria disparado contra o vereador a frase: <em>&#8220;relaxar por que o ferro vai entrar gostoso&#8221;<\/em>. Al\u00e9m do tom amea\u00e7ador e sexualizado, o secret\u00e1rio ainda questionou a maturidade e a postura do parlamentar, instando-o a <em>&#8220;ser mais homem&#8221;<\/em> e classificando-o como um <em>&#8220;pi\u00e1 que est\u00e1 na verean\u00e7a&#8221;<\/em>.<\/p>\n\n\n\n<h3 class=\"wp-block-heading\">\u200bO peso das palavras no ambiente p\u00fablico<\/h3>\n\n\n\n<p class=\"wp-block-paragraph\">\u200bA repercuss\u00e3o do caso foi imediata. Eleitores e observadores pol\u00edticos de Pitanga criticaram a postura dos envolvidos, ressaltando que o cargo de Chefe de Gabinete exige um perfil mediador e equilibrado, servindo como a principal ponte entre o Executivo e os demais poderes. Por outro lado, o ataque direto \u00e0 honra de um representante eleito pelo povo fere o decoro e a rela\u00e7\u00e3o harm\u00f4nica que deveria reger a pol\u00edtica municipal.<\/p>\n\n\n\n<p class=\"wp-block-paragraph\">\u200bSegundo apura\u00e7\u00f5es recentes no portal <strong>Tabloide Regional<\/strong>, ve\u00edculo que acompanha de perto o cotidiano da regi\u00e3o central do Paran\u00e1, epis\u00f3dios de &#8220;\u00e1udios vazados&#8221; e discuss\u00f5es em grupos de mensagens t\u00eam se tornado comuns em Pitanga, refletindo uma polariza\u00e7\u00e3o acirrada conforme o calend\u00e1rio pol\u00edtico avan\u00e7a.<\/p>\n\n\n\n<h3 class=\"wp-block-heading\">\u200bO que dizem os envolvidos<\/h3>\n\n\n\n<p class=\"wp-block-paragraph\">\u200bAt\u00e9 o fechamento desta edi\u00e7\u00e3o, a Prefeitura de Pitanga n\u00e3o havia emitido uma nota oficial sobre a conduta do Chefe de Gabinete. O vereador citado, por sua vez, estuda medidas judiciais e deve levar o caso \u00e0 tribuna da C\u00e2mara Municipal na pr\u00f3xima sess\u00e3o ordin\u00e1ria, alegando que a fala configura n\u00e3o apenas falta de respeito, mas uma tentativa de intimida\u00e7\u00e3o ao seu trabalho de fiscaliza\u00e7\u00e3o.<\/p>\n\n\n\n<p class=\"wp-block-paragraph\">\u200bA comunidade agora aguarda um posicionamento do prefeito, Maicol Callegari Barbosa, sobre a perman\u00eancia ou n\u00e3o do secret\u00e1rio no cargo ap\u00f3s o esc\u00e2ndalo. Em tempos de transpar\u00eancia e vigil\u00e2ncia digital, o que era para ser uma discuss\u00e3o interna de gabinete tornou-se um debate p\u00fablico sobre os limites da \u00e9tica e do respeito na pol\u00edtica pitanguense.<\/p>\n","protected":false},"excerpt":{"rendered":"<p>O clima pol\u00edtico na &#8220;Capital do Centro-Sul&#8221; paranaense subiu de tom e rompeu as barreiras da diplomacia institucional nesta semana. Uma troca de mensagens em [&#8230;]<\/p>\n","protected":false},"author":1,"featured_media":1448,"comment_status":"open","ping_status":"open","sticky":false,"template":"","format":"standard","meta":{"_crdt_document":"","_jetpack_memberships_contains_paid_content":false,"footnotes":"","jetpack_publicize_message":"","jetpack_publicize_feature_enabled":true,"jetpack_social_post_already_shared":true,"jetpack_social_options":{"image_generator_settings":{"template":"highway","default_image_id":0,"font":"","enabled":false},"version":2}},"categories":[5],"tags":[],"class_list":["post-1447","post","type-post","status-publish","format-standard","has-post-thumbnail","hentry","category-parana"],"jetpack_publicize_connections":[],"jetpack_featured_media_url":"https:\/\/i0.wp.com\/oexpressobr.com.br\/wp-content\/uploads\/2026\/01\/1767687897026.png?fit=1024%2C1024&ssl=1","jetpack_likes_enabled":true,"jetpack_sharing_enabled":true,"_links":{"self":[{"href":"https:\/\/oexpressobr.com.br\/index.php?rest_route=\/wp\/v2\/posts\/1447","targetHints":{"allow":["GET"]}}],"collection":[{"href":"https:\/\/oexpressobr.com.br\/index.php?rest_route=\/wp\/v2\/posts"}],"about":[{"href":"https:\/\/oexpressobr.com.br\/index.php?rest_route=\/wp\/v2\/types\/post"}],"author":[{"embeddable":true,"href":"https:\/\/oexpressobr.com.br\/index.php?rest_route=\/wp\/v2\/users\/1"}],"replies":[{"embeddable":true,"href":"https:\/\/oexpressobr.com.br\/index.php?rest_route=%2Fwp%2Fv2%2Fcomments&post=1447"}],"version-history":[{"count":1,"href":"https:\/\/oexpressobr.com.br\/index.php?rest_route=\/wp\/v2\/posts\/1447\/revisions"}],"predecessor-version":[{"id":1449,"href":"https:\/\/oexpressobr.com.br\/index.php?rest_route=\/wp\/v2\/posts\/1447\/revisions\/1449"}],"wp:featuredmedia":[{"embeddable":true,"href":"https:\/\/oexpressobr.com.br\/index.php?rest_route=\/wp\/v2\/media\/1448"}],"wp:attachment":[{"href":"https:\/\/oexpressobr.com.br\/index.php?rest_route=%2Fwp%2Fv2%2Fmedia&parent=1447"}],"wp:term":[{"taxonomy":"category","embeddable":true,"href":"https:\/\/oexpressobr.com.br\/index.php?rest_route=%2Fwp%2Fv2%2Fcategories&post=1447"},{"taxonomy":"post_tag","embeddable":true,"href":"https:\/\/oexpressobr.com.br\/index.php?rest_route=%2Fwp%2Fv2%2Ftags&post=1447"}],"curies":[{"name":"wp","href":"https:\/\/api.w.org\/{rel}","templated":true}]}}