{"id":1456,"date":"2026-01-06T05:52:49","date_gmt":"2026-01-06T08:52:49","guid":{"rendered":"https:\/\/oexpressobr.com.br\/?p=1456"},"modified":"2026-01-06T05:52:51","modified_gmt":"2026-01-06T08:52:51","slug":"petroleiros-venezuelanos-rompem-bloqueio-dos-eua-e-deixam-o-pais-apos-captura-de-maduro","status":"publish","type":"post","link":"https:\/\/oexpressobr.com.br\/?p=1456","title":{"rendered":"Petroleiros venezuelanos rompem bloqueio dos EUA e deixam o pa\u00eds ap\u00f3s captura de Maduro"},"content":{"rendered":"\n<p class=\"wp-block-paragraph\">O programa <strong>Escolas Conectadas<\/strong>, uma a\u00e7\u00e3o conjunta entre o <strong>Minist\u00e9rio das Comunica\u00e7\u00f5es (MCom)<\/strong> e o <strong>Minist\u00e9rio da Educa\u00e7\u00e3o (MEC)<\/strong>, encerrou o balan\u00e7o de 2025 com a marca de <strong>68,4% das institui\u00e7\u00f5es p\u00fablicas de ensino conectadas<\/strong>. O \u00edndice coloca o Governo Federal em uma rota acelerada para cumprir a meta de universaliza\u00e7\u00e3o da internet banda larga em todas as unidades escolares do pa\u00eds at\u00e9 o final de 2026.<\/p>\n\n\n\n<p class=\"wp-block-paragraph\">\u200bAt\u00e9 o momento, mais de <strong>94 mil unidades<\/strong> j\u00e1 receberam infraestrutura de rede, beneficiando milh\u00f5es de estudantes. O avan\u00e7o \u00e9 impulsionado por investimentos que somam <strong>R$ 8,8 bilh\u00f5es<\/strong>, distribu\u00eddos entre recursos do Novo PAC, do Fundo de Universaliza\u00e7\u00e3o dos Servi\u00e7os de Telecomunica\u00e7\u00f5es (Fust) e do leil\u00e3o do 5G.<\/p>\n\n\n\n<h3 class=\"wp-block-heading\">\u200bLideran\u00e7a regional e infraestrutura<\/h3>\n\n\n\n<p class=\"wp-block-paragraph\">\u200bOs dados mais recentes apontam o <strong>Paran\u00e1<\/strong> (83,6%) e o <strong>Piau\u00ed<\/strong> (81,4%) como os estados na vanguarda da conectividade escolar. De acordo com o ministro das Comunica\u00e7\u00f5es, Frederico de Siqueira Filho, a estrat\u00e9gia prioriza a instala\u00e7\u00e3o de fibra \u00f3ptica onde h\u00e1 viabilidade t\u00e9cnica, recorrendo a solu\u00e7\u00f5es via sat\u00e9lite para \u00e1reas rurais e remotas.<\/p>\n\n\n\n<p class=\"wp-block-paragraph\">\u200b&#8221;Nenhuma escola ficar\u00e1 para tr\u00e1s. Onde houver fibra, ela ser\u00e1 o padr\u00e3o; onde n\u00e3o houver, o sat\u00e9lite garantir\u00e1 que o aluno da zona rural tenha as mesmas oportunidades digitais que o da capital&#8221;, afirmou o ministro em balan\u00e7o divulgado nesta semana.<\/p>\n\n\n\n<h3 class=\"wp-block-heading\">\u200bNovas frentes para 2026<\/h3>\n\n\n\n<p class=\"wp-block-paragraph\">\u200bPara garantir que os 31,6% restantes sejam alcan\u00e7ados, o governo lan\u00e7ou novas frentes de a\u00e7\u00e3o na virada para 2026:<\/p>\n\n\n\n<ul class=\"wp-block-list\">\n<li>\u200b<strong>Sele\u00e7\u00e3o BNDES-Fust:<\/strong> Um novo edital, com inscri\u00e7\u00f5es abertas at\u00e9 16 de janeiro de 2026, destina <strong>R$ 53,3 milh\u00f5es<\/strong> especificamente para conectar 1.258 escolas nas regi\u00f5es Norte e Nordeste.<\/li>\n\n\n\n<li>\u200b<strong>Investimento em Equipamentos:<\/strong> Al\u00e9m do sinal de internet, o MEC refor\u00e7ou que a pr\u00f3xima etapa foca na compra de dispositivos (tablets e notebooks) e na forma\u00e7\u00e3o de professores, visando o uso pedag\u00f3gico real da tecnologia.<\/li>\n\n\n\n<li>\u200b<strong>Energia e Inclus\u00e3o:<\/strong> Em unidades que ainda carecem de eletricidade, o programa prev\u00ea a instala\u00e7\u00e3o de geradores fotovoltaicos (energia solar) para sustentar a opera\u00e7\u00e3o dos laborat\u00f3rios de inform\u00e1tica.<\/li>\n<\/ul>\n\n\n\n<h3 class=\"wp-block-heading\">\u200bDesafios da reta final<\/h3>\n\n\n\n<p class=\"wp-block-paragraph\">\u200bApesar do otimismo, o governo reconhece que o maior desafio reside nas escolas de &#8220;dif\u00edcil acesso&#8221;. Cerca de 16,3 mil unidades em \u00e1reas isoladas exigem log\u00edstica complexa. No entanto, o cronograma atual prev\u00ea que, com a conclus\u00e3o dos leil\u00f5es de conectividade e a execu\u00e7\u00e3o dos recursos do Fust j\u00e1 contratados, o Brasil possa declarar a universaliza\u00e7\u00e3o da internet escolar at\u00e9 dezembro de 2026, transformando a exclus\u00e3o digital em uma p\u00e1gina virada na educa\u00e7\u00e3o brasileira.<\/p>\n","protected":false},"excerpt":{"rendered":"<p>O programa Escolas Conectadas, uma a\u00e7\u00e3o conjunta entre o Minist\u00e9rio das Comunica\u00e7\u00f5es (MCom) e o Minist\u00e9rio da Educa\u00e7\u00e3o (MEC), encerrou o balan\u00e7o de 2025 com [&#8230;]<\/p>\n","protected":false},"author":1,"featured_media":1457,"comment_status":"open","ping_status":"open","sticky":false,"template":"","format":"standard","meta":{"_crdt_document":"","_jetpack_memberships_contains_paid_content":false,"footnotes":"","jetpack_publicize_message":"","jetpack_publicize_feature_enabled":true,"jetpack_social_post_already_shared":true,"jetpack_social_options":{"image_generator_settings":{"template":"highway","default_image_id":0,"font":"","enabled":false},"version":2}},"categories":[15],"tags":[],"class_list":["post-1456","post","type-post","status-publish","format-standard","has-post-thumbnail","hentry","category-internacional"],"jetpack_publicize_connections":[],"jetpack_featured_media_url":"https:\/\/i0.wp.com\/oexpressobr.com.br\/wp-content\/uploads\/2026\/01\/IMG-20260106-WA0141.jpg?fit=1080%2C608&ssl=1","jetpack_likes_enabled":true,"jetpack_sharing_enabled":true,"_links":{"self":[{"href":"https:\/\/oexpressobr.com.br\/index.php?rest_route=\/wp\/v2\/posts\/1456","targetHints":{"allow":["GET"]}}],"collection":[{"href":"https:\/\/oexpressobr.com.br\/index.php?rest_route=\/wp\/v2\/posts"}],"about":[{"href":"https:\/\/oexpressobr.com.br\/index.php?rest_route=\/wp\/v2\/types\/post"}],"author":[{"embeddable":true,"href":"https:\/\/oexpressobr.com.br\/index.php?rest_route=\/wp\/v2\/users\/1"}],"replies":[{"embeddable":true,"href":"https:\/\/oexpressobr.com.br\/index.php?rest_route=%2Fwp%2Fv2%2Fcomments&post=1456"}],"version-history":[{"count":1,"href":"https:\/\/oexpressobr.com.br\/index.php?rest_route=\/wp\/v2\/posts\/1456\/revisions"}],"predecessor-version":[{"id":1458,"href":"https:\/\/oexpressobr.com.br\/index.php?rest_route=\/wp\/v2\/posts\/1456\/revisions\/1458"}],"wp:featuredmedia":[{"embeddable":true,"href":"https:\/\/oexpressobr.com.br\/index.php?rest_route=\/wp\/v2\/media\/1457"}],"wp:attachment":[{"href":"https:\/\/oexpressobr.com.br\/index.php?rest_route=%2Fwp%2Fv2%2Fmedia&parent=1456"}],"wp:term":[{"taxonomy":"category","embeddable":true,"href":"https:\/\/oexpressobr.com.br\/index.php?rest_route=%2Fwp%2Fv2%2Fcategories&post=1456"},{"taxonomy":"post_tag","embeddable":true,"href":"https:\/\/oexpressobr.com.br\/index.php?rest_route=%2Fwp%2Fv2%2Ftags&post=1456"}],"curies":[{"name":"wp","href":"https:\/\/api.w.org\/{rel}","templated":true}]}}