{"id":1462,"date":"2026-01-06T06:08:01","date_gmt":"2026-01-06T09:08:01","guid":{"rendered":"https:\/\/oexpressobr.com.br\/?p=1462"},"modified":"2026-01-06T06:08:02","modified_gmt":"2026-01-06T09:08:02","slug":"governo-lula-condena-acao-de-trump-na-venezuela-e-monitora-impactos-para-sucessao-de-2026","status":"publish","type":"post","link":"https:\/\/oexpressobr.com.br\/?p=1462","title":{"rendered":"Governo Lula condena a\u00e7\u00e3o de Trump na Venezuela e monitora impactos para sucess\u00e3o de 2026"},"content":{"rendered":"\n<p class=\"wp-block-paragraph\">O Pal\u00e1cio do Planalto reagiu com forte preocupa\u00e7\u00e3o \u00e0 opera\u00e7\u00e3o militar conduzida pelos Estados Unidos na Venezuela no \u00faltimo s\u00e1bado (3), que resultou na captura de <strong>Nicol\u00e1s Maduro<\/strong>. Para o governo de <strong>Luiz In\u00e1cio Lula da Silva<\/strong>, a ofensiva liderada por <strong>Donald Trump<\/strong> sinaliza uma &#8220;desordem global&#8221; e ignora as institui\u00e7\u00f5es multilaterais. Al\u00e9m das implica\u00e7\u00f5es diplom\u00e1ticas, o entorno do presidente brasileiro avalia que a crise foi calculada por Trump para favorecer interesses econ\u00f4micos e pode virar uma arma eleitoral contra o PT no Brasil em 2026.<\/p>\n\n\n\n<h3 class=\"wp-block-heading\">\u200bOfensiva militar e o &#8220;fator petr\u00f3leo&#8221;<\/h3>\n\n\n\n<p class=\"wp-block-paragraph\">\u200bA opera\u00e7\u00e3o norte-americana contou com o uso de helic\u00f3pteros e bombardeiros para neutralizar defesas venezuelanas e capturar Maduro, agora detido em Nova York. Em suas primeiras declara\u00e7\u00f5es, Trump n\u00e3o apenas confirmou a a\u00e7\u00e3o como enfatizou o interesse direto nas reservas de petr\u00f3leo do pa\u00eds vizinho, afirmando que empresas dos EUA iriam &#8220;reconstruir o sistema&#8221; e que os Estados Unidos assumiriam temporariamente a administra\u00e7\u00e3o local.<\/p>\n\n\n\n<p class=\"wp-block-paragraph\">\u200bO governo brasileiro v\u00ea nessa postura uma confirma\u00e7\u00e3o de que a motiva\u00e7\u00e3o vai al\u00e9m da ret\u00f3rica democr\u00e1tica. Integrantes do Itamaraty classificam a a\u00e7\u00e3o como uma viola\u00e7\u00e3o da soberania e um desmonte do sistema da ONU. O Brasil, em conjunto com outros cinco pa\u00edses, emitiu nota condenando o ataque e defendendo a via diplom\u00e1tica.<\/p>\n\n\n\n<h3 class=\"wp-block-heading\">\u200bMonitoramento da fronteira e riscos humanit\u00e1rios<\/h3>\n\n\n\n<p class=\"wp-block-paragraph\">\u200bO ministro da Defesa, <strong>Jos\u00e9 M\u00facio Monteiro<\/strong>, informou que as fronteiras em Roraima seguem abertas, mas o Ex\u00e9rcito refor\u00e7ou o monitoramento em Pacaraima. O receio \u00e9 de que a instabilidade pol\u00edtica gere um novo \u00eaxodo migrat\u00f3rio em massa, pressionando os servi\u00e7os p\u00fablicos brasileiros e criando um cen\u00e1rio de crise humanit\u00e1ria que Trump poderia explorar para desgastar governos de esquerda na regi\u00e3o.<\/p>\n\n\n\n<h3 class=\"wp-block-heading\">\u200bO reflexo na elei\u00e7\u00e3o brasileira de 2026<\/h3>\n\n\n\n<p class=\"wp-block-paragraph\">\u200bNo plano interno, o Planalto trabalha para desvincular a imagem de Lula da de Maduro, prevendo que a oposi\u00e7\u00e3o utilizar\u00e1 a queda do l\u00edder venezuelano para atacar o PT. A estrat\u00e9gia tra\u00e7ada pela Secretaria de Comunica\u00e7\u00e3o foca em:<\/p>\n\n\n\n<ul class=\"wp-block-list\">\n<li>\u200b<strong>Defesa da Soberania:<\/strong> Manter o discurso focado no Direito Internacional, evitando a defesa pessoal de Maduro.<\/li>\n\n\n\n<li>\u200b<strong>Prud\u00eancia com Trump:<\/strong> Evitar um embate direto e pessoal com o republicano, visando preservar as rela\u00e7\u00f5es comerciais.<\/li>\n\n\n\n<li>\u200b<strong>Controle de Narrativa:<\/strong> Impedir que a &#8220;queda de um aliado&#8221; seja o tema central da campanha presidencial de 2026, focando em entregas econ\u00f4micas dom\u00e9sticas.<\/li>\n<\/ul>\n\n\n\n<p class=\"wp-block-paragraph\">\u200bAtualmente, o Brasil reconhece a vice-presidente <strong>Delcy Rodr\u00edguez<\/strong> como autoridade interina, enquanto Trump j\u00e1 sinalizou que ela deve &#8220;cooperar&#8221; para evitar novas incurs\u00f5es.<\/p>\n","protected":false},"excerpt":{"rendered":"<p>O Pal\u00e1cio do Planalto reagiu com forte preocupa\u00e7\u00e3o \u00e0 opera\u00e7\u00e3o militar conduzida pelos Estados Unidos na Venezuela no \u00faltimo s\u00e1bado (3), que resultou na captura [&#8230;]<\/p>\n","protected":false},"author":1,"featured_media":1463,"comment_status":"open","ping_status":"open","sticky":false,"template":"","format":"standard","meta":{"_crdt_document":"","_jetpack_memberships_contains_paid_content":false,"footnotes":"","jetpack_publicize_message":"","jetpack_publicize_feature_enabled":true,"jetpack_social_post_already_shared":true,"jetpack_social_options":{"image_generator_settings":{"template":"highway","default_image_id":0,"font":"","enabled":false},"version":2}},"categories":[7],"tags":[],"class_list":["post-1462","post","type-post","status-publish","format-standard","has-post-thumbnail","hentry","category-politica"],"jetpack_publicize_connections":[],"jetpack_featured_media_url":"https:\/\/i0.wp.com\/oexpressobr.com.br\/wp-content\/uploads\/2026\/01\/IMG-20260106-WA0145.jpg?fit=984%2C542&ssl=1","jetpack_likes_enabled":true,"jetpack_sharing_enabled":true,"_links":{"self":[{"href":"https:\/\/oexpressobr.com.br\/index.php?rest_route=\/wp\/v2\/posts\/1462","targetHints":{"allow":["GET"]}}],"collection":[{"href":"https:\/\/oexpressobr.com.br\/index.php?rest_route=\/wp\/v2\/posts"}],"about":[{"href":"https:\/\/oexpressobr.com.br\/index.php?rest_route=\/wp\/v2\/types\/post"}],"author":[{"embeddable":true,"href":"https:\/\/oexpressobr.com.br\/index.php?rest_route=\/wp\/v2\/users\/1"}],"replies":[{"embeddable":true,"href":"https:\/\/oexpressobr.com.br\/index.php?rest_route=%2Fwp%2Fv2%2Fcomments&post=1462"}],"version-history":[{"count":1,"href":"https:\/\/oexpressobr.com.br\/index.php?rest_route=\/wp\/v2\/posts\/1462\/revisions"}],"predecessor-version":[{"id":1464,"href":"https:\/\/oexpressobr.com.br\/index.php?rest_route=\/wp\/v2\/posts\/1462\/revisions\/1464"}],"wp:featuredmedia":[{"embeddable":true,"href":"https:\/\/oexpressobr.com.br\/index.php?rest_route=\/wp\/v2\/media\/1463"}],"wp:attachment":[{"href":"https:\/\/oexpressobr.com.br\/index.php?rest_route=%2Fwp%2Fv2%2Fmedia&parent=1462"}],"wp:term":[{"taxonomy":"category","embeddable":true,"href":"https:\/\/oexpressobr.com.br\/index.php?rest_route=%2Fwp%2Fv2%2Fcategories&post=1462"},{"taxonomy":"post_tag","embeddable":true,"href":"https:\/\/oexpressobr.com.br\/index.php?rest_route=%2Fwp%2Fv2%2Ftags&post=1462"}],"curies":[{"name":"wp","href":"https:\/\/api.w.org\/{rel}","templated":true}]}}