{"id":1465,"date":"2026-01-06T06:13:41","date_gmt":"2026-01-06T09:13:41","guid":{"rendered":"https:\/\/oexpressobr.com.br\/?p=1465"},"modified":"2026-01-06T06:13:42","modified_gmt":"2026-01-06T09:13:42","slug":"maduro-e-cilia-flores-enfrentam-a-prisao-dos-famosos-no-brooklyn-apos-captura-historica","status":"publish","type":"post","link":"https:\/\/oexpressobr.com.br\/?p=1465","title":{"rendered":"Maduro e Cilia Flores enfrentam a &#8220;pris\u00e3o dos famosos&#8221; no Brooklyn ap\u00f3s captura hist\u00f3rica"},"content":{"rendered":"\n<p class=\"wp-block-paragraph\">O Centro de Deten\u00e7\u00e3o Metropolitano (MDC) no Brooklyn, uma unidade federal de seguran\u00e7a m\u00e1xima cercada por controv\u00e9rsias e descrita por advogados e detentos como o &#8220;inferno na Terra&#8221;, \u00e9 agora o endere\u00e7o de Nicol\u00e1s Maduro e de sua esposa, Cilia Flores. Capturados em uma opera\u00e7\u00e3o militar dos Estados Unidos no \u00faltimo s\u00e1bado (3), o casal passou os primeiros dias de 2026 em uma estrutura marcada por den\u00fancias de insalubridade, viol\u00eancia e abandono.<\/p>\n\n\n\n<p class=\"wp-block-paragraph\">\u200bNa tarde desta segunda-feira (5), Maduro compareceu a um tribunal federal em Manhattan para sua audi\u00eancia de cust\u00f3dia. Diante do juiz Alvin K. Hellerstein, o ex-l\u00edder venezuelano declarou-se &#8220;inocente&#8221; e afirmou ser um &#8220;prisioneiro de guerra&#8221;, alegando ter sido sequestrado por for\u00e7as americanas em Caracas.<\/p>\n\n\n\n<h3 class=\"wp-block-heading\">\u200bO cen\u00e1rio do &#8220;MDC Brooklyn&#8221;<\/h3>\n\n\n\n<p class=\"wp-block-paragraph\">\u200bDiferente das pris\u00f5es de luxo ou de seguran\u00e7a m\u00ednima, o MDC Brooklyn \u00e9 uma penitenci\u00e1ria vertical famosa por suas condi\u00e7\u00f5es prec\u00e1rias. Entre os principais problemas relatados recentemente est\u00e3o:<\/p>\n\n\n\n<ul class=\"wp-block-list\">\n<li>\u200b<strong>Falhas Estruturais:<\/strong> Hist\u00f3rico de apag\u00f5es que deixaram detentos sem aquecimento durante o inverno nova-iorquino.<\/li>\n\n\n\n<li>\u200b<strong>Viol\u00eancia e Superlota\u00e7\u00e3o:<\/strong> Relatos frequentes de brigas entre internos e falta de contingente de agentes federais.<\/li>\n\n\n\n<li>\u200b<strong>Insalubridade:<\/strong> Den\u00fancias de mofo nos banheiros e presen\u00e7a de roedores e insetos nas refei\u00e7\u00f5es.<\/li>\n<\/ul>\n\n\n\n<p class=\"wp-block-paragraph\">\u200bO pres\u00eddio \u00e9 conhecido como o &#8220;Trememb\u00e9 dos EUA&#8221; pela quantidade de prisioneiros not\u00e1veis que abriga. Atualmente, Maduro divide o complexo \u2014 embora provavelmente em alas separadas por seguran\u00e7a \u2014 com figuras como o rapper <strong>Sean &#8220;Diddy&#8221; Combs<\/strong> e o cofundador da FTX, <strong>Sam Bankman-Fried<\/strong>. No passado, o local tamb\u00e9m custodiou o traficante <strong>&#8220;El Chapo&#8221; Guzm\u00e1n<\/strong>.<\/p>\n\n\n\n<h3 class=\"wp-block-heading\">\u200bAcusa\u00e7\u00f5es e desdobramentos<\/h3>\n\n\n\n<p class=\"wp-block-paragraph\">\u200bA Justi\u00e7a dos EUA, sob a administra\u00e7\u00e3o de Donald Trump, acusa Maduro de liderar o &#8220;Cartel dos S\u00f3is&#8221;, uma organiza\u00e7\u00e3o que teria inundado o territ\u00f3rio americano com toneladas de coca\u00edna em parceria com grupos terroristas. As principais acusa\u00e7\u00f5es incluem:<\/p>\n\n\n\n<ol class=\"wp-block-list\">\n<li>\u200b<strong>Narcoterrorismo e conspira\u00e7\u00e3o<\/strong> para importa\u00e7\u00e3o de coca\u00edna.<\/li>\n\n\n\n<li>\u200b<strong>Posse e uso de armas de guerra<\/strong> e dispositivos destrutivos.<\/li>\n\n\n\n<li>\u200b<strong>Lideran\u00e7a de esquema internacional<\/strong> de tr\u00e1fico de drogas.<\/li>\n<\/ol>\n","protected":false},"excerpt":{"rendered":"<p>O Centro de Deten\u00e7\u00e3o Metropolitano (MDC) no Brooklyn, uma unidade federal de seguran\u00e7a m\u00e1xima cercada por controv\u00e9rsias e descrita por advogados e detentos como o [&#8230;]<\/p>\n","protected":false},"author":1,"featured_media":1466,"comment_status":"open","ping_status":"open","sticky":false,"template":"","format":"standard","meta":{"_crdt_document":"","_jetpack_memberships_contains_paid_content":false,"footnotes":"","jetpack_publicize_message":"","jetpack_publicize_feature_enabled":true,"jetpack_social_post_already_shared":true,"jetpack_social_options":{"image_generator_settings":{"template":"highway","default_image_id":0,"font":"","enabled":false},"version":2}},"categories":[15],"tags":[],"class_list":["post-1465","post","type-post","status-publish","format-standard","has-post-thumbnail","hentry","category-internacional"],"jetpack_publicize_connections":[],"jetpack_featured_media_url":"https:\/\/i0.wp.com\/oexpressobr.com.br\/wp-content\/uploads\/2026\/01\/IMG-20260106-WA0148.jpg?fit=800%2C450&ssl=1","jetpack_likes_enabled":true,"jetpack_sharing_enabled":true,"_links":{"self":[{"href":"https:\/\/oexpressobr.com.br\/index.php?rest_route=\/wp\/v2\/posts\/1465","targetHints":{"allow":["GET"]}}],"collection":[{"href":"https:\/\/oexpressobr.com.br\/index.php?rest_route=\/wp\/v2\/posts"}],"about":[{"href":"https:\/\/oexpressobr.com.br\/index.php?rest_route=\/wp\/v2\/types\/post"}],"author":[{"embeddable":true,"href":"https:\/\/oexpressobr.com.br\/index.php?rest_route=\/wp\/v2\/users\/1"}],"replies":[{"embeddable":true,"href":"https:\/\/oexpressobr.com.br\/index.php?rest_route=%2Fwp%2Fv2%2Fcomments&post=1465"}],"version-history":[{"count":1,"href":"https:\/\/oexpressobr.com.br\/index.php?rest_route=\/wp\/v2\/posts\/1465\/revisions"}],"predecessor-version":[{"id":1467,"href":"https:\/\/oexpressobr.com.br\/index.php?rest_route=\/wp\/v2\/posts\/1465\/revisions\/1467"}],"wp:featuredmedia":[{"embeddable":true,"href":"https:\/\/oexpressobr.com.br\/index.php?rest_route=\/wp\/v2\/media\/1466"}],"wp:attachment":[{"href":"https:\/\/oexpressobr.com.br\/index.php?rest_route=%2Fwp%2Fv2%2Fmedia&parent=1465"}],"wp:term":[{"taxonomy":"category","embeddable":true,"href":"https:\/\/oexpressobr.com.br\/index.php?rest_route=%2Fwp%2Fv2%2Fcategories&post=1465"},{"taxonomy":"post_tag","embeddable":true,"href":"https:\/\/oexpressobr.com.br\/index.php?rest_route=%2Fwp%2Fv2%2Ftags&post=1465"}],"curies":[{"name":"wp","href":"https:\/\/api.w.org\/{rel}","templated":true}]}}