{"id":1468,"date":"2026-01-06T06:19:00","date_gmt":"2026-01-06T09:19:00","guid":{"rendered":"https:\/\/oexpressobr.com.br\/?p=1468"},"modified":"2026-01-06T06:19:02","modified_gmt":"2026-01-06T09:19:02","slug":"policia-investiga-morte-de-soffia-ramos-e-adega-por-suspeita-de-venda-de-bebida-com-metanol-em-sp","status":"publish","type":"post","link":"https:\/\/oexpressobr.com.br\/?p=1468","title":{"rendered":"Pol\u00edcia investiga morte de Soffia Ramos e adega por suspeita de venda de bebida com metanol em SP"},"content":{"rendered":"\n<p class=\"wp-block-paragraph\">A Pol\u00edcia Civil de S\u00e3o Paulo intensificou nesta semana as investiga\u00e7\u00f5es sobre a morte da adolescente venezuelana <strong>Soffia Del Valle Torrealba Ramos<\/strong>, de 15 anos, ocorrida no \u00faltimo s\u00e1bado (3). A principal linha de investiga\u00e7\u00e3o aponta para uma intoxica\u00e7\u00e3o por <strong>metanol<\/strong>, subst\u00e2ncia altamente t\u00f3xica e frequentemente utilizada de forma criminosa para adulterar bebidas alco\u00f3licas.<\/p>\n\n\n\n<p class=\"wp-block-paragraph\">\u200bO caso de Soffia soma-se a uma preocupante crise de sa\u00fade p\u00fablica no estado. De acordo com os dados mais recentes da Secretaria de Seguran\u00e7a P\u00fablica (SSP) e da Secretaria da Sa\u00fade, S\u00e3o Paulo j\u00e1 contabiliza <strong>11 mortes confirmadas<\/strong> e mais de <strong>50 casos registrados<\/strong> de intoxica\u00e7\u00e3o pela subst\u00e2ncia apenas nos \u00faltimos meses.<\/p>\n\n\n\n<h3 class=\"wp-block-heading\">\u200bO caso: da celebra\u00e7\u00e3o \u00e0 trag\u00e9dia<\/h3>\n\n\n\n<p class=\"wp-block-paragraph\">\u200bSoffia saiu de casa na madrugada do dia 1\u00ba de janeiro com uma prima para comemorar o Ano Novo. Segundo o relato de Nelkis Del Valle Ramos Hernandez, m\u00e3e da jovem, a adolescente retornou por volta das 9h. Apesar de negar ter bebido, Soffia apresentava sinais de agita\u00e7\u00e3o e foi dormir.<\/p>\n\n\n\n<p class=\"wp-block-paragraph\">\u200bAo retornar do trabalho no final da tarde, a m\u00e3e encontrou a filha desacordada. A jovem foi levada \u00e0s pressas para o <strong>Hospital Municipal Cidade Tiradentes<\/strong>, na Zona Leste, onde permaneceu internada por dois dias. A ficha m\u00e9dica indicou sintomas cl\u00e1ssicos de envenenamento por metanol, como <strong>acidose metab\u00f3lica<\/strong> e <strong>disfun\u00e7\u00e3o renal<\/strong>. O \u00f3bito foi confirmado na noite de s\u00e1bado.<\/p>\n\n\n\n<blockquote class=\"wp-block-quote is-layout-flow wp-block-quote-is-layout-flow\">\n<p class=\"wp-block-paragraph\">\u200b&#8221;Minha dor \u00e9 grande. Ela era uma menina cheia de vida, que tinha o sonho de ser modelo&#8221;, desabafou Nelkis \u00e0 imprensa durante o vel\u00f3rio realizado na noite desta segunda-feira (5).<\/p>\n<\/blockquote>\n\n\n\n<h3 class=\"wp-block-heading\">\u200bOpera\u00e7\u00e3o policial e apreens\u00f5es<\/h3>\n\n\n\n<p class=\"wp-block-paragraph\">\u200bNa segunda-feira (5), agentes do 54\u00ba Distrito Policial (Cidade Tiradentes) realizaram uma opera\u00e7\u00e3o na adega onde a bebida teria sido adquirida. Durante a a\u00e7\u00e3o:<\/p>\n\n\n\n<ul class=\"wp-block-list\">\n<li>\u200b<strong>Garrafas de gin<\/strong> e outros destilados foram apreendidos para per\u00edcia t\u00e9cnica.<\/li>\n\n\n\n<li>\u200bO propriet\u00e1rio do estabelecimento foi detido em flagrante, inicialmente por <strong>furto de energia (gato)<\/strong> e armazenamento irregular de fogos de artif\u00edcio.<\/li>\n\n\n\n<li>\u200bA Pol\u00edcia T\u00e9cnico-Cient\u00edfica agora realiza exames toxicol\u00f3gicos e necrosc\u00f3picos para confirmar a presen\u00e7a de metanol no organismo da v\u00edtima e nos produtos recolhidos.<\/li>\n<\/ul>\n\n\n\n<h3 class=\"wp-block-heading\">\u200bO perigo silencioso do metanol<\/h3>\n\n\n\n<p class=\"wp-block-paragraph\">\u200bO metanol \u00e9 um \u00e1lcool industrial usado em solventes e combust\u00edveis, proibido para consumo humano. Diferente do etanol (\u00e1lcool comum), ele se transforma em <strong>\u00e1cido f\u00f3rmico<\/strong> no organismo, o que pode causar:<\/p>\n\n\n\n<ol class=\"wp-block-list\">\n<li>\u200b<strong>Cegueira irrevers\u00edvel<\/strong> (por danos ao nervo \u00f3ptico);<\/li>\n\n\n\n<li>\u200b<strong>Fal\u00eancia renal e hep\u00e1tica<\/strong>;<\/li>\n\n\n\n<li>\u200b<strong>Coma e morte<\/strong> em poucas horas se n\u00e3o houver tratamento com ant\u00eddoto espec\u00edfico.<\/li>\n<\/ol>\n\n\n\n<p class=\"wp-block-paragraph\">\u200bA pol\u00edcia agora busca identificar a origem da distribui\u00e7\u00e3o dessas bebidas adulteradas, investigando se h\u00e1 uma rede de fabrica\u00e7\u00e3o clandestina abastecendo adegas na periferia da capital e da Grande S\u00e3o Paulo.<\/p>\n","protected":false},"excerpt":{"rendered":"<p>A Pol\u00edcia Civil de S\u00e3o Paulo intensificou nesta semana as investiga\u00e7\u00f5es sobre a morte da adolescente venezuelana Soffia Del Valle Torrealba Ramos, de 15 anos, [&#8230;]<\/p>\n","protected":false},"author":1,"featured_media":1469,"comment_status":"open","ping_status":"open","sticky":false,"template":"","format":"standard","meta":{"_crdt_document":"","_jetpack_memberships_contains_paid_content":false,"footnotes":"","jetpack_publicize_message":"","jetpack_publicize_feature_enabled":true,"jetpack_social_post_already_shared":true,"jetpack_social_options":{"image_generator_settings":{"template":"highway","default_image_id":0,"font":"","enabled":false},"version":2}},"categories":[9],"tags":[],"class_list":["post-1468","post","type-post","status-publish","format-standard","has-post-thumbnail","hentry","category-policia"],"jetpack_publicize_connections":[],"jetpack_featured_media_url":"https:\/\/i0.wp.com\/oexpressobr.com.br\/wp-content\/uploads\/2026\/01\/IMG-20260106-WA0150.jpg?fit=1200%2C880&ssl=1","jetpack_likes_enabled":true,"jetpack_sharing_enabled":true,"_links":{"self":[{"href":"https:\/\/oexpressobr.com.br\/index.php?rest_route=\/wp\/v2\/posts\/1468","targetHints":{"allow":["GET"]}}],"collection":[{"href":"https:\/\/oexpressobr.com.br\/index.php?rest_route=\/wp\/v2\/posts"}],"about":[{"href":"https:\/\/oexpressobr.com.br\/index.php?rest_route=\/wp\/v2\/types\/post"}],"author":[{"embeddable":true,"href":"https:\/\/oexpressobr.com.br\/index.php?rest_route=\/wp\/v2\/users\/1"}],"replies":[{"embeddable":true,"href":"https:\/\/oexpressobr.com.br\/index.php?rest_route=%2Fwp%2Fv2%2Fcomments&post=1468"}],"version-history":[{"count":1,"href":"https:\/\/oexpressobr.com.br\/index.php?rest_route=\/wp\/v2\/posts\/1468\/revisions"}],"predecessor-version":[{"id":1470,"href":"https:\/\/oexpressobr.com.br\/index.php?rest_route=\/wp\/v2\/posts\/1468\/revisions\/1470"}],"wp:featuredmedia":[{"embeddable":true,"href":"https:\/\/oexpressobr.com.br\/index.php?rest_route=\/wp\/v2\/media\/1469"}],"wp:attachment":[{"href":"https:\/\/oexpressobr.com.br\/index.php?rest_route=%2Fwp%2Fv2%2Fmedia&parent=1468"}],"wp:term":[{"taxonomy":"category","embeddable":true,"href":"https:\/\/oexpressobr.com.br\/index.php?rest_route=%2Fwp%2Fv2%2Fcategories&post=1468"},{"taxonomy":"post_tag","embeddable":true,"href":"https:\/\/oexpressobr.com.br\/index.php?rest_route=%2Fwp%2Fv2%2Ftags&post=1468"}],"curies":[{"name":"wp","href":"https:\/\/api.w.org\/{rel}","templated":true}]}}