{"id":1474,"date":"2026-01-06T06:32:58","date_gmt":"2026-01-06T09:32:58","guid":{"rendered":"https:\/\/oexpressobr.com.br\/?p=1474"},"modified":"2026-01-06T06:33:00","modified_gmt":"2026-01-06T09:33:00","slug":"lula-interrompe-recesso-no-rio-e-conversa-com-delcy-rodriguez-apos-captura-de-maduro","status":"publish","type":"post","link":"https:\/\/oexpressobr.com.br\/?p=1474","title":{"rendered":"Lula interrompe recesso no Rio e conversa com Delcy Rodr\u00edguez ap\u00f3s captura de Maduro"},"content":{"rendered":"\n<p class=\"wp-block-paragraph\">\u200bO presidente Luiz In\u00e1cio Lula da Silva interrompeu seu per\u00edodo de descanso na base militar da Restinga da Marambaia, no Rio de Janeiro, para coordenar a resposta diplom\u00e1tica brasileira diante da escalada sem precedentes na crise venezuelana. A movimenta\u00e7\u00e3o ocorre ap\u00f3s a opera\u00e7\u00e3o militar norte-americana, denominada <strong>&#8220;Absolute Resolve&#8221;<\/strong>, que resultou na captura do presidente Nicol\u00e1s Maduro e de sua esposa, Cilia Flores, no \u00faltimo s\u00e1bado (3).<\/p>\n\n\n\n<h3 class=\"wp-block-heading\">\u200bArticula\u00e7\u00e3o de emerg\u00eancia e reconhecimento interino<\/h3>\n\n\n\n<p class=\"wp-block-paragraph\">\u200bMesmo \u00e0 dist\u00e2ncia, Lula manteve uma agenda intensa de reuni\u00f5es virtuais com o ministro das Rela\u00e7\u00f5es Exteriores, <strong>Mauro Vieira<\/strong> \u2014 que tamb\u00e9m interrompeu suas f\u00e9rias \u2014, e com o ministro da Defesa, <strong>Jos\u00e9 M\u00facio<\/strong>. O foco central das discuss\u00f5es foi a manuten\u00e7\u00e3o da estabilidade na fronteira em Roraima e a defini\u00e7\u00e3o da postura oficial do Brasil frente ao novo cen\u00e1rio pol\u00edtico em Caracas.<\/p>\n\n\n\n<p class=\"wp-block-paragraph\">\u200bNo domingo (4), o governo brasileiro sinalizou pragmatismo ao reconhecer a vice-presidente <strong>Delcy Rodr\u00edguez<\/strong> como presidente interina da Venezuela. A decis\u00e3o baseia-se no cumprimento da Constitui\u00e7\u00e3o venezuelana diante da aus\u00eancia do chefe de Estado. Lula chegou a conversar brevemente com Rodr\u00edguez para confirmar a situa\u00e7\u00e3o de comando no pa\u00eds vizinho e reiterar a posi\u00e7\u00e3o brasileira de defesa da soberania e condena\u00e7\u00e3o ao uso da for\u00e7a.<\/p>\n\n\n\n<h3 class=\"wp-block-heading\">\u200bO cen\u00e1rio em Caracas e a resposta internacional<\/h3>\n\n\n\n<p class=\"wp-block-paragraph\">\u200bA opera\u00e7\u00e3o coordenada pelo governo de Donald Trump envolveu mais de 150 aeronaves e ataques a alvos estrat\u00e9gicos na capital venezuelana. Enquanto Maduro foi levado para Nova York para enfrentar acusa\u00e7\u00f5es de narcoterrorismo, as For\u00e7as Armadas da Venezuela declararam lealdade a Delcy Rodr\u00edguez.<\/p>\n\n\n\n<p class=\"wp-block-paragraph\">\u200b<strong>Principais pontos da crise:<\/strong><\/p>\n\n\n\n<ul class=\"wp-block-list\">\n<li>\u200b<strong>Captura de Maduro:<\/strong> O l\u00edder venezuelano declarou-se &#8220;inocente&#8221; em audi\u00eancia em Manhattan nesta segunda-feira (5).<\/li>\n\n\n\n<li>\u200b<strong>Controle dos EUA:<\/strong> Trump afirmou que os Estados Unidos pretendem &#8220;administrar&#8221; o pa\u00eds at\u00e9 que uma transi\u00e7\u00e3o seja estabelecida, mencionando o interesse em reestruturar a ind\u00fastria petrol\u00edfera local.<\/li>\n\n\n\n<li>\u200b<strong>Fronteira Brasileira:<\/strong> O Ex\u00e9rcito Brasileiro refor\u00e7ou o monitoramento em Pacaraima (RR) para conter poss\u00edveis fluxos migrat\u00f3rios desordenados, embora a fronteira permane\u00e7a aberta.<\/li>\n<\/ul>\n\n\n\n<h3 class=\"wp-block-heading\">\u200bPr\u00f3ximos passos<\/h3>\n\n\n\n<p class=\"wp-block-paragraph\">\u200bA previs\u00e3o \u00e9 que o presidente Lula desembarque em Bras\u00edlia nesta ter\u00e7a-feira (6) para uma nova rodada de reuni\u00f5es presenciais no Pal\u00e1cio do Planalto. O Itamaraty deve levar o caso ao Conselho de Seguran\u00e7a da ONU, defendendo uma sa\u00edda mediada e criticando a interven\u00e7\u00e3o militar unilateral, que Lula classificou anteriormente como uma &#8220;cat\u00e1strofe humanit\u00e1ria&#8221;.<\/p>\n","protected":false},"excerpt":{"rendered":"<p>\u200bO presidente Luiz In\u00e1cio Lula da Silva interrompeu seu per\u00edodo de descanso na base militar da Restinga da Marambaia, no Rio de Janeiro, para coordenar [&#8230;]<\/p>\n","protected":false},"author":1,"featured_media":1475,"comment_status":"open","ping_status":"open","sticky":false,"template":"","format":"standard","meta":{"_crdt_document":"","_jetpack_memberships_contains_paid_content":false,"footnotes":"","jetpack_publicize_message":"","jetpack_publicize_feature_enabled":true,"jetpack_social_post_already_shared":true,"jetpack_social_options":{"image_generator_settings":{"template":"highway","default_image_id":0,"font":"","enabled":false},"version":2}},"categories":[3],"tags":[],"class_list":["post-1474","post","type-post","status-publish","format-standard","has-post-thumbnail","hentry","category-brasil"],"jetpack_publicize_connections":[],"jetpack_featured_media_url":"https:\/\/i0.wp.com\/oexpressobr.com.br\/wp-content\/uploads\/2026\/01\/54990238209_cf3e083472_o.jpg?fit=414%2C280&ssl=1","jetpack_likes_enabled":true,"jetpack_sharing_enabled":true,"_links":{"self":[{"href":"https:\/\/oexpressobr.com.br\/index.php?rest_route=\/wp\/v2\/posts\/1474","targetHints":{"allow":["GET"]}}],"collection":[{"href":"https:\/\/oexpressobr.com.br\/index.php?rest_route=\/wp\/v2\/posts"}],"about":[{"href":"https:\/\/oexpressobr.com.br\/index.php?rest_route=\/wp\/v2\/types\/post"}],"author":[{"embeddable":true,"href":"https:\/\/oexpressobr.com.br\/index.php?rest_route=\/wp\/v2\/users\/1"}],"replies":[{"embeddable":true,"href":"https:\/\/oexpressobr.com.br\/index.php?rest_route=%2Fwp%2Fv2%2Fcomments&post=1474"}],"version-history":[{"count":1,"href":"https:\/\/oexpressobr.com.br\/index.php?rest_route=\/wp\/v2\/posts\/1474\/revisions"}],"predecessor-version":[{"id":1476,"href":"https:\/\/oexpressobr.com.br\/index.php?rest_route=\/wp\/v2\/posts\/1474\/revisions\/1476"}],"wp:featuredmedia":[{"embeddable":true,"href":"https:\/\/oexpressobr.com.br\/index.php?rest_route=\/wp\/v2\/media\/1475"}],"wp:attachment":[{"href":"https:\/\/oexpressobr.com.br\/index.php?rest_route=%2Fwp%2Fv2%2Fmedia&parent=1474"}],"wp:term":[{"taxonomy":"category","embeddable":true,"href":"https:\/\/oexpressobr.com.br\/index.php?rest_route=%2Fwp%2Fv2%2Fcategories&post=1474"},{"taxonomy":"post_tag","embeddable":true,"href":"https:\/\/oexpressobr.com.br\/index.php?rest_route=%2Fwp%2Fv2%2Ftags&post=1474"}],"curies":[{"name":"wp","href":"https:\/\/api.w.org\/{rel}","templated":true}]}}