{"id":1477,"date":"2026-01-06T06:48:19","date_gmt":"2026-01-06T09:48:19","guid":{"rendered":"https:\/\/oexpressobr.com.br\/?p=1477"},"modified":"2026-01-06T06:48:21","modified_gmt":"2026-01-06T09:48:21","slug":"brasil-define-regras-de-elegibilidade-para-o-pleito-de-2026-stf-e-congresso-atualizam-normas-para-candidatos","status":"publish","type":"post","link":"https:\/\/oexpressobr.com.br\/?p=1477","title":{"rendered":"BRASIL define regras de elegibilidade para o pleito de 2026: STF e Congresso atualizam normas para candidatos"},"content":{"rendered":"\n<p class=\"wp-block-paragraph\">Com a proximidade do ciclo eleitoral de 2026, as aten\u00e7\u00f5es se voltam para a Constitui\u00e7\u00e3o Federal e as recentes atualiza\u00e7\u00f5es legislativas que balizam quem pode \u2014 e quem n\u00e3o pode \u2014 ocupar um cargo p\u00fablico no Brasil. Al\u00e9m da tradicional barreira da idade, novas decis\u00f5es do Supremo Tribunal Federal (STF) e leis aprovadas pelo Congresso Nacional trazem maior rigor e clareza para o processo de registro de candidaturas.<br>O &#8220;passaporte&#8221; para a candidatura<br>Para que um cidad\u00e3o possa concorrer, n\u00e3o basta apenas o desejo pol\u00edtico; \u00e9 necess\u00e1rio cumprir as condi\u00e7\u00f5es de elegibilidade previstas no Artigo 14 da Constitui\u00e7\u00e3o. Os requisitos fundamentais incluem:<\/p>\n\n\n\n<ul class=\"wp-block-list\">\n<li>Nacionalidade brasileira (sendo que alguns cargos, como a Presid\u00eancia, s\u00e3o privativos de brasileiros natos);<\/li>\n\n\n\n<li>Pleno exerc\u00edcio dos direitos pol\u00edticos (estar em dia com a Justi\u00e7a Eleitoral);<\/li>\n\n\n\n<li>Alistamento eleitoral e domic\u00edlio na circunscri\u00e7\u00e3o onde pretende concorrer;<\/li>\n\n\n\n<li>Filia\u00e7\u00e3o partid\u00e1ria: Recentemente, em dezembro de 2025, o STF reafirmou, por unanimidade, a impossibilidade de candidaturas avulsas, mantendo a obrigatoriedade do v\u00ednculo a um partido pol\u00edtico.<br><br>Idade m\u00ednima e a nova Lei 15.230<br><br>Um dos pontos que costuma gerar d\u00favidas \u00e9 o momento da comprova\u00e7\u00e3o da idade. A rec\u00e9m-sancionada Lei 15.230\/2025 trouxe atualiza\u00e7\u00f5es sobre como essa contagem deve ser feita para as elei\u00e7\u00f5es de 2026. Em regra, a idade \u00e9 verificada na data da posse, com exce\u00e7\u00e3o do cargo de vereador, onde os 18 anos devem estar completos na data do pedido de registro.<br>Cargo Idade M\u00ednima<br>Presidente, Vice e Senador 35 anos<br>Governador e Vice 30 anos<br>Deputados (Federal\/Estadual) e Prefeito 21 anos<br>Vereador 18 anos<br>Ficha Limpa e Inelegibilidade em 2026<br>A legisla\u00e7\u00e3o tamb\u00e9m se tornou mais espec\u00edfica quanto aos impedimentos. A Lei Complementar n\u00ba 219\/2025 alterou pontos da Lei da Ficha Limpa para dar mais seguran\u00e7a jur\u00eddica \u00e0 contagem dos prazos de inelegibilidade. Agora, h\u00e1 um esfor\u00e7o para unificar o tempo que um pol\u00edtico fica afastado das urnas ap\u00f3s condena\u00e7\u00f5es por abuso de poder pol\u00edtico ou econ\u00f4mico, evitando que o per\u00edodo de puni\u00e7\u00e3o se estenda indefinidamente por quest\u00f5es processuais. Nota do Editor: O Direito Constitucional \u00e9 a base de todo o sistema pol\u00edtico brasileiro. Compreender esses mecanismos \u00e9 essencial para o exerc\u00edcio pleno da cidadania.Para aqueles que desejam se aprofundar e entender como a Lei Fundamental do pa\u00eds organiza o Estado e protege direitos, o Senado Federal oferece uma oportunidade qualificada. O curso de Direito Constitucional do Instituto Legislativo Brasileiro (ILB) \u00e9 gratuito, realizado a dist\u00e2ncia e oferece certifica\u00e7\u00e3o.\n<ul class=\"wp-block-list\">\n<li>Inscri\u00e7\u00f5es: http:\/\/bit.ly\/Saberes_ILB<br><\/li>\n<\/ul>\n<\/li>\n<\/ul>\n","protected":false},"excerpt":{"rendered":"<p>Com a proximidade do ciclo eleitoral de 2026, as aten\u00e7\u00f5es se voltam para a Constitui\u00e7\u00e3o Federal e as recentes atualiza\u00e7\u00f5es legislativas que balizam quem pode [&#8230;]<\/p>\n","protected":false},"author":1,"featured_media":1478,"comment_status":"open","ping_status":"open","sticky":false,"template":"","format":"standard","meta":{"_crdt_document":"","_jetpack_memberships_contains_paid_content":false,"footnotes":"","jetpack_publicize_message":"","jetpack_publicize_feature_enabled":true,"jetpack_social_post_already_shared":true,"jetpack_social_options":{"image_generator_settings":{"template":"highway","default_image_id":0,"font":"","enabled":false},"version":2}},"categories":[3],"tags":[],"class_list":["post-1477","post","type-post","status-publish","format-standard","has-post-thumbnail","hentry","category-brasil"],"jetpack_publicize_connections":[],"jetpack_featured_media_url":"https:\/\/i0.wp.com\/oexpressobr.com.br\/wp-content\/uploads\/2026\/01\/IMG-20260106-WA0199.jpg?fit=1024%2C1280&ssl=1","jetpack_likes_enabled":true,"jetpack_sharing_enabled":true,"_links":{"self":[{"href":"https:\/\/oexpressobr.com.br\/index.php?rest_route=\/wp\/v2\/posts\/1477","targetHints":{"allow":["GET"]}}],"collection":[{"href":"https:\/\/oexpressobr.com.br\/index.php?rest_route=\/wp\/v2\/posts"}],"about":[{"href":"https:\/\/oexpressobr.com.br\/index.php?rest_route=\/wp\/v2\/types\/post"}],"author":[{"embeddable":true,"href":"https:\/\/oexpressobr.com.br\/index.php?rest_route=\/wp\/v2\/users\/1"}],"replies":[{"embeddable":true,"href":"https:\/\/oexpressobr.com.br\/index.php?rest_route=%2Fwp%2Fv2%2Fcomments&post=1477"}],"version-history":[{"count":1,"href":"https:\/\/oexpressobr.com.br\/index.php?rest_route=\/wp\/v2\/posts\/1477\/revisions"}],"predecessor-version":[{"id":1479,"href":"https:\/\/oexpressobr.com.br\/index.php?rest_route=\/wp\/v2\/posts\/1477\/revisions\/1479"}],"wp:featuredmedia":[{"embeddable":true,"href":"https:\/\/oexpressobr.com.br\/index.php?rest_route=\/wp\/v2\/media\/1478"}],"wp:attachment":[{"href":"https:\/\/oexpressobr.com.br\/index.php?rest_route=%2Fwp%2Fv2%2Fmedia&parent=1477"}],"wp:term":[{"taxonomy":"category","embeddable":true,"href":"https:\/\/oexpressobr.com.br\/index.php?rest_route=%2Fwp%2Fv2%2Fcategories&post=1477"},{"taxonomy":"post_tag","embeddable":true,"href":"https:\/\/oexpressobr.com.br\/index.php?rest_route=%2Fwp%2Fv2%2Ftags&post=1477"}],"curies":[{"name":"wp","href":"https:\/\/api.w.org\/{rel}","templated":true}]}}