{"id":1482,"date":"2026-01-06T09:10:01","date_gmt":"2026-01-06T12:10:01","guid":{"rendered":"https:\/\/oexpressobr.com.br\/?p=1482"},"modified":"2026-01-06T09:10:02","modified_gmt":"2026-01-06T12:10:02","slug":"audio-de-assessor-da-casa-civil-para-lider-comunitario-pressiona-governo-ratinho-junior-por-pericia","status":"publish","type":"post","link":"https:\/\/oexpressobr.com.br\/?p=1482","title":{"rendered":"\u00c1udio de assessor da Casa Civil para l\u00edder comunit\u00e1rio pressiona governo Ratinho Junior por per\u00edcia"},"content":{"rendered":"\n<p class=\"wp-block-paragraph\">A gest\u00e3o do governador Ratinho Junior (PSD) enfrenta um novo foco de desgaste pol\u00edtico ap\u00f3s o vazamento de um \u00e1udio atribu\u00eddo a <strong>Rog\u00e9rio Pazzoto<\/strong>, assessor da Casa Civil. Na grava\u00e7\u00e3o, Pazzoto conversa com uma lideran\u00e7a conhecida como <strong>Bedeu<\/strong>, em um di\u00e1logo que levanta suspeitas sobre a condu\u00e7\u00e3o de interesses p\u00fablicos e articula\u00e7\u00f5es pol\u00edticas nos bastidores do Pal\u00e1cio Igua\u00e7u.<\/p>\n\n\n\n<h3 class=\"wp-block-heading\">\u200bO teor da controv\u00e9rsia<\/h3>\n\n\n\n<p class=\"wp-block-paragraph\">\u200bO material, que circulou rapidamente em grupos de mensagens e bastidores da Assembleia Legislativa do Paran\u00e1 (ALEP), sugere uma proximidade institucional usada para fins que a oposi\u00e7\u00e3o classifica como nebulosos. A autenticidade do \u00e1udio \u00e9 o ponto central da crise:<\/p>\n\n\n\n<ul class=\"wp-block-list\">\n<li>\u200b<strong>Exig\u00eancia de Per\u00edcia:<\/strong> Parlamentares de oposi\u00e7\u00e3o e entidades civis j\u00e1 se mobilizam para protocolar pedidos de per\u00edcia t\u00e9cnica oficial. O objetivo \u00e9 confirmar se a voz e o contexto da grava\u00e7\u00e3o pertencem, de fato, ao assessor.<\/li>\n\n\n\n<li>\u200b<strong>Implica\u00e7\u00f5es Pol\u00edticas:<\/strong> Caso a veracidade seja confirmada, o governo estadual precisar\u00e1 esclarecer se as tratativas mencionadas por Pazzoto tinham respaldo oficial ou se configuram desvio de finalidade por parte do servidor.<\/li>\n<\/ul>\n\n\n\n<h3 class=\"wp-block-heading\">\u200bRea\u00e7\u00f5es e o sil\u00eancio do Pal\u00e1cio<\/h3>\n\n\n\n<p class=\"wp-block-paragraph\">\u200bAt\u00e9 o momento, a <strong>Casa Civil<\/strong> tem adotado uma postura cautelosa, limitando-se a monitorar a repercuss\u00e3o. No entanto, a press\u00e3o por transpar\u00eancia cresce entre a sociedade paranaense, que exige respostas sobre como assessores diretos do primeiro escal\u00e3o se relacionam com lideran\u00e7as locais.<\/p>\n\n\n\n<blockquote class=\"wp-block-quote is-layout-flow wp-block-quote-is-layout-flow\">\n<p class=\"wp-block-paragraph\">\u200b&#8221;A transpar\u00eancia n\u00e3o \u00e9 uma escolha, \u00e9 um dever. Se o \u00e1udio \u00e9 real, o governo n\u00e3o deve apenas explica\u00e7\u00f5es, mas medidas administrativas imediatas&#8221;, afirmou um interlocutor da Alep que acompanha o caso.<\/p>\n<\/blockquote>\n\n\n\n<h3 class=\"wp-block-heading\">\u200bO que est\u00e1 em jogo<\/h3>\n\n\n\n<p class=\"wp-block-paragraph\">\u200bA crise ocorre em um momento em que o governo Ratinho Junior busca consolidar projetos de infraestrutura e parcerias p\u00fablico-privadas. Qualquer suspeita de irregularidade na Casa Civil \u2014 o &#8220;cora\u00e7\u00e3o&#8221; pol\u00edtico do estado \u2014 pode comprometer a governabilidade e a imagem de efici\u00eancia que a gest\u00e3o tenta projetar.<\/p>\n\n\n\n<p class=\"wp-block-paragraph\">\u200b<strong>Pr\u00f3ximos passos:<\/strong><\/p>\n\n\n\n<p class=\"wp-block-paragraph\">Aguardamos o resultado de eventuais per\u00edcias independentes e o posicionamento oficial detalhado dos envolvidos.<\/p>\n\n\n\n<div class=\"wp-block-file\"><a id=\"wp-block-file--media-943582d1-880f-4477-b366-9884e62a9f37\" href=\"https:\/\/videos.files.wordpress.com\/Tv0QpsF7\/vid-20260106-wa0223.mp4\">vid-20260106-wa0223-mp4<\/a><a href=\"https:\/\/videos.files.wordpress.com\/Tv0QpsF7\/vid-20260106-wa0223.mp4\" class=\"wp-block-file__button wp-element-button\" download aria-describedby=\"wp-block-file--media-943582d1-880f-4477-b366-9884e62a9f37\">Baixar<\/a><\/div>\n\n\n\n<p class=\"wp-block-paragraph\"><\/p>\n","protected":false},"excerpt":{"rendered":"<p>A gest\u00e3o do governador Ratinho Junior (PSD) enfrenta um novo foco de desgaste pol\u00edtico ap\u00f3s o vazamento de um \u00e1udio atribu\u00eddo a Rog\u00e9rio Pazzoto, assessor [&#8230;]<\/p>\n","protected":false},"author":1,"featured_media":1484,"comment_status":"open","ping_status":"open","sticky":false,"template":"","format":"standard","meta":{"_crdt_document":"","_jetpack_memberships_contains_paid_content":false,"footnotes":"","jetpack_publicize_message":"","jetpack_publicize_feature_enabled":true,"jetpack_social_post_already_shared":true,"jetpack_social_options":{"image_generator_settings":{"template":"highway","default_image_id":0,"font":"","enabled":false},"version":2}},"categories":[5],"tags":[],"class_list":["post-1482","post","type-post","status-publish","format-standard","has-post-thumbnail","hentry","category-parana"],"jetpack_publicize_connections":[],"jetpack_featured_media_url":"https:\/\/i0.wp.com\/oexpressobr.com.br\/wp-content\/uploads\/2026\/01\/foto18pol-201-ratinho-a14.jpg?fit=984%2C929&ssl=1","jetpack_likes_enabled":true,"jetpack_sharing_enabled":true,"_links":{"self":[{"href":"https:\/\/oexpressobr.com.br\/index.php?rest_route=\/wp\/v2\/posts\/1482","targetHints":{"allow":["GET"]}}],"collection":[{"href":"https:\/\/oexpressobr.com.br\/index.php?rest_route=\/wp\/v2\/posts"}],"about":[{"href":"https:\/\/oexpressobr.com.br\/index.php?rest_route=\/wp\/v2\/types\/post"}],"author":[{"embeddable":true,"href":"https:\/\/oexpressobr.com.br\/index.php?rest_route=\/wp\/v2\/users\/1"}],"replies":[{"embeddable":true,"href":"https:\/\/oexpressobr.com.br\/index.php?rest_route=%2Fwp%2Fv2%2Fcomments&post=1482"}],"version-history":[{"count":1,"href":"https:\/\/oexpressobr.com.br\/index.php?rest_route=\/wp\/v2\/posts\/1482\/revisions"}],"predecessor-version":[{"id":1485,"href":"https:\/\/oexpressobr.com.br\/index.php?rest_route=\/wp\/v2\/posts\/1482\/revisions\/1485"}],"wp:featuredmedia":[{"embeddable":true,"href":"https:\/\/oexpressobr.com.br\/index.php?rest_route=\/wp\/v2\/media\/1484"}],"wp:attachment":[{"href":"https:\/\/oexpressobr.com.br\/index.php?rest_route=%2Fwp%2Fv2%2Fmedia&parent=1482"}],"wp:term":[{"taxonomy":"category","embeddable":true,"href":"https:\/\/oexpressobr.com.br\/index.php?rest_route=%2Fwp%2Fv2%2Fcategories&post=1482"},{"taxonomy":"post_tag","embeddable":true,"href":"https:\/\/oexpressobr.com.br\/index.php?rest_route=%2Fwp%2Fv2%2Ftags&post=1482"}],"curies":[{"name":"wp","href":"https:\/\/api.w.org\/{rel}","templated":true}]}}