{"id":1498,"date":"2026-01-06T11:11:24","date_gmt":"2026-01-06T14:11:24","guid":{"rendered":"https:\/\/oexpressobr.com.br\/?p=1498"},"modified":"2026-01-06T11:11:25","modified_gmt":"2026-01-06T14:11:25","slug":"camara-dos-deputados-abre-inscricoes-para-concurso-com-salario-de-ate-r-30-mil-e-ampla-escolaridade","status":"publish","type":"post","link":"https:\/\/oexpressobr.com.br\/?p=1498","title":{"rendered":"C\u00e2mara dos Deputados abre inscri\u00e7\u00f5es para concurso com sal\u00e1rio de at\u00e9 R$ 30 mil e ampla escolaridade"},"content":{"rendered":"\n<p class=\"wp-block-paragraph\">Come\u00e7ou nesta segunda-feira (5) o per\u00edodo de inscri\u00e7\u00f5es para o novo concurso p\u00fablico da <strong>C\u00e2mara dos Deputados<\/strong>, um dos certames mais aguardados do servi\u00e7o p\u00fablico federal. O edital oferece um total de <strong>140 vagas<\/strong>, sendo 70 para preenchimento imediato e 70 para forma\u00e7\u00e3o de cadastro de reserva, com sal\u00e1rios que chegam a <strong>R$ 30.853,99<\/strong>.<\/p>\n\n\n\n<p class=\"wp-block-paragraph\">\u200bA grande novidade para os candidatos \u00e9 a flexibilidade de requisitos: o edital n\u00e3o exige gradua\u00e7\u00e3o em uma \u00e1rea espec\u00edfica para as principais fun\u00e7\u00f5es. Basta possuir diploma de n\u00edvel superior em <strong>qualquer curso<\/strong> reconhecido pelo Minist\u00e9rio da Educa\u00e7\u00e3o (MEC).<\/p>\n\n\n\n<h3 class=\"wp-block-heading\">\u200bDetalhes das Vagas e Remunera\u00e7\u00e3o<\/h3>\n\n\n\n<p class=\"wp-block-paragraph\">\u200bAs oportunidades est\u00e3o divididas entre os cargos de Analista e T\u00e9cnico Legislativo, ambos com jornada de 40 horas semanais e lota\u00e7\u00e3o em Bras\u00edlia (DF).<\/p>\n\n\n\n<ul class=\"wp-block-list\">\n<li>\u200b<strong>Analista Legislativo (Processo Legislativo e Gest\u00e3o):<\/strong>\n<ul class=\"wp-block-list\">\n<li>\u200b<strong>Sal\u00e1rio inicial:<\/strong> R$ 30.853,99.<\/li>\n\n\n\n<li>\u200b<strong>Vagas:<\/strong> 35 imediatas + 35 em cadastro de reserva.<\/li>\n<\/ul>\n<\/li>\n\n\n\n<li>\u200b<strong>T\u00e9cnico Legislativo (Assistente Legislativo e Administrativo):<\/strong>\n<ul class=\"wp-block-list\">\n<li>\u200b<strong>Sal\u00e1rio inicial:<\/strong> R$ 21.008,19.<\/li>\n\n\n\n<li>\u200b<strong>Vagas:<\/strong> 35 imediatas + 35 em cadastro de reserva.<\/li>\n<\/ul>\n<\/li>\n<\/ul>\n\n\n\n<p class=\"wp-block-paragraph\">\u200bAl\u00e9m dos vencimentos b\u00e1sicos, os aprovados ter\u00e3o direito a benef\u00edcios como aux\u00edlio-alimenta\u00e7\u00e3o (superior a R$ 1.700,00), assist\u00eancia pr\u00e9-escolar e assist\u00eancia m\u00e9dica e odontol\u00f3gica.<\/p>\n\n\n\n<h3 class=\"wp-block-heading\">\u200bCronograma e Inscri\u00e7\u00f5es<\/h3>\n\n\n\n<p class=\"wp-block-paragraph\">\u200bAs inscri\u00e7\u00f5es devem ser realizadas exclusivamente pelo site do <strong>Cebraspe<\/strong>, banca organizadora do concurso, at\u00e9 o dia <strong>26 de janeiro de 2026<\/strong>.<\/p>\n\n\n\n<p class=\"wp-block-paragraph\">A taxa de inscri\u00e7\u00e3o \u00e9 de <strong>R$ 100,00<\/strong> para o cargo de T\u00e9cnico e <strong>R$ 130,00<\/strong> para Analista. Um diferencial log\u00edstico importante \u00e9 que as provas objetivas e discursivas ser\u00e3o aplicadas em <strong>todas as capitais<\/strong> dos 26 estados e no Distrito Federal.<\/p>\n\n\n\n<h3 class=\"wp-block-heading\">\u200bCotas e Reserva de Vagas<\/h3>\n\n\n\n<p class=\"wp-block-paragraph\">\u200bO concurso reafirma o compromisso com a diversidade, destinando 30% das vagas para pol\u00edticas de cotas, distribu\u00eddas entre candidatos negros (25%), ind\u00edgenas (3%) e quilombolas (2%), al\u00e9m da reserva legal para pessoas com defici\u00eancia (PCD).<\/p>\n\n\n\n<blockquote class=\"wp-block-quote is-layout-flow wp-block-quote-is-layout-flow\">\n<p class=\"wp-block-paragraph\">\u200b<strong>Dica ao Candidato:<\/strong> As provas objetivas contar\u00e3o com 180 quest\u00f5es (90 de conhecimentos gerais e 90 espec\u00edficos) no modelo Certo\/Errado, tradicional da banca Cebraspe.<\/p>\n<\/blockquote>\n","protected":false},"excerpt":{"rendered":"<p>Come\u00e7ou nesta segunda-feira (5) o per\u00edodo de inscri\u00e7\u00f5es para o novo concurso p\u00fablico da C\u00e2mara dos Deputados, um dos certames mais aguardados do servi\u00e7o p\u00fablico [&#8230;]<\/p>\n","protected":false},"author":1,"featured_media":1499,"comment_status":"open","ping_status":"open","sticky":false,"template":"","format":"standard","meta":{"_crdt_document":"","_jetpack_memberships_contains_paid_content":false,"footnotes":"","jetpack_publicize_message":"","jetpack_publicize_feature_enabled":true,"jetpack_social_post_already_shared":true,"jetpack_social_options":{"image_generator_settings":{"template":"highway","default_image_id":0,"font":"","enabled":false},"version":2}},"categories":[3],"tags":[],"class_list":["post-1498","post","type-post","status-publish","format-standard","has-post-thumbnail","hentry","category-brasil"],"jetpack_publicize_connections":[],"jetpack_featured_media_url":"https:\/\/i0.wp.com\/oexpressobr.com.br\/wp-content\/uploads\/2026\/01\/IMG-20260106-WA0288.jpg?fit=1600%2C979&ssl=1","jetpack_likes_enabled":true,"jetpack_sharing_enabled":true,"_links":{"self":[{"href":"https:\/\/oexpressobr.com.br\/index.php?rest_route=\/wp\/v2\/posts\/1498","targetHints":{"allow":["GET"]}}],"collection":[{"href":"https:\/\/oexpressobr.com.br\/index.php?rest_route=\/wp\/v2\/posts"}],"about":[{"href":"https:\/\/oexpressobr.com.br\/index.php?rest_route=\/wp\/v2\/types\/post"}],"author":[{"embeddable":true,"href":"https:\/\/oexpressobr.com.br\/index.php?rest_route=\/wp\/v2\/users\/1"}],"replies":[{"embeddable":true,"href":"https:\/\/oexpressobr.com.br\/index.php?rest_route=%2Fwp%2Fv2%2Fcomments&post=1498"}],"version-history":[{"count":1,"href":"https:\/\/oexpressobr.com.br\/index.php?rest_route=\/wp\/v2\/posts\/1498\/revisions"}],"predecessor-version":[{"id":1500,"href":"https:\/\/oexpressobr.com.br\/index.php?rest_route=\/wp\/v2\/posts\/1498\/revisions\/1500"}],"wp:featuredmedia":[{"embeddable":true,"href":"https:\/\/oexpressobr.com.br\/index.php?rest_route=\/wp\/v2\/media\/1499"}],"wp:attachment":[{"href":"https:\/\/oexpressobr.com.br\/index.php?rest_route=%2Fwp%2Fv2%2Fmedia&parent=1498"}],"wp:term":[{"taxonomy":"category","embeddable":true,"href":"https:\/\/oexpressobr.com.br\/index.php?rest_route=%2Fwp%2Fv2%2Fcategories&post=1498"},{"taxonomy":"post_tag","embeddable":true,"href":"https:\/\/oexpressobr.com.br\/index.php?rest_route=%2Fwp%2Fv2%2Ftags&post=1498"}],"curies":[{"name":"wp","href":"https:\/\/api.w.org\/{rel}","templated":true}]}}