{"id":1515,"date":"2026-01-07T04:17:30","date_gmt":"2026-01-07T07:17:30","guid":{"rendered":"https:\/\/oexpressobr.com.br\/?p=1515"},"modified":"2026-01-07T04:17:31","modified_gmt":"2026-01-07T07:17:31","slug":"bolsonaro-aguarda-autorizacao-do-stf-apos-queda-e-traumatismo-leve-na-carceragem-da-pf","status":"publish","type":"post","link":"https:\/\/oexpressobr.com.br\/?p=1515","title":{"rendered":"Bolsonaro aguarda autoriza\u00e7\u00e3o do STF ap\u00f3s queda e traumatismo leve na carceragem da PF"},"content":{"rendered":"\n<p class=\"wp-block-paragraph\">O ex-presidente Jair Bolsonaro (PL) tornou-se o centro de uma nova pol\u00eamica m\u00e9dica e jur\u00eddica nesta ter\u00e7a-feira (6\/1). Ap\u00f3s passar mal durante a madrugada na Superintend\u00eancia da Pol\u00edcia Federal, em Bras\u00edlia, Bolsonaro sofreu uma queda em sua cela, batendo a cabe\u00e7a em um m\u00f3vel. O incidente, revelado inicialmente pela ex-primeira-dama Michelle Bolsonaro, gerou vers\u00f5es conflitantes entre a fam\u00edlia, a defesa e as autoridades policiais.<\/p>\n\n\n\n<h3 class=\"wp-block-heading\">\u200bO incidente e o socorro<\/h3>\n\n\n\n<p class=\"wp-block-paragraph\">\u200bSegundo o relato de Michelle nas redes sociais, o ex-presidente teve uma &#8220;crise&#8221; enquanto dormia. Ela criticou o isolamento do local, afirmando que, como o quarto permanece fechado durante a noite, ele s\u00f3 recebeu atendimento horas depois, quando agentes foram cham\u00e1-lo para a visita matinal. &#8220;Meu amor n\u00e3o est\u00e1 bem&#8221;, escreveu Michelle, que chegou a aguardar no estacionamento do Hospital DF Star a libera\u00e7\u00e3o para a interna\u00e7\u00e3o do marido.<\/p>\n\n\n\n<p class=\"wp-block-paragraph\">\u200bA Pol\u00edcia Federal confirmou a queda, mas negou neglig\u00eancia no atendimento. Em nota oficial, a corpora\u00e7\u00e3o informou que o m\u00e9dico de plant\u00e3o constatou apenas &#8220;ferimentos leves&#8221; e que o ex-mandat\u00e1rio foi colocado em observa\u00e7\u00e3o. No entanto, o m\u00e9dico particular de Bolsonaro, Cl\u00e1udio Birolini, diagnosticou um <strong>traumatismo cranioencef\u00e1lico leve<\/strong>. Segundo o cardiologista Brasil Caiado, que tamb\u00e9m o acompanha, Bolsonaro apresenta sintomas como apatia, tontura e uma queda na p\u00e1lpebra (ptose).<\/p>\n\n\n\n<h3 class=\"wp-block-heading\">\u200bEmbate jur\u00eddico no STF<\/h3>\n\n\n\n<p class=\"wp-block-paragraph\">\u200bA defesa de Bolsonaro acionou o Supremo Tribunal Federal (STF) com um pedido de urg\u00eancia para que ele fosse transferido imediatamente ao hospital para exames de imagem, como tomografia e resson\u00e2ncia, visando descartar danos neurol\u00f3gicos.<\/p>\n\n\n\n<p class=\"wp-block-paragraph\">\u200bO ministro <strong>Alexandre de Moraes<\/strong>, contudo, negou o pedido de remo\u00e7\u00e3o imediata. Baseando-se em informa\u00e7\u00f5es preliminares da PF, o magistrado entendeu que o quadro cl\u00ednico n\u00e3o apresentava agravamento que justificasse a sa\u00edda urgente e solicitou que a Pol\u00edcia Federal encaminhe o laudo detalhado dos m\u00e9dicos da corpora\u00e7\u00e3o antes de qualquer nova delibera\u00e7\u00e3o.<\/p>\n\n\n\n<h3 class=\"wp-block-heading\">\u200bContexto de sa\u00fade<\/h3>\n\n\n\n<p class=\"wp-block-paragraph\">\u200bO acidente ocorre apenas cinco dias ap\u00f3s Bolsonaro ter recebido alta hospitalar. No dia 1\u00ba de janeiro, ele havia retornado \u00e0 cela ap\u00f3s passar por cirurgias para corre\u00e7\u00e3o de h\u00e9rnias inguinais e procedimentos para tratar crises persistentes de solu\u00e7os.<\/p>\n\n\n\n<p class=\"wp-block-paragraph\">\u200bPara aliados e advogados, o epis\u00f3dio refor\u00e7a a tese de que o Estado n\u00e3o possui condi\u00e7\u00f5es de garantir a integridade f\u00edsica e os cuidados m\u00e9dicos necess\u00e1rios ao ex-presidente na pris\u00e3o, servindo de novo argumento para os pedidos de convers\u00e3o da pena em pris\u00e3o domiciliar. At\u00e9 o momento, Bolsonaro permanece sob cust\u00f3dia na sede da PF em Bras\u00edlia, aguardando a decis\u00e3o final do STF sobre a realiza\u00e7\u00e3o de exames externos.<\/p>\n","protected":false},"excerpt":{"rendered":"<p>O ex-presidente Jair Bolsonaro (PL) tornou-se o centro de uma nova pol\u00eamica m\u00e9dica e jur\u00eddica nesta ter\u00e7a-feira (6\/1). Ap\u00f3s passar mal durante a madrugada na [&#8230;]<\/p>\n","protected":false},"author":1,"featured_media":1516,"comment_status":"open","ping_status":"open","sticky":false,"template":"","format":"standard","meta":{"_crdt_document":"","_jetpack_memberships_contains_paid_content":false,"footnotes":"","jetpack_publicize_message":"","jetpack_publicize_feature_enabled":true,"jetpack_social_post_already_shared":true,"jetpack_social_options":{"image_generator_settings":{"template":"highway","default_image_id":0,"font":"","enabled":false},"version":2}},"categories":[8],"tags":[],"class_list":["post-1515","post","type-post","status-publish","format-standard","has-post-thumbnail","hentry","category-judiciario"],"jetpack_publicize_connections":[],"jetpack_featured_media_url":"https:\/\/i0.wp.com\/oexpressobr.com.br\/wp-content\/uploads\/2026\/01\/9fe36690-eb1b-11f0-a422-4ba8a094a8fa.jpg.webp?fit=800%2C533&ssl=1","jetpack_likes_enabled":true,"jetpack_sharing_enabled":true,"_links":{"self":[{"href":"https:\/\/oexpressobr.com.br\/index.php?rest_route=\/wp\/v2\/posts\/1515","targetHints":{"allow":["GET"]}}],"collection":[{"href":"https:\/\/oexpressobr.com.br\/index.php?rest_route=\/wp\/v2\/posts"}],"about":[{"href":"https:\/\/oexpressobr.com.br\/index.php?rest_route=\/wp\/v2\/types\/post"}],"author":[{"embeddable":true,"href":"https:\/\/oexpressobr.com.br\/index.php?rest_route=\/wp\/v2\/users\/1"}],"replies":[{"embeddable":true,"href":"https:\/\/oexpressobr.com.br\/index.php?rest_route=%2Fwp%2Fv2%2Fcomments&post=1515"}],"version-history":[{"count":1,"href":"https:\/\/oexpressobr.com.br\/index.php?rest_route=\/wp\/v2\/posts\/1515\/revisions"}],"predecessor-version":[{"id":1517,"href":"https:\/\/oexpressobr.com.br\/index.php?rest_route=\/wp\/v2\/posts\/1515\/revisions\/1517"}],"wp:featuredmedia":[{"embeddable":true,"href":"https:\/\/oexpressobr.com.br\/index.php?rest_route=\/wp\/v2\/media\/1516"}],"wp:attachment":[{"href":"https:\/\/oexpressobr.com.br\/index.php?rest_route=%2Fwp%2Fv2%2Fmedia&parent=1515"}],"wp:term":[{"taxonomy":"category","embeddable":true,"href":"https:\/\/oexpressobr.com.br\/index.php?rest_route=%2Fwp%2Fv2%2Fcategories&post=1515"},{"taxonomy":"post_tag","embeddable":true,"href":"https:\/\/oexpressobr.com.br\/index.php?rest_route=%2Fwp%2Fv2%2Ftags&post=1515"}],"curies":[{"name":"wp","href":"https:\/\/api.w.org\/{rel}","templated":true}]}}