{"id":1518,"date":"2026-01-07T04:24:43","date_gmt":"2026-01-07T07:24:43","guid":{"rendered":"https:\/\/oexpressobr.com.br\/?p=1518"},"modified":"2026-01-07T04:24:46","modified_gmt":"2026-01-07T07:24:46","slug":"eua-capturam-nicolas-maduro-em-caracas-e-geram-onda-de-protestos-e-incerteza-global","status":"publish","type":"post","link":"https:\/\/oexpressobr.com.br\/?p=1518","title":{"rendered":"EUA capturam Nicol\u00e1s Maduro em Caracas e geram onda de protestos e incerteza global"},"content":{"rendered":"\n<p class=\"wp-block-paragraph\">A capital venezuelana amanheceu sob um clima de extrema tens\u00e3o e incerteza ap\u00f3s a confirma\u00e7\u00e3o de que o presidente <strong>Nicol\u00e1s Maduro<\/strong> e sua esposa, <strong>Cilia Flores<\/strong>, foram capturados em uma opera\u00e7\u00e3o militar rel\u00e2mpago conduzida por for\u00e7as especiais dos <strong>Estados Unidos<\/strong> no \u00faltimo s\u00e1bado, 3 de janeiro de 2026. A a\u00e7\u00e3o, denominada <strong>Opera\u00e7\u00e3o Absolute Resolve<\/strong>, foi confirmada pelo presidente Donald Trump e resultou na transfer\u00eancia imediata de Maduro para uma unidade de deten\u00e7\u00e3o federal em Nova York.<\/p>\n\n\n\n<h3 class=\"wp-block-heading\">\u200bDetalhes da opera\u00e7\u00e3o e situa\u00e7\u00e3o jur\u00eddica<\/h3>\n\n\n\n<p class=\"wp-block-paragraph\">\u200bA captura ocorreu na resid\u00eancia do l\u00edder venezuelano em <strong>Forte Tiuna<\/strong>, Caracas. Segundo relat\u00f3rios do Pent\u00e1gono, a opera\u00e7\u00e3o foi executada pela <em>Delta Force<\/em> com apoio de intelig\u00eancia da CIA. Maduro foi levado inicialmente para o navio militar <em>USS Iwo Jima<\/em>, no Caribe, e posteriormente transportado para o <strong>Metropolitan Detention Center<\/strong>, no Brooklyn.<\/p>\n\n\n\n<p class=\"wp-block-paragraph\">\u200bO l\u00edder venezuelano enfrenta graves acusa\u00e7\u00f5es na justi\u00e7a americana, incluindo:<\/p>\n\n\n\n<ul class=\"wp-block-list\">\n<li>\u200b<strong>Narcoterrorismo<\/strong> e conspira\u00e7\u00e3o para importar coca\u00edna para os EUA;<\/li>\n\n\n\n<li>\u200bCrimes relacionados ao uso de armas autom\u00e1ticas;<\/li>\n\n\n\n<li>\u200bLideran\u00e7a do chamado &#8220;Cartel dos S\u00f3is&#8221;.<\/li>\n<\/ul>\n\n\n\n<p class=\"wp-block-paragraph\">\u200bNa segunda-feira (5), em sua primeira audi\u00eancia de cust\u00f3dia em Manhattan, Maduro declarou-se <strong>&#8220;inocente&#8221;<\/strong> e afirmou ser um <strong>&#8220;prisioneiro de guerra&#8221;<\/strong>, alegando que foi v\u00edtima de um sequestro internacional. A pr\u00f3xima audi\u00eancia est\u00e1 marcada para o dia 17 de mar\u00e7o de 2026.<\/p>\n\n\n\n<h3 class=\"wp-block-heading\">\u200bRea\u00e7\u00f5es em Caracas: &#8220;O povo indignado exige seus direitos!&#8221;<\/h3>\n\n\n\n<p class=\"wp-block-paragraph\">\u200bEnquanto a oposi\u00e7\u00e3o e parte da comunidade internacional veem a queda de Maduro como uma oportunidade de restaura\u00e7\u00e3o democr\u00e1tica, as ruas de Caracas foram tomadas por milhares de apoiadores do regime. A <strong>BBC<\/strong> acompanhou marchas onde manifestantes entoavam gritos de resist\u00eancia e exigiam a liberta\u00e7\u00e3o do l\u00edder.<\/p>\n\n\n\n<blockquote class=\"wp-block-quote is-layout-flow wp-block-quote-is-layout-flow\">\n<p class=\"wp-block-paragraph\">\u200b&#8221;Marchamos porque queremos mostrar ao mundo que o nosso presidente Nicol\u00e1s Maduro e a nossa &#8216;primeira combatente&#8217; Cilia Flores n\u00e3o est\u00e3o sozinhos. Somos um povo pronto a dar a vida por eles&#8221;, afirmou Antony Quintana, de 39 anos, durante os protestos na capital.<\/p>\n<\/blockquote>\n\n\n\n<p class=\"wp-block-paragraph\">\u200bA atual configura\u00e7\u00e3o pol\u00edtica na Venezuela \u00e9 de alerta m\u00e1ximo:<\/p>\n\n\n\n<ol class=\"wp-block-list\">\n<li>\u200b<strong>Presid\u00eancia Interina:<\/strong> A vice-presidente <strong>Delcy Rodr\u00edguez<\/strong> assumiu o cargo de forma interina com o apoio das For\u00e7as Armadas.<\/li>\n\n\n\n<li>\u200b<strong>Estado de Emerg\u00eancia:<\/strong> Foi decretado estado de exce\u00e7\u00e3o para conter dist\u00farbios, com relatos de mil\u00edcias patrulhando ruas e restri\u00e7\u00f5es \u00e0 imprensa.<\/li>\n\n\n\n<li>\u200b<strong>Resposta Militar:<\/strong> O ministro da Defesa, Vladimir Padrino, prometeu resistir ao que chamou de &#8220;invas\u00e3o imperialista&#8221;.<\/li>\n<\/ol>\n\n\n\n<h3 class=\"wp-block-heading\">\u200bImpacto Internacional e no Brasil<\/h3>\n\n\n\n<p class=\"wp-block-paragraph\">\u200bO evento provocou uma divis\u00e3o profunda na diplomacia mundial. Enquanto pa\u00edses como R\u00fassia, China e Ir\u00e3 condenaram o ato como uma viola\u00e7\u00e3o da soberania, vizinhos regionais e os pr\u00f3prios EUA debatem a legalidade da interven\u00e7\u00e3o sem autoriza\u00e7\u00e3o pr\u00e9via do Congresso americano ou da ONU.<\/p>\n\n\n\n<p class=\"wp-block-paragraph\">\u200bNo <strong>Brasil<\/strong>, senadores e l\u00edderes pol\u00edticos manifestaram opini\u00f5es divergentes. Aliados do governo brasileiro classificaram a a\u00e7\u00e3o como um &#8220;precedente perigoso&#8221; para a Am\u00e9rica Latina, enquanto a oposi\u00e7\u00e3o celebrou o fim do regime chavista. O mercado financeiro reagiu com volatilidade, embora o d\u00f3lar tenha apresentado queda recente com o arrefecimento moment\u00e2neo das tens\u00f5es militares diretas.<\/p>\n","protected":false},"excerpt":{"rendered":"<p>A capital venezuelana amanheceu sob um clima de extrema tens\u00e3o e incerteza ap\u00f3s a confirma\u00e7\u00e3o de que o presidente Nicol\u00e1s Maduro e sua esposa, Cilia [&#8230;]<\/p>\n","protected":false},"author":1,"featured_media":1519,"comment_status":"open","ping_status":"open","sticky":false,"template":"","format":"standard","meta":{"_crdt_document":"","_jetpack_memberships_contains_paid_content":false,"footnotes":"","jetpack_publicize_message":"","jetpack_publicize_feature_enabled":true,"jetpack_social_post_already_shared":true,"jetpack_social_options":{"image_generator_settings":{"template":"highway","default_image_id":0,"font":"","enabled":false},"version":2}},"categories":[15],"tags":[],"class_list":["post-1518","post","type-post","status-publish","format-standard","has-post-thumbnail","hentry","category-internacional"],"jetpack_publicize_connections":[],"jetpack_featured_media_url":"https:\/\/i0.wp.com\/oexpressobr.com.br\/wp-content\/uploads\/2026\/01\/877d93e0-ea2c-11f0-a8dc-93c15fe68710.jpg.webp?fit=800%2C449&ssl=1","jetpack_likes_enabled":true,"jetpack_sharing_enabled":true,"_links":{"self":[{"href":"https:\/\/oexpressobr.com.br\/index.php?rest_route=\/wp\/v2\/posts\/1518","targetHints":{"allow":["GET"]}}],"collection":[{"href":"https:\/\/oexpressobr.com.br\/index.php?rest_route=\/wp\/v2\/posts"}],"about":[{"href":"https:\/\/oexpressobr.com.br\/index.php?rest_route=\/wp\/v2\/types\/post"}],"author":[{"embeddable":true,"href":"https:\/\/oexpressobr.com.br\/index.php?rest_route=\/wp\/v2\/users\/1"}],"replies":[{"embeddable":true,"href":"https:\/\/oexpressobr.com.br\/index.php?rest_route=%2Fwp%2Fv2%2Fcomments&post=1518"}],"version-history":[{"count":1,"href":"https:\/\/oexpressobr.com.br\/index.php?rest_route=\/wp\/v2\/posts\/1518\/revisions"}],"predecessor-version":[{"id":1520,"href":"https:\/\/oexpressobr.com.br\/index.php?rest_route=\/wp\/v2\/posts\/1518\/revisions\/1520"}],"wp:featuredmedia":[{"embeddable":true,"href":"https:\/\/oexpressobr.com.br\/index.php?rest_route=\/wp\/v2\/media\/1519"}],"wp:attachment":[{"href":"https:\/\/oexpressobr.com.br\/index.php?rest_route=%2Fwp%2Fv2%2Fmedia&parent=1518"}],"wp:term":[{"taxonomy":"category","embeddable":true,"href":"https:\/\/oexpressobr.com.br\/index.php?rest_route=%2Fwp%2Fv2%2Fcategories&post=1518"},{"taxonomy":"post_tag","embeddable":true,"href":"https:\/\/oexpressobr.com.br\/index.php?rest_route=%2Fwp%2Fv2%2Ftags&post=1518"}],"curies":[{"name":"wp","href":"https:\/\/api.w.org\/{rel}","templated":true}]}}