{"id":152,"date":"2025-12-01T12:10:36","date_gmt":"2025-12-01T15:10:36","guid":{"rendered":"https:\/\/oexpressobr.com.br\/?p=152"},"modified":"2025-12-01T12:10:37","modified_gmt":"2025-12-01T15:10:37","slug":"declaracao-de-greca-sobre-2026-irrita-ratinho-junior-e-balanca-alianca-no-parana","status":"publish","type":"post","link":"https:\/\/oexpressobr.com.br\/?p=152","title":{"rendered":"Declara\u00e7\u00e3o de Greca sobre 2026 irrita Ratinho Junior e balan\u00e7a alian\u00e7a no Paran\u00e1"},"content":{"rendered":"\n<p class=\"wp-block-paragraph\">Declara\u00e7\u00e3o de Greca sobre 2026 irrita Ratinho Junior e balan\u00e7a alian\u00e7a no paran\u00e1 \u26a0\ufe0f<br>A pol\u00edtica paranaense \u00e9 agitada por uma potencial crise na base do governo, desencadeada pelas declara\u00e7\u00f5es do ex-prefeito de Curitiba, Rafael Greca (PSD), sobre sua inten\u00e7\u00e3o de concorrer ao Governo do Paran\u00e1 em 2026. Em uma entrevista recente, Greca n\u00e3o apenas reafirmou seu desejo de disputar o Pal\u00e1cio Igua\u00e7u, mas tamb\u00e9m elevou a temperatura ao manifestar a expectativa de que o atual governador, Ratinho Junior (PSD), n\u00e3o o contrarie. O tom das falas de Greca, segundo fontes de bastidores, gerou forte irrita\u00e7\u00e3o no n\u00facleo do governo e coloca em xeque a alian\u00e7a dentro do Partido Social Democr\u00e1tico (PSD) no estado.<br>A Ambi\u00e7\u00e3o de Greca e o Desconforto no Pal\u00e1cio Igua\u00e7u<br>A candidatura de Greca ao governo do estado em 2026 n\u00e3o \u00e9 novidade; o ex-prefeito j\u00e1 vinha ensaiando essa possibilidade, inclusive ap\u00f3s deixar a Prefeitura de Curitiba e assumir a Secretaria de Desenvolvimento Sustent\u00e1vel e do Turismo no governo Ratinho Junior, no final de mar\u00e7o de 2025. Contudo, a forma como a inten\u00e7\u00e3o foi colocada \u2013 com o apelo expl\u00edcito a Ratinho Junior para que n\u00e3o se oponha \u2013 soou como uma press\u00e3o desnecess\u00e1ria ao governador.<br>O cen\u00e1rio \u00e9 complexo, pois Ratinho Junior (que mant\u00e9m altos \u00edndices de aprova\u00e7\u00e3o no estado) \u00e9 o principal articulador da sucess\u00e3o e deve escolher um nome para dar continuidade \u00e0 sua gest\u00e3o. A disputa interna no PSD \u00e9 clara, com outros nomes tamb\u00e9m cotados, como o de Guto Silva, ex-chefe da Casa Civil e ex-secret\u00e1rio das Cidades (pasta que Greca tamb\u00e9m manifestou interesse em ocupar antes de ir para o Turismo), e o presidente da Assembleia Legislativa, Alexandre Curi.<br>Os Movimentos do PSD e a Busca por Consenso<br>O governador tem adotado uma postura cautelosa, afirmando que o PSD tem &#8220;grandes nomes&#8221; e que a escolha ser\u00e1 feita com tranquilidade, visando a melhor alternativa para manter a uni\u00e3o no Paran\u00e1. No entanto, a press\u00e3o de Greca atrasou o cronograma de an\u00fancios e a reforma do secretariado, conforme o cen\u00e1rio se desenhava na \u00e9poca da nomea\u00e7\u00e3o do ex-prefeito.<br>As declara\u00e7\u00f5es do ex-prefeito, que chegou a se manifestar publicamente indignado por n\u00e3o ter seu nome inclu\u00eddo em pesquisas de inten\u00e7\u00e3o de voto no passado, refor\u00e7am a sua postura de protagonismo pol\u00edtico. Sua movimenta\u00e7\u00e3o tem sido vista como um &#8220;esticar da corda&#8221; dentro da alian\u00e7a.<br>Pesquisas e Cen\u00e1rios Pol\u00edticos<br>Embora Ratinho Junior lidere as inten\u00e7\u00f5es de voto para a Presid\u00eancia da Rep\u00fablica em pesquisas estaduais e tenha uma aprova\u00e7\u00e3o maci\u00e7a no Paran\u00e1 (chegando a quase 80% em alguns levantamentos), o cen\u00e1rio para a sucess\u00e3o ainda est\u00e1 indefinido.<br>O nome de Rafael Greca aparece em pesquisas, competindo com outros potenciais candidatos. Em cen\u00e1rios testados, ele tem se posicionado como um nome relevante, chegando a um empate t\u00e9cnico com o filho do ex-governador Roberto Requi\u00e3o em um dos extratos testados. Seu nome tamb\u00e9m tem sido cortejado por outras legendas, como o PSB.<br>A situa\u00e7\u00e3o atual demanda habilidade pol\u00edtica de Ratinho Junior para gerenciar a crise e evitar um racha interno no PSD, que poderia comprometer o projeto de sucess\u00e3o do grupo em 2026. A indefini\u00e7\u00e3o quanto ao candidato oficial do governador e a ambi\u00e7\u00e3o de Greca de n\u00e3o ser contrariado transformam o tabuleiro pol\u00edtico paranaense em um campo de intensas negocia\u00e7\u00f5es e especula\u00e7\u00f5es.<br>Gostaria de saber mais detalhes sobre a trajet\u00f3ria pol\u00edtica de Rafael Greca ou sobre os outros poss\u00edveis candidatos \u00e0 sucess\u00e3o de Ratinho Junior?<\/p>\n","protected":false},"excerpt":{"rendered":"<p>Declara\u00e7\u00e3o de Greca sobre 2026 irrita Ratinho Junior e balan\u00e7a alian\u00e7a no paran\u00e1 \u26a0\ufe0fA pol\u00edtica paranaense \u00e9 agitada por uma potencial crise na base do [&#8230;]<\/p>\n","protected":false},"author":1,"featured_media":153,"comment_status":"open","ping_status":"open","sticky":false,"template":"","format":"standard","meta":{"_crdt_document":"","_jetpack_memberships_contains_paid_content":false,"footnotes":"","jetpack_publicize_message":"","jetpack_publicize_feature_enabled":true,"jetpack_social_post_already_shared":false,"jetpack_social_options":{"image_generator_settings":{"template":"highway","default_image_id":0,"font":"","enabled":false},"version":2}},"categories":[5],"tags":[],"class_list":["post-152","post","type-post","status-publish","format-standard","has-post-thumbnail","hentry","category-parana"],"jetpack_publicize_connections":[],"jetpack_featured_media_url":"https:\/\/i0.wp.com\/oexpressobr.com.br\/wp-content\/uploads\/2025\/12\/00351883.jpg?fit=800%2C533&ssl=1","jetpack_likes_enabled":true,"jetpack_sharing_enabled":true,"_links":{"self":[{"href":"https:\/\/oexpressobr.com.br\/index.php?rest_route=\/wp\/v2\/posts\/152","targetHints":{"allow":["GET"]}}],"collection":[{"href":"https:\/\/oexpressobr.com.br\/index.php?rest_route=\/wp\/v2\/posts"}],"about":[{"href":"https:\/\/oexpressobr.com.br\/index.php?rest_route=\/wp\/v2\/types\/post"}],"author":[{"embeddable":true,"href":"https:\/\/oexpressobr.com.br\/index.php?rest_route=\/wp\/v2\/users\/1"}],"replies":[{"embeddable":true,"href":"https:\/\/oexpressobr.com.br\/index.php?rest_route=%2Fwp%2Fv2%2Fcomments&post=152"}],"version-history":[{"count":0,"href":"https:\/\/oexpressobr.com.br\/index.php?rest_route=\/wp\/v2\/posts\/152\/revisions"}],"wp:featuredmedia":[{"embeddable":true,"href":"https:\/\/oexpressobr.com.br\/index.php?rest_route=\/wp\/v2\/media\/153"}],"wp:attachment":[{"href":"https:\/\/oexpressobr.com.br\/index.php?rest_route=%2Fwp%2Fv2%2Fmedia&parent=152"}],"wp:term":[{"taxonomy":"category","embeddable":true,"href":"https:\/\/oexpressobr.com.br\/index.php?rest_route=%2Fwp%2Fv2%2Fcategories&post=152"},{"taxonomy":"post_tag","embeddable":true,"href":"https:\/\/oexpressobr.com.br\/index.php?rest_route=%2Fwp%2Fv2%2Ftags&post=152"}],"curies":[{"name":"wp","href":"https:\/\/api.w.org\/{rel}","templated":true}]}}