{"id":1521,"date":"2026-01-07T04:32:26","date_gmt":"2026-01-07T07:32:26","guid":{"rendered":"https:\/\/oexpressobr.com.br\/?p=1521"},"modified":"2026-01-07T04:32:27","modified_gmt":"2026-01-07T07:32:27","slug":"governo-trump-altera-acusacao-contra-maduro-apos-captura-militar-em-caracas","status":"publish","type":"post","link":"https:\/\/oexpressobr.com.br\/?p=1521","title":{"rendered":"Governo Trump altera acusa\u00e7\u00e3o contra Maduro ap\u00f3s captura militar em Caracas"},"content":{"rendered":"\n<p class=\"wp-block-paragraph\">Em uma reviravolta jur\u00eddica e diplom\u00e1tica, o Departamento de Justi\u00e7a dos Estados Unidos revisou formalmente as acusa\u00e7\u00f5es contra o ex-l\u00edder venezuelano <strong>Nicol\u00e1s Maduro<\/strong>. A mudan\u00e7a ocorre poucos dias ap\u00f3s a hist\u00f3rica opera\u00e7\u00e3o militar norte-americana que resultou na captura de Maduro e sua esposa, <strong>Cilia Flores<\/strong>, em solo venezuelano no \u00faltimo s\u00e1bado (3).<\/p>\n\n\n\n<h3 class=\"wp-block-heading\">\u200bO Recuo na Ret\u00f3rica<\/h3>\n\n\n\n<p class=\"wp-block-paragraph\">\u200bAt\u00e9 a semana passada, a administra\u00e7\u00e3o de <strong>Donald Trump<\/strong> descrevia Maduro como o &#8220;chefe&#8221; do <strong>Cartel de los Soles<\/strong>, uma suposta organiza\u00e7\u00e3o criminosa composta por altos oficiais militares da Venezuela. No entanto, no novo documento apresentado \u00e0 Justi\u00e7a de Nova York nesta ter\u00e7a-feira (6), a linguagem foi suavizada.<\/p>\n\n\n\n<ul class=\"wp-block-list\">\n<li>\u200b<strong>Antiga acusa\u00e7\u00e3o:<\/strong> Maduro era apontado como o l\u00edder direto de uma organiza\u00e7\u00e3o terrorista narcotraficante.<\/li>\n\n\n\n<li>\u200b<strong>Nova acusa\u00e7\u00e3o:<\/strong> Maduro passa a ser descrito como algu\u00e9m que <strong>&#8220;participa, protege e perpetua uma cultura de corrup\u00e7\u00e3o&#8221;<\/strong> que se beneficia do tr\u00e1fico de drogas, em vez de ser o comandante direto da estrutura.<\/li>\n<\/ul>\n\n\n\n<p class=\"wp-block-paragraph\">\u200bEssa altera\u00e7\u00e3o \u00e9 vista por analistas jur\u00eddicos como um movimento t\u00e9cnico para garantir uma condena\u00e7\u00e3o mais s\u00f3lida, uma vez que a exist\u00eancia de um &#8220;cartel&#8221; com estrutura piramidal liderada por Maduro \u00e9 frequentemente contestada por relat\u00f3rios da ONU e da pr\u00f3pria DEA.<\/p>\n\n\n\n<h3 class=\"wp-block-heading\">\u200bPris\u00e3o e Tribunal<\/h3>\n\n\n\n<p class=\"wp-block-paragraph\">\u200bMaduro compareceu ao tribunal federal de Manhattan na \u00faltima segunda-feira (5). Durante a audi\u00eancia, o ex-l\u00edder venezuelano foi enf\u00e1tico em sua defesa:<\/p>\n\n\n\n<blockquote class=\"wp-block-quote is-layout-flow wp-block-quote-is-layout-flow\">\n<p class=\"wp-block-paragraph\">\u200b&#8221;Fui sequestrado em minha casa, em Caracas. Sou inocente, sou um homem decente e o presidente do meu pa\u00eds&#8221;, declarou Maduro em espanhol.<\/p>\n<\/blockquote>\n\n\n\n<p class=\"wp-block-paragraph\">\u200bO juiz <strong>Alvin Hellerstein<\/strong> ordenou que Maduro e Flores permane\u00e7am detidos sem fian\u00e7a. A pr\u00f3xima audi\u00eancia est\u00e1 marcada para o dia <strong>17 de mar\u00e7o de 2026<\/strong>. Se condenado pelas acusa\u00e7\u00f5es de narcoterrorismo e conspira\u00e7\u00e3o para importa\u00e7\u00e3o de coca\u00edna, Maduro pode enfrentar a pris\u00e3o perp\u00e9tua.<\/p>\n\n\n\n<h3 class=\"wp-block-heading\">\u200bTens\u00f5es Internacionais<\/h3>\n\n\n\n<p class=\"wp-block-paragraph\">\u200bA opera\u00e7\u00e3o militar que capturou Maduro gerou uma onda de rea\u00e7\u00f5es globais. Enquanto Trump afirma que os EUA agora &#8220;est\u00e3o no comando&#8221; da Venezuela at\u00e9 que uma transi\u00e7\u00e3o seja organizada, outros pa\u00edses reagiram com dureza:<\/p>\n\n\n\n<ol class=\"wp-block-list\">\n<li>\u200b<strong>Brasil:<\/strong> O governo brasileiro chamou o ato de &#8220;sequestro&#8221; e alertou para o risco da &#8220;lei da selva&#8221; no direito internacional.<\/li>\n\n\n\n<li>\u200b<strong>China e Ir\u00e3:<\/strong> Ambos condenaram a a\u00e7\u00e3o como uma viola\u00e7\u00e3o flagrante da soberania nacional venezuelana.<\/li>\n\n\n\n<li>\u200b<strong>ONU:<\/strong> O Alto Comissariado para os Direitos Humanos expressou preocupa\u00e7\u00e3o com a legalidade da interven\u00e7\u00e3o militar em territ\u00f3rio estrangeiro para fins de extradi\u00e7\u00e3o for\u00e7ada.<\/li>\n<\/ol>\n","protected":false},"excerpt":{"rendered":"<p>Em uma reviravolta jur\u00eddica e diplom\u00e1tica, o Departamento de Justi\u00e7a dos Estados Unidos revisou formalmente as acusa\u00e7\u00f5es contra o ex-l\u00edder venezuelano Nicol\u00e1s Maduro. A mudan\u00e7a [&#8230;]<\/p>\n","protected":false},"author":1,"featured_media":1522,"comment_status":"open","ping_status":"open","sticky":false,"template":"","format":"standard","meta":{"_crdt_document":"","_jetpack_memberships_contains_paid_content":false,"footnotes":"","jetpack_publicize_message":"","jetpack_publicize_feature_enabled":true,"jetpack_social_post_already_shared":true,"jetpack_social_options":{"image_generator_settings":{"template":"highway","default_image_id":0,"font":"","enabled":false},"version":2}},"categories":[15],"tags":[],"class_list":["post-1521","post","type-post","status-publish","format-standard","has-post-thumbnail","hentry","category-internacional"],"jetpack_publicize_connections":[],"jetpack_featured_media_url":"https:\/\/i0.wp.com\/oexpressobr.com.br\/wp-content\/uploads\/2026\/01\/IMG-20260107-WA0117.jpg?fit=1600%2C900&ssl=1","jetpack_likes_enabled":true,"jetpack_sharing_enabled":true,"_links":{"self":[{"href":"https:\/\/oexpressobr.com.br\/index.php?rest_route=\/wp\/v2\/posts\/1521","targetHints":{"allow":["GET"]}}],"collection":[{"href":"https:\/\/oexpressobr.com.br\/index.php?rest_route=\/wp\/v2\/posts"}],"about":[{"href":"https:\/\/oexpressobr.com.br\/index.php?rest_route=\/wp\/v2\/types\/post"}],"author":[{"embeddable":true,"href":"https:\/\/oexpressobr.com.br\/index.php?rest_route=\/wp\/v2\/users\/1"}],"replies":[{"embeddable":true,"href":"https:\/\/oexpressobr.com.br\/index.php?rest_route=%2Fwp%2Fv2%2Fcomments&post=1521"}],"version-history":[{"count":1,"href":"https:\/\/oexpressobr.com.br\/index.php?rest_route=\/wp\/v2\/posts\/1521\/revisions"}],"predecessor-version":[{"id":1523,"href":"https:\/\/oexpressobr.com.br\/index.php?rest_route=\/wp\/v2\/posts\/1521\/revisions\/1523"}],"wp:featuredmedia":[{"embeddable":true,"href":"https:\/\/oexpressobr.com.br\/index.php?rest_route=\/wp\/v2\/media\/1522"}],"wp:attachment":[{"href":"https:\/\/oexpressobr.com.br\/index.php?rest_route=%2Fwp%2Fv2%2Fmedia&parent=1521"}],"wp:term":[{"taxonomy":"category","embeddable":true,"href":"https:\/\/oexpressobr.com.br\/index.php?rest_route=%2Fwp%2Fv2%2Fcategories&post=1521"},{"taxonomy":"post_tag","embeddable":true,"href":"https:\/\/oexpressobr.com.br\/index.php?rest_route=%2Fwp%2Fv2%2Ftags&post=1521"}],"curies":[{"name":"wp","href":"https:\/\/api.w.org\/{rel}","templated":true}]}}