{"id":1526,"date":"2026-01-07T04:37:53","date_gmt":"2026-01-07T07:37:53","guid":{"rendered":"https:\/\/oexpressobr.com.br\/?p=1526"},"modified":"2026-01-07T04:37:55","modified_gmt":"2026-01-07T07:37:55","slug":"lula-e-lewandowski-definem-saida-da-justica-enquanto-reforma-ministerial-ganha-forca-para-2026","status":"publish","type":"post","link":"https:\/\/oexpressobr.com.br\/?p=1526","title":{"rendered":"Lula e Lewandowski definem sa\u00edda da Justi\u00e7a enquanto reforma ministerial ganha for\u00e7a para 2026"},"content":{"rendered":"\n<p class=\"wp-block-paragraph\">\u200bO presidente Luiz In\u00e1cio Lula da Silva retornou a Bras\u00edlia nesta semana com uma prioridade clara na agenda: reorganizar o primeiro escal\u00e3o do governo. O movimento \u00e9 precipitado pela decis\u00e3o irrevog\u00e1vel do ministro da Justi\u00e7a e Seguran\u00e7a P\u00fablica, <strong>Ricardo Lewandowski<\/strong>, que manifestou o desejo de deixar o cargo ainda em janeiro \u2014 preferencialmente at\u00e9 o final desta semana, na sexta-feira (9).<\/p>\n\n\n\n<p class=\"wp-block-paragraph\">\u200bA sa\u00edda de Lewandowski, que assumiu a pasta em fevereiro de 2024 ap\u00f3s a ida de Fl\u00e1vio Dino para o STF, \u00e9 vista como o &#8220;pontap\u00e9 inicial&#8221; de uma reforma ministerial mais ampla. Diferente de outros colegas, a motiva\u00e7\u00e3o do ministro n\u00e3o \u00e9 eleitoral, mas sim de ordem pessoal e profissional, citando cansa\u00e7o e o desejo de encerrar seu ciclo no Executivo.<\/p>\n\n\n\n<h3 class=\"wp-block-heading\">\u200bOs nomes no tabuleiro e a press\u00e3o do PT<\/h3>\n\n\n\n<p class=\"wp-block-paragraph\">\u200bCom a vac\u00e2ncia iminente, o Pal\u00e1cio do Planalto j\u00e1 avalia substitutos. O atual secret\u00e1rio-executivo da pasta, <strong>Manoel Carlos de Almeida Neto<\/strong>, \u00e9 o nome natural para assumir o comando interinamente. No entanto, nomes de peso pol\u00edtico e jur\u00eddico circulam nos bastidores:<\/p>\n\n\n\n<ul class=\"wp-block-list\">\n<li>\u200b<strong>Rodrigo Pacheco:<\/strong> O presidente do Senado \u00e9 citado como um forte candidato para a Justi\u00e7a, caso o minist\u00e9rio seja mantido em seu formato atual.<\/li>\n\n\n\n<li>\u200b<strong>Andrei Rodrigues:<\/strong> O diretor-geral da Pol\u00edcia Federal \u00e9 cotado especialmente se Lula decidir pela divis\u00e3o da pasta, assumindo um eventual Minist\u00e9rio da Seguran\u00e7a P\u00fablica.<\/li>\n\n\n\n<li>\u200b<strong>Paulo Gonet e nomes do Judici\u00e1rio:<\/strong> Perfis t\u00e9cnicos e com tr\u00e2nsito nas cortes superiores continuam no radar do presidente.<\/li>\n<\/ul>\n\n\n\n<p class=\"wp-block-paragraph\">\u200bA ala pol\u00edtica do PT pressiona para que Lula aproveite a troca para separar as pastas de Justi\u00e7a e Seguran\u00e7a P\u00fablica, visando dar mais foco ao combate ao crime organizado \u2014 tema central para as elei\u00e7\u00f5es de 2026.<\/p>\n\n\n\n<h3 class=\"wp-block-heading\">\u200bA &#8220;Debandada&#8221; de abril<\/h3>\n\n\n\n<p class=\"wp-block-paragraph\">\u200bA reforma n\u00e3o para em Lewandowski. O ministro da Fazenda, <strong>Fernando Haddad<\/strong>, tamb\u00e9m j\u00e1 sinalizou que deixar\u00e1 o governo, provavelmente em fevereiro, para se dedicar \u00e0 coordena\u00e7\u00e3o da campanha de reelei\u00e7\u00e3o de Lula. O secret\u00e1rio-executivo <strong>Dario Durigan<\/strong> \u00e9 o favorito para suced\u00ea-lo.<\/p>\n\n\n\n<p class=\"wp-block-paragraph\">\u200bAl\u00e9m deles, estima-se que at\u00e9 <strong>22 dos 38 ministros<\/strong> deixem seus cargos at\u00e9 o dia 4 de abril, prazo limite para a desincompatibiliza\u00e7\u00e3o de quem pretende disputar as elei\u00e7\u00f5es gerais. Nomes como Renan Filho (Transportes), Carlos F\u00e1varo (Agricultura) e Silvio Costa Filho (Portos e Aeroportos) devem retornar aos seus estados para concorrer ao Senado ou a governos estaduais.<\/p>\n","protected":false},"excerpt":{"rendered":"<p>\u200bO presidente Luiz In\u00e1cio Lula da Silva retornou a Bras\u00edlia nesta semana com uma prioridade clara na agenda: reorganizar o primeiro escal\u00e3o do governo. O [&#8230;]<\/p>\n","protected":false},"author":1,"featured_media":1527,"comment_status":"open","ping_status":"open","sticky":false,"template":"","format":"standard","meta":{"_crdt_document":"","_jetpack_memberships_contains_paid_content":false,"footnotes":"","jetpack_publicize_message":"","jetpack_publicize_feature_enabled":true,"jetpack_social_post_already_shared":true,"jetpack_social_options":{"image_generator_settings":{"template":"highway","default_image_id":0,"font":"","enabled":false},"version":2}},"categories":[3],"tags":[],"class_list":["post-1526","post","type-post","status-publish","format-standard","has-post-thumbnail","hentry","category-brasil"],"jetpack_publicize_connections":[],"jetpack_featured_media_url":"https:\/\/i0.wp.com\/oexpressobr.com.br\/wp-content\/uploads\/2026\/01\/IMG-20260107-WA0127.jpg?fit=1200%2C674&ssl=1","jetpack_likes_enabled":true,"jetpack_sharing_enabled":true,"_links":{"self":[{"href":"https:\/\/oexpressobr.com.br\/index.php?rest_route=\/wp\/v2\/posts\/1526","targetHints":{"allow":["GET"]}}],"collection":[{"href":"https:\/\/oexpressobr.com.br\/index.php?rest_route=\/wp\/v2\/posts"}],"about":[{"href":"https:\/\/oexpressobr.com.br\/index.php?rest_route=\/wp\/v2\/types\/post"}],"author":[{"embeddable":true,"href":"https:\/\/oexpressobr.com.br\/index.php?rest_route=\/wp\/v2\/users\/1"}],"replies":[{"embeddable":true,"href":"https:\/\/oexpressobr.com.br\/index.php?rest_route=%2Fwp%2Fv2%2Fcomments&post=1526"}],"version-history":[{"count":1,"href":"https:\/\/oexpressobr.com.br\/index.php?rest_route=\/wp\/v2\/posts\/1526\/revisions"}],"predecessor-version":[{"id":1528,"href":"https:\/\/oexpressobr.com.br\/index.php?rest_route=\/wp\/v2\/posts\/1526\/revisions\/1528"}],"wp:featuredmedia":[{"embeddable":true,"href":"https:\/\/oexpressobr.com.br\/index.php?rest_route=\/wp\/v2\/media\/1527"}],"wp:attachment":[{"href":"https:\/\/oexpressobr.com.br\/index.php?rest_route=%2Fwp%2Fv2%2Fmedia&parent=1526"}],"wp:term":[{"taxonomy":"category","embeddable":true,"href":"https:\/\/oexpressobr.com.br\/index.php?rest_route=%2Fwp%2Fv2%2Fcategories&post=1526"},{"taxonomy":"post_tag","embeddable":true,"href":"https:\/\/oexpressobr.com.br\/index.php?rest_route=%2Fwp%2Fv2%2Ftags&post=1526"}],"curies":[{"name":"wp","href":"https:\/\/api.w.org\/{rel}","templated":true}]}}