{"id":1537,"date":"2026-01-07T04:49:31","date_gmt":"2026-01-07T07:49:31","guid":{"rendered":"https:\/\/oexpressobr.com.br\/?p=1537"},"modified":"2026-01-07T04:49:32","modified_gmt":"2026-01-07T07:49:32","slug":"gol-e-processada-por-passageira-impedida-de-usar-cadeira-de-rodas-em-voo","status":"publish","type":"post","link":"https:\/\/oexpressobr.com.br\/?p=1537","title":{"rendered":"Gol \u00e9 processada por passageira impedida de usar cadeira de rodas em voo"},"content":{"rendered":"\n<p class=\"wp-block-paragraph\">\u200bA passageira Erika de Souza moveu uma a\u00e7\u00e3o judicial contra a companhia a\u00e9rea Gol ap\u00f3s relatar um epis\u00f3dio de neglig\u00eancia e falta de acessibilidade durante um voo recente. Segundo a denunciante, ela foi impedida de utilizar sua pr\u00f3pria cadeira de rodas para se locomover at\u00e9 a aeronave, sendo submetida a condi\u00e7\u00f5es que descreveu como &#8220;desumanas&#8221;. O caso reacende o debate sobre o cumprimento das normas da Ag\u00eancia Nacional de Avia\u00e7\u00e3o Civil (Anac) em rela\u00e7\u00e3o ao atendimento de passageiros com necessidade de assist\u00eancia especial (PNAE).<\/p>\n\n\n\n<h3 class=\"wp-block-heading\">\u200bO relato do incidente<\/h3>\n\n\n\n<p class=\"wp-block-paragraph\">\u200bDe acordo com Erika, o transtorno come\u00e7ou ainda no check-in e se estendeu at\u00e9 o embarque. A passageira afirma que a tripula\u00e7\u00e3o e a equipe de solo n\u00e3o permitiram o uso de seu equipamento pessoal, oferecendo alternativas inadequadas que feriam sua autonomia e dignidade.<\/p>\n\n\n\n<blockquote class=\"wp-block-quote is-layout-flow wp-block-quote-is-layout-flow\">\n<p class=\"wp-block-paragraph\">\u200b&#8221;Foi desumano. Eu me senti vulner\u00e1vel e desrespeitada em um direito b\u00e1sico de locomo\u00e7\u00e3o&#8221;, afirmou Erika em depoimento que viralizou nas redes sociais.<\/p>\n<\/blockquote>\n\n\n\n<h3 class=\"wp-block-heading\">\u200bContexto: A recorr\u00eancia de falhas no setor<\/h3>\n\n\n\n<p class=\"wp-block-paragraph\">\u200bEste n\u00e3o \u00e9 um caso isolado. Dados recentes do setor a\u00e9reo em 2025 e in\u00edcio de 2026 mostram um aumento de 15% nas reclama\u00e7\u00f5es formais de passageiros com defici\u00eancia junto ao Consumidor.gov.br. As principais queixas envolvem:<\/p>\n\n\n\n<ul class=\"wp-block-list\">\n<li>\u200b<strong>Danos a equipamentos:<\/strong> Cadeiras de rodas motorizadas entregues com avarias graves.<\/li>\n\n\n\n<li>\u200b<strong>Treinamento insuficiente:<\/strong> Falta de preparo das equipes de solo para lidar com diferentes tipos de defici\u00eancia.<\/li>\n\n\n\n<li>\u200b<strong>Equipamentos de aux\u00edlio:<\/strong> Escassez de <em>aisle chairs<\/em> (cadeiras estreitas para o corredor do avi\u00e3o) em aeroportos regionais.<\/li>\n<\/ul>\n\n\n\n<h3 class=\"wp-block-heading\">\u200bO que diz a legisla\u00e7\u00e3o e as partes<\/h3>\n\n\n\n<p class=\"wp-block-paragraph\">\u200bA <strong>Resolu\u00e7\u00e3o n\u00ba 280 da Anac<\/strong> estabelece que o passageiro tem o direito de utilizar sua pr\u00f3pria cadeira de rodas at\u00e9 a porta da aeronave, e o equipamento deve ser o primeiro a ser entregue no desembarque.<\/p>\n\n\n\n<p class=\"wp-block-paragraph\">\u200bEm nota oficial, a <strong>Gol<\/strong> informou que est\u00e1 apurando o caso internamente e que &#8220;prioriza a seguran\u00e7a e a mobilidade de todos os seus clientes&#8221;, embora n\u00e3o tenha comentado detalhes espec\u00edficos do processo judicial em curso. Advogados de Erika buscam n\u00e3o apenas a repara\u00e7\u00e3o por danos morais, mas tamb\u00e9m uma medida educativa que obrigue a companhia a revisar seus protocolos de embarque.<\/p>\n\n\n\n<h3 class=\"wp-block-heading\">\u200bSitua\u00e7\u00e3o Atual<\/h3>\n\n\n\n<p class=\"wp-block-paragraph\">\u200bO processo segue em tramita\u00e7\u00e3o e Erika tem utilizado suas redes sociais para mobilizar outros passageiros que passaram por situa\u00e7\u00f5es semelhantes, visando pressionar por mudan\u00e7as estruturais nos aeroportos brasileiros.<\/p>\n","protected":false},"excerpt":{"rendered":"<p>\u200bA passageira Erika de Souza moveu uma a\u00e7\u00e3o judicial contra a companhia a\u00e9rea Gol ap\u00f3s relatar um epis\u00f3dio de neglig\u00eancia e falta de acessibilidade durante [&#8230;]<\/p>\n","protected":false},"author":1,"featured_media":1538,"comment_status":"open","ping_status":"open","sticky":false,"template":"","format":"standard","meta":{"_crdt_document":"","_jetpack_memberships_contains_paid_content":false,"footnotes":"","jetpack_publicize_message":"","jetpack_publicize_feature_enabled":true,"jetpack_social_post_already_shared":true,"jetpack_social_options":{"image_generator_settings":{"template":"highway","default_image_id":0,"font":"","enabled":false},"version":2}},"categories":[8],"tags":[],"class_list":["post-1537","post","type-post","status-publish","format-standard","has-post-thumbnail","hentry","category-judiciario"],"jetpack_publicize_connections":[],"jetpack_featured_media_url":"https:\/\/i0.wp.com\/oexpressobr.com.br\/wp-content\/uploads\/2026\/01\/IMG-20260107-WA0125.jpg?fit=1280%2C800&ssl=1","jetpack_likes_enabled":true,"jetpack_sharing_enabled":true,"_links":{"self":[{"href":"https:\/\/oexpressobr.com.br\/index.php?rest_route=\/wp\/v2\/posts\/1537","targetHints":{"allow":["GET"]}}],"collection":[{"href":"https:\/\/oexpressobr.com.br\/index.php?rest_route=\/wp\/v2\/posts"}],"about":[{"href":"https:\/\/oexpressobr.com.br\/index.php?rest_route=\/wp\/v2\/types\/post"}],"author":[{"embeddable":true,"href":"https:\/\/oexpressobr.com.br\/index.php?rest_route=\/wp\/v2\/users\/1"}],"replies":[{"embeddable":true,"href":"https:\/\/oexpressobr.com.br\/index.php?rest_route=%2Fwp%2Fv2%2Fcomments&post=1537"}],"version-history":[{"count":1,"href":"https:\/\/oexpressobr.com.br\/index.php?rest_route=\/wp\/v2\/posts\/1537\/revisions"}],"predecessor-version":[{"id":1539,"href":"https:\/\/oexpressobr.com.br\/index.php?rest_route=\/wp\/v2\/posts\/1537\/revisions\/1539"}],"wp:featuredmedia":[{"embeddable":true,"href":"https:\/\/oexpressobr.com.br\/index.php?rest_route=\/wp\/v2\/media\/1538"}],"wp:attachment":[{"href":"https:\/\/oexpressobr.com.br\/index.php?rest_route=%2Fwp%2Fv2%2Fmedia&parent=1537"}],"wp:term":[{"taxonomy":"category","embeddable":true,"href":"https:\/\/oexpressobr.com.br\/index.php?rest_route=%2Fwp%2Fv2%2Fcategories&post=1537"},{"taxonomy":"post_tag","embeddable":true,"href":"https:\/\/oexpressobr.com.br\/index.php?rest_route=%2Fwp%2Fv2%2Ftags&post=1537"}],"curies":[{"name":"wp","href":"https:\/\/api.w.org\/{rel}","templated":true}]}}