{"id":1540,"date":"2026-01-07T04:57:50","date_gmt":"2026-01-07T07:57:50","guid":{"rendered":"https:\/\/oexpressobr.com.br\/?p=1540"},"modified":"2026-01-07T04:57:51","modified_gmt":"2026-01-07T07:57:51","slug":"governos-estaduais-iniciam-cobranca-do-ipva-2026-com-novas-regras-de-isencao","status":"publish","type":"post","link":"https:\/\/oexpressobr.com.br\/?p=1540","title":{"rendered":"Governos estaduais iniciam cobran\u00e7a do IPVA 2026 com novas regras de isen\u00e7\u00e3o"},"content":{"rendered":"\n<p class=\"wp-block-paragraph\">O ano de 2026 come\u00e7a com mudan\u00e7as significativas para o bolso dos motoristas brasileiros. Secretarias da Fazenda de diversos estados j\u00e1 disponibilizaram os calend\u00e1rios de pagamento e os valores venais dos ve\u00edculos, baseados na Tabela Fipe. A grande novidade deste ano \u00e9 a aplica\u00e7\u00e3o nacional da <strong>Emenda Constitucional 137<\/strong>, que garante isen\u00e7\u00e3o autom\u00e1tica para ve\u00edculos com 20 anos ou mais de fabrica\u00e7\u00e3o em todo o territ\u00f3rio nacional.<\/p>\n\n\n\n<h3 class=\"wp-block-heading\">\u200bO que muda na isen\u00e7\u00e3o em 2026<\/h3>\n\n\n\n<p class=\"wp-block-paragraph\">\u200bAt\u00e9 o ano passado, estados como S\u00e3o Paulo e Minas Gerais possu\u00edam regras pr\u00f3prias que podiam exigir tempos maiores de fabrica\u00e7\u00e3o ou condi\u00e7\u00f5es espec\u00edficas. Com a nova legisla\u00e7\u00e3o:<\/p>\n\n\n\n<ul class=\"wp-block-list\">\n<li>\u200b<strong>Regra dos 20 anos:<\/strong> Ve\u00edculos fabricados em <strong>2006 ou antes<\/strong> passam a ser isentos de IPVA em todo o Brasil.<\/li>\n\n\n\n<li>\u200b<strong>Regras Estaduais Favor\u00e1veis:<\/strong> Estados que j\u00e1 possu\u00edam prazos menores mant\u00eam seus benef\u00edcios. No <strong>Rio Grande do Norte<\/strong> e <strong>Amap\u00e1<\/strong>, por exemplo, a isen\u00e7\u00e3o continua valendo para carros com mais de 10 anos. J\u00e1 no <strong>Rio de Janeiro<\/strong> e <strong>Bahia<\/strong>, o prazo segue sendo de 15 anos.<\/li>\n\n\n\n<li>\u200b<strong>PCD e El\u00e9tricos:<\/strong> As isen\u00e7\u00f5es para Pessoas com Defici\u00eancia (PCD) e incentivos para carros el\u00e9tricos ou h\u00edbridos variam por estado, sendo necess\u00e1rio consultar a Sefaz local.<\/li>\n<\/ul>\n\n\n\n<h3 class=\"wp-block-heading\">\u200bDestaques por Estado: Al\u00edquotas e Descontos<\/h3>\n\n\n\n<p class=\"wp-block-paragraph\">\u200bAs al\u00edquotas \u2014 a porcentagem cobrada sobre o valor do ve\u00edculo \u2014 variam drasticamente entre as regi\u00f5es:<\/p>\n\n\n\n<h3 class=\"wp-block-heading\">Calend\u00e1rio e Formas de Pagamento<\/h3>\n\n\n\n<p class=\"wp-block-paragraph\">\u200bA maioria dos estados inicia o cronograma de vencimentos em <strong>janeiro<\/strong>, seguindo o final da placa do ve\u00edculo.<\/p>\n\n\n\n<ul class=\"wp-block-list\">\n<li>\u200b<strong>PIX:<\/strong> A modalidade consolidou-se como a principal forma de pagamento, permitindo a quita\u00e7\u00e3o via QR Code diretamente nos portais das Secretarias da Fazenda ou Detrans.<\/li>\n\n\n\n<li>\u200b<strong>Parcelamento:<\/strong> Em S\u00e3o Paulo, o imposto pode ser dividido em at\u00e9 5 vezes. No Rio Grande do Sul, o parcelamento pode chegar a 6 vezes, desde que a primeira parcela seja paga em janeiro.<\/li>\n<\/ul>\n","protected":false},"excerpt":{"rendered":"<p>O ano de 2026 come\u00e7a com mudan\u00e7as significativas para o bolso dos motoristas brasileiros. Secretarias da Fazenda de diversos estados j\u00e1 disponibilizaram os calend\u00e1rios de [&#8230;]<\/p>\n","protected":false},"author":1,"featured_media":1541,"comment_status":"open","ping_status":"open","sticky":false,"template":"","format":"standard","meta":{"_crdt_document":"","_jetpack_memberships_contains_paid_content":false,"footnotes":"","jetpack_publicize_message":"","jetpack_publicize_feature_enabled":true,"jetpack_social_post_already_shared":true,"jetpack_social_options":{"image_generator_settings":{"template":"highway","default_image_id":0,"font":"","enabled":false},"version":2}},"categories":[3],"tags":[],"class_list":["post-1540","post","type-post","status-publish","format-standard","has-post-thumbnail","hentry","category-brasil"],"jetpack_publicize_connections":[],"jetpack_featured_media_url":"https:\/\/i0.wp.com\/oexpressobr.com.br\/wp-content\/uploads\/2026\/01\/ipva-2026-gov-sp.jpg.webp?fit=1200%2C660&ssl=1","jetpack_likes_enabled":true,"jetpack_sharing_enabled":true,"_links":{"self":[{"href":"https:\/\/oexpressobr.com.br\/index.php?rest_route=\/wp\/v2\/posts\/1540","targetHints":{"allow":["GET"]}}],"collection":[{"href":"https:\/\/oexpressobr.com.br\/index.php?rest_route=\/wp\/v2\/posts"}],"about":[{"href":"https:\/\/oexpressobr.com.br\/index.php?rest_route=\/wp\/v2\/types\/post"}],"author":[{"embeddable":true,"href":"https:\/\/oexpressobr.com.br\/index.php?rest_route=\/wp\/v2\/users\/1"}],"replies":[{"embeddable":true,"href":"https:\/\/oexpressobr.com.br\/index.php?rest_route=%2Fwp%2Fv2%2Fcomments&post=1540"}],"version-history":[{"count":1,"href":"https:\/\/oexpressobr.com.br\/index.php?rest_route=\/wp\/v2\/posts\/1540\/revisions"}],"predecessor-version":[{"id":1542,"href":"https:\/\/oexpressobr.com.br\/index.php?rest_route=\/wp\/v2\/posts\/1540\/revisions\/1542"}],"wp:featuredmedia":[{"embeddable":true,"href":"https:\/\/oexpressobr.com.br\/index.php?rest_route=\/wp\/v2\/media\/1541"}],"wp:attachment":[{"href":"https:\/\/oexpressobr.com.br\/index.php?rest_route=%2Fwp%2Fv2%2Fmedia&parent=1540"}],"wp:term":[{"taxonomy":"category","embeddable":true,"href":"https:\/\/oexpressobr.com.br\/index.php?rest_route=%2Fwp%2Fv2%2Fcategories&post=1540"},{"taxonomy":"post_tag","embeddable":true,"href":"https:\/\/oexpressobr.com.br\/index.php?rest_route=%2Fwp%2Fv2%2Ftags&post=1540"}],"curies":[{"name":"wp","href":"https:\/\/api.w.org\/{rel}","templated":true}]}}