{"id":155,"date":"2025-12-01T12:31:28","date_gmt":"2025-12-01T15:31:28","guid":{"rendered":"https:\/\/oexpressobr.com.br\/?p=155"},"modified":"2025-12-01T12:31:29","modified_gmt":"2025-12-01T15:31:29","slug":"mercado-financeiro-ajusta-projecoes-do-ipca-e-do-pib-em-novo-boletim-focus","status":"publish","type":"post","link":"https:\/\/oexpressobr.com.br\/?p=155","title":{"rendered":"Mercado financeiro ajusta proje\u00e7\u00f5es do IPCA e do PIB em novo boletim Focus"},"content":{"rendered":"\n<p class=\"wp-block-paragraph\">\u200bAnalistas e economistas do mercado financeiro revisaram para baixo as proje\u00e7\u00f5es de infla\u00e7\u00e3o para 2025 e 2026, al\u00e9m de ajustarem a expectativa de crescimento do Produto Interno Bruto (PIB) para 2027. Os dados constam na \u00faltima edi\u00e7\u00e3o do Boletim Focus, pesquisa semanal divulgada pelo Banco Central (BC) junto aos participantes do mercado.<\/p>\n\n\n\n<p class=\"wp-block-paragraph\">\u200bA estimativa para o \u00cdndice Nacional de Pre\u00e7os ao Consumidor Amplo (IPCA), considerado a infla\u00e7\u00e3o oficial do pa\u00eds, foi reduzida para <strong>4,43%<\/strong> ao final de 2025, ligeiramente abaixo dos 4,45% projetados na semana anterior. Com a queda, a proje\u00e7\u00e3o se mant\u00e9m dentro do intervalo de toler\u00e2ncia da meta estabelecida pelo Conselho Monet\u00e1rio Nacional (CMN), cujo teto \u00e9 4,50%.<\/p>\n\n\n\n<p class=\"wp-block-paragraph\">\u200bPara o ano de 2026, a revis\u00e3o tamb\u00e9m foi para baixo, com a proje\u00e7\u00e3o do IPCA passando de 4,18% para <strong>4,17%<\/strong>. As estimativas para a infla\u00e7\u00e3o nos anos seguintes, 2027 e 2028, foram mantidas em 3,80% e 3,50%, respectivamente.<\/p>\n\n\n\n<p class=\"wp-block-paragraph\">\u200bNo que tange \u00e0 atividade econ\u00f4mica, a expectativa de crescimento do PIB para <strong>2027<\/strong> foi ajustada de 1,88% para <strong>1,83%<\/strong>. J\u00e1 para 2025, a proje\u00e7\u00e3o de avan\u00e7o da economia se manteve em 2,16%, e para 2026, em 1,76%.<\/p>\n\n\n\n<p class=\"wp-block-paragraph\">\u200b<strong>Juros e C\u00e2mbio<\/strong><\/p>\n\n\n\n<p class=\"wp-block-paragraph\">\u200bO Boletim Focus tamb\u00e9m trouxe ajustes nas proje\u00e7\u00f5es da taxa b\u00e1sica de juros, a Selic, e do c\u00e2mbio.<\/p>\n\n\n\n<p class=\"wp-block-paragraph\">\u200bEm rela\u00e7\u00e3o \u00e0 Selic, os especialistas indicam um cen\u00e1rio de cortes graduais nos pr\u00f3ximos anos. A aposta majorit\u00e1ria \u00e9 que a taxa encerre 2026 em <strong>12%<\/strong> e <strong>2027<\/strong> em <strong>10,5%<\/strong>. A proje\u00e7\u00e3o para o encerramento de 2028 foi levemente reduzida, de 9,75% para 9,50%.<\/p>\n\n\n\n<p class=\"wp-block-paragraph\">\u200bAs proje\u00e7\u00f5es para o c\u00e2mbio, por sua vez, permaneceram est\u00e1veis em R$ 5,40 para 2025 e R$ 5,50 para os anos de 2026, 2027 e 2028.<\/p>\n","protected":false},"excerpt":{"rendered":"<p>\u200bAnalistas e economistas do mercado financeiro revisaram para baixo as proje\u00e7\u00f5es de infla\u00e7\u00e3o para 2025 e 2026, al\u00e9m de ajustarem a expectativa de crescimento do [&#8230;]<\/p>\n","protected":false},"author":1,"featured_media":156,"comment_status":"open","ping_status":"open","sticky":false,"template":"","format":"standard","meta":{"_crdt_document":"","_jetpack_memberships_contains_paid_content":false,"footnotes":"","jetpack_publicize_message":"","jetpack_publicize_feature_enabled":true,"jetpack_social_post_already_shared":false,"jetpack_social_options":{"image_generator_settings":{"template":"highway","default_image_id":0,"font":"","enabled":false},"version":2}},"categories":[10],"tags":[],"class_list":["post-155","post","type-post","status-publish","format-standard","has-post-thumbnail","hentry","category-economia"],"jetpack_publicize_connections":[],"jetpack_featured_media_url":"https:\/\/i0.wp.com\/oexpressobr.com.br\/wp-content\/uploads\/2025\/12\/2-18739180033_f931763a2c_o.jpg.jpg?fit=414%2C280&ssl=1","jetpack_likes_enabled":true,"jetpack_sharing_enabled":true,"_links":{"self":[{"href":"https:\/\/oexpressobr.com.br\/index.php?rest_route=\/wp\/v2\/posts\/155","targetHints":{"allow":["GET"]}}],"collection":[{"href":"https:\/\/oexpressobr.com.br\/index.php?rest_route=\/wp\/v2\/posts"}],"about":[{"href":"https:\/\/oexpressobr.com.br\/index.php?rest_route=\/wp\/v2\/types\/post"}],"author":[{"embeddable":true,"href":"https:\/\/oexpressobr.com.br\/index.php?rest_route=\/wp\/v2\/users\/1"}],"replies":[{"embeddable":true,"href":"https:\/\/oexpressobr.com.br\/index.php?rest_route=%2Fwp%2Fv2%2Fcomments&post=155"}],"version-history":[{"count":0,"href":"https:\/\/oexpressobr.com.br\/index.php?rest_route=\/wp\/v2\/posts\/155\/revisions"}],"wp:featuredmedia":[{"embeddable":true,"href":"https:\/\/oexpressobr.com.br\/index.php?rest_route=\/wp\/v2\/media\/156"}],"wp:attachment":[{"href":"https:\/\/oexpressobr.com.br\/index.php?rest_route=%2Fwp%2Fv2%2Fmedia&parent=155"}],"wp:term":[{"taxonomy":"category","embeddable":true,"href":"https:\/\/oexpressobr.com.br\/index.php?rest_route=%2Fwp%2Fv2%2Fcategories&post=155"},{"taxonomy":"post_tag","embeddable":true,"href":"https:\/\/oexpressobr.com.br\/index.php?rest_route=%2Fwp%2Fv2%2Ftags&post=155"}],"curies":[{"name":"wp","href":"https:\/\/api.w.org\/{rel}","templated":true}]}}