{"id":1555,"date":"2026-01-07T05:24:00","date_gmt":"2026-01-07T08:24:00","guid":{"rendered":"https:\/\/oexpressobr.com.br\/?p=1555"},"modified":"2026-01-07T05:24:01","modified_gmt":"2026-01-07T08:24:01","slug":"mppr-alerta-para-limites-de-barulho-e-diferencia-perturbacao-do-sossego-de-crime-ambiental-no-litoral","status":"publish","type":"post","link":"https:\/\/oexpressobr.com.br\/?p=1555","title":{"rendered":"MPPR alerta para limites de barulho e diferencia perturba\u00e7\u00e3o do sossego de crime ambiental no Litoral"},"content":{"rendered":"\n<p class=\"wp-block-paragraph\">\u200bO aumento do fluxo de turistas nas praias paranaenses durante a temporada de ver\u00e3o traz consigo um problema recorrente: o abuso no volume do som. Para esclarecer a popula\u00e7\u00e3o sobre os limites legais e as consequ\u00eancias do excesso de ru\u00eddo, o programa <strong>MP no R\u00e1dio<\/strong>, do Minist\u00e9rio P\u00fablico do Paran\u00e1, entrevistou a Promotora de Justi\u00e7a que atua na comarca de Matinhos.<\/p>\n\n\n\n<p class=\"wp-block-paragraph\">\u200bA discuss\u00e3o ganha relev\u00e2ncia com as recentes atualiza\u00e7\u00f5es na fiscaliza\u00e7\u00e3o. Diferente do que muitos acreditam, <strong>n\u00e3o existe um hor\u00e1rio permitido para fazer barulho<\/strong>. A ideia de que &#8220;at\u00e9 as 22h pode tudo&#8221; \u00e9 um mito jur\u00eddico: o sossego \u00e9 um direito garantido durante as 24 horas do dia.<\/p>\n\n\n\n<h3 class=\"wp-block-heading\">\u200bEntenda a diferen\u00e7a jur\u00eddica: Sossego vs. Polui\u00e7\u00e3o Sonora<\/h3>\n\n\n\n<p class=\"wp-block-paragraph\">\u200bA legisla\u00e7\u00e3o brasileira trata o excesso de ru\u00eddo sob duas \u00f3ticas principais, dependendo da gravidade e do impacto:<\/p>\n\n\n\n<ul class=\"wp-block-list\">\n<li>\u200b<strong>Perturba\u00e7\u00e3o do Sossego Alheio:<\/strong> Enquadrada no Artigo 42 da Lei de Contraven\u00e7\u00f5es Penais. Refere-se ao barulho que incomoda o bem-estar de terceiros (gritos, algazarra, som dom\u00e9stico alto ou instrumentos musicais). A pena pode chegar a tr\u00eas meses de pris\u00e3o ou multa.<\/li>\n\n\n\n<li>\u200b<strong>Polui\u00e7\u00e3o Sonora:<\/strong> Considerada um <strong>Crime Ambiental<\/strong> (Lei n\u00ba 9.605\/98). Ocorre quando o n\u00edvel de ru\u00eddo atinge patamares que podem causar danos \u00e0 sa\u00fade humana ou \u00e0 fauna. Neste caso, a fiscaliza\u00e7\u00e3o utiliza decibel\u00edmetros e as penas s\u00e3o mais severas, podendo incluir a apreens\u00e3o imediata do equipamento de som e do ve\u00edculo.<\/li>\n<\/ul>\n\n\n\n<h3 class=\"wp-block-heading\">\u200bO &#8220;Ver\u00e3o Maior Paran\u00e1&#8221; e a fiscaliza\u00e7\u00e3o atualizada<\/h3>\n\n\n\n<p class=\"wp-block-paragraph\">\u200bCom a infraestrutura refor\u00e7ada para 2026, as autoridades do Litoral paranaense t\u00eam intensificado o uso de tecnologia para coibir abusos. De acordo com as diretrizes do Minist\u00e9rio P\u00fablico, as principais orienta\u00e7\u00f5es para quem se sente lesado s\u00e3o:<\/p>\n\n\n\n<ol class=\"wp-block-list\">\n<li>\u200b<strong>Acionamento da Pol\u00edcia Militar:<\/strong> Atrav\u00e9s do telefone 190, para lavratura de Termo Circunstanciado em casos de perturba\u00e7\u00e3o.<\/li>\n\n\n\n<li>\u200b<strong>Boletim de Ocorr\u00eancia:<\/strong> \u00c9 fundamental que a v\u00edtima formalize a queixa, pois a perturba\u00e7\u00e3o do sossego exige a representa\u00e7\u00e3o de quem se sentiu incomodado.<\/li>\n\n\n\n<li>\u200b<strong>Fiscaliza\u00e7\u00e3o Municipal:<\/strong> Em cidades como Matinhos e Guaratuba, as prefeituras possuem leis espec\u00edficas que permitem multas administrativas pesadas, independentemente da esfera criminal.<\/li>\n<\/ol>\n","protected":false},"excerpt":{"rendered":"<p>\u200bO aumento do fluxo de turistas nas praias paranaenses durante a temporada de ver\u00e3o traz consigo um problema recorrente: o abuso no volume do som. [&#8230;]<\/p>\n","protected":false},"author":1,"featured_media":1556,"comment_status":"open","ping_status":"open","sticky":false,"template":"","format":"standard","meta":{"_crdt_document":"","_jetpack_memberships_contains_paid_content":false,"footnotes":"","jetpack_publicize_message":"","jetpack_publicize_feature_enabled":true,"jetpack_social_post_already_shared":true,"jetpack_social_options":{"image_generator_settings":{"template":"highway","default_image_id":0,"font":"","enabled":false},"version":2}},"categories":[8],"tags":[],"class_list":["post-1555","post","type-post","status-publish","format-standard","has-post-thumbnail","hentry","category-judiciario"],"jetpack_publicize_connections":[],"jetpack_featured_media_url":"https:\/\/i0.wp.com\/oexpressobr.com.br\/wp-content\/uploads\/2026\/01\/radio_som.jpg?fit=750%2C500&ssl=1","jetpack_likes_enabled":true,"jetpack_sharing_enabled":true,"_links":{"self":[{"href":"https:\/\/oexpressobr.com.br\/index.php?rest_route=\/wp\/v2\/posts\/1555","targetHints":{"allow":["GET"]}}],"collection":[{"href":"https:\/\/oexpressobr.com.br\/index.php?rest_route=\/wp\/v2\/posts"}],"about":[{"href":"https:\/\/oexpressobr.com.br\/index.php?rest_route=\/wp\/v2\/types\/post"}],"author":[{"embeddable":true,"href":"https:\/\/oexpressobr.com.br\/index.php?rest_route=\/wp\/v2\/users\/1"}],"replies":[{"embeddable":true,"href":"https:\/\/oexpressobr.com.br\/index.php?rest_route=%2Fwp%2Fv2%2Fcomments&post=1555"}],"version-history":[{"count":1,"href":"https:\/\/oexpressobr.com.br\/index.php?rest_route=\/wp\/v2\/posts\/1555\/revisions"}],"predecessor-version":[{"id":1557,"href":"https:\/\/oexpressobr.com.br\/index.php?rest_route=\/wp\/v2\/posts\/1555\/revisions\/1557"}],"wp:featuredmedia":[{"embeddable":true,"href":"https:\/\/oexpressobr.com.br\/index.php?rest_route=\/wp\/v2\/media\/1556"}],"wp:attachment":[{"href":"https:\/\/oexpressobr.com.br\/index.php?rest_route=%2Fwp%2Fv2%2Fmedia&parent=1555"}],"wp:term":[{"taxonomy":"category","embeddable":true,"href":"https:\/\/oexpressobr.com.br\/index.php?rest_route=%2Fwp%2Fv2%2Fcategories&post=1555"},{"taxonomy":"post_tag","embeddable":true,"href":"https:\/\/oexpressobr.com.br\/index.php?rest_route=%2Fwp%2Fv2%2Ftags&post=1555"}],"curies":[{"name":"wp","href":"https:\/\/api.w.org\/{rel}","templated":true}]}}