{"id":1558,"date":"2026-01-07T05:33:09","date_gmt":"2026-01-07T08:33:09","guid":{"rendered":"https:\/\/oexpressobr.com.br\/?p=1558"},"modified":"2026-01-07T05:33:10","modified_gmt":"2026-01-07T08:33:10","slug":"apos-denuncia-na-cop30-pastor-e-punido-na-assembleia-de-deus","status":"publish","type":"post","link":"https:\/\/oexpressobr.com.br\/?p=1558","title":{"rendered":"AP\u00d3S den\u00fancia na COP30, pastor \u00e9 punido na Assembleia de Deus"},"content":{"rendered":"\n<p class=\"wp-block-paragraph\">O que come\u00e7ou como um protesto isolado contra o uso de espa\u00e7os religiosos para fins seculares culminou em uma das maiores crises institucionais recentes da Assembleia de Deus no Par\u00e1. O pastor Marcelo Campelo, dirigente da congrega\u00e7\u00e3o da Doca, em Bel\u00e9m, foi oficialmente destitu\u00eddo de seu cargo pelo pastor Samuel C\u00e2mara, presidente da denomina\u00e7\u00e3o e da Conven\u00e7\u00e3o das Assembleias de Deus no Brasil (CADB).<br>A puni\u00e7\u00e3o ocorre ap\u00f3s Campelo tornar-se uma voz p\u00fablica de resist\u00eancia contra o aluguel do Centro de Conven\u00e7\u00f5es Centen\u00e1rio, pertencente \u00e0 igreja, para a realiza\u00e7\u00e3o da COP30 (Confer\u00eancia das Na\u00e7\u00f5es Unidas sobre Mudan\u00e7as Clim\u00e1ticas). A den\u00fancia feita pelo pastor, que viralizou nas redes sociais durante o evento, apontava o que ele chamou de &#8220;profana\u00e7\u00e3o&#8221; do templo, citando o consumo de bebidas alco\u00f3licas e a realiza\u00e7\u00e3o de eventos &#8220;pag\u00e3os&#8221; no local consagrado.<br>O racha ministerial<br>A decis\u00e3o de afastar Campelo foi comunicada pessoalmente por Samuel C\u00e2mara em um culto marcado por forte tens\u00e3o e protestos. Enquanto a lideran\u00e7a oficial alega que a sa\u00edda foi consensual e parte de um ciclo ministerial que se encerrava, Marcelo Campelo rebateu publicamente as afirma\u00e7\u00f5es, classificando a medida como uma repres\u00e1lia pol\u00edtica e uma &#8220;ditadura&#8221; interna.<\/p>\n\n\n\n<blockquote class=\"wp-block-quote is-layout-flow wp-block-quote-is-layout-flow\">\n<p class=\"wp-block-paragraph\">&#8220;Estou sendo tirado porque me posicionei como pastor defendendo a minha igreja. N\u00e3o \u00e9 por erro moral ou financeiro, \u00e9 por ter denunciado o que aconteceu naquele espa\u00e7o&#8221;, afirmou Campelo a fi\u00e9is que protestavam do lado de fora do templo.<\/p>\n\n\n\n<p class=\"wp-block-paragraph\">Contexto e Novas Atualiza\u00e7\u00f5es<br>O conflito exp\u00f5e um racha profundo na Assembleia de Deus em rela\u00e7\u00e3o \u00e0 gest\u00e3o de Samuel C\u00e2mara. Informa\u00e7\u00f5es recentes indicam que o aluguel do espa\u00e7o para o Governo do Par\u00e1 e para a ONU teria rendido cerca de R$ 2 milh\u00f5es aos cofres da institui\u00e7\u00e3o, valor que gerou questionamentos entre os membros sobre a transpar\u00eancia no uso dos d\u00edzimos e ofertas para a manuten\u00e7\u00e3o do centro de conven\u00e7\u00f5es.<br>Al\u00e9m da quest\u00e3o religiosa, a pol\u00eamica ganhou contornos pol\u00edticos. Cr\u00edticos \u00e0 gest\u00e3o de C\u00e2mara apontam que a proximidade com o governo estadual para viabilizar a estrutura da COP30 feriu princ\u00edpios de autonomia da igreja. Por outro lado, aliados do presidente defendem que o evento foi uma oportunidade estrat\u00e9gica para a capital paraense e que o contrato seguiu tr\u00e2mites legais.<br>At\u00e9 o momento, a c\u00fapula da Assembleia de Deus em Bel\u00e9m mant\u00e9m o discurso de que a substitui\u00e7\u00e3o de Campelo visa a &#8220;pacifica\u00e7\u00e3o do rebanho&#8221;, mas o clima entre os fi\u00e9is permanece de divis\u00e3o, com convoca\u00e7\u00f5es para novos protestos em frente \u00e0 sede da igreja nos pr\u00f3ximos dias.<\/p>\n<\/blockquote>\n","protected":false},"excerpt":{"rendered":"<p>O que come\u00e7ou como um protesto isolado contra o uso de espa\u00e7os religiosos para fins seculares culminou em uma das maiores crises institucionais recentes da [&#8230;]<\/p>\n","protected":false},"author":1,"featured_media":1559,"comment_status":"open","ping_status":"open","sticky":false,"template":"","format":"standard","meta":{"_crdt_document":"","_jetpack_memberships_contains_paid_content":false,"footnotes":"","jetpack_publicize_message":"","jetpack_publicize_feature_enabled":true,"jetpack_social_post_already_shared":true,"jetpack_social_options":{"image_generator_settings":{"template":"highway","default_image_id":0,"font":"","enabled":false},"version":2}},"categories":[16],"tags":[],"class_list":["post-1558","post","type-post","status-publish","format-standard","has-post-thumbnail","hentry","category-denuncia"],"jetpack_publicize_connections":[],"jetpack_featured_media_url":"https:\/\/i0.wp.com\/oexpressobr.com.br\/wp-content\/uploads\/2026\/01\/campelo.jpg?fit=414%2C280&ssl=1","jetpack_likes_enabled":true,"jetpack_sharing_enabled":true,"_links":{"self":[{"href":"https:\/\/oexpressobr.com.br\/index.php?rest_route=\/wp\/v2\/posts\/1558","targetHints":{"allow":["GET"]}}],"collection":[{"href":"https:\/\/oexpressobr.com.br\/index.php?rest_route=\/wp\/v2\/posts"}],"about":[{"href":"https:\/\/oexpressobr.com.br\/index.php?rest_route=\/wp\/v2\/types\/post"}],"author":[{"embeddable":true,"href":"https:\/\/oexpressobr.com.br\/index.php?rest_route=\/wp\/v2\/users\/1"}],"replies":[{"embeddable":true,"href":"https:\/\/oexpressobr.com.br\/index.php?rest_route=%2Fwp%2Fv2%2Fcomments&post=1558"}],"version-history":[{"count":1,"href":"https:\/\/oexpressobr.com.br\/index.php?rest_route=\/wp\/v2\/posts\/1558\/revisions"}],"predecessor-version":[{"id":1560,"href":"https:\/\/oexpressobr.com.br\/index.php?rest_route=\/wp\/v2\/posts\/1558\/revisions\/1560"}],"wp:featuredmedia":[{"embeddable":true,"href":"https:\/\/oexpressobr.com.br\/index.php?rest_route=\/wp\/v2\/media\/1559"}],"wp:attachment":[{"href":"https:\/\/oexpressobr.com.br\/index.php?rest_route=%2Fwp%2Fv2%2Fmedia&parent=1558"}],"wp:term":[{"taxonomy":"category","embeddable":true,"href":"https:\/\/oexpressobr.com.br\/index.php?rest_route=%2Fwp%2Fv2%2Fcategories&post=1558"},{"taxonomy":"post_tag","embeddable":true,"href":"https:\/\/oexpressobr.com.br\/index.php?rest_route=%2Fwp%2Fv2%2Ftags&post=1558"}],"curies":[{"name":"wp","href":"https:\/\/api.w.org\/{rel}","templated":true}]}}