{"id":1572,"date":"2026-01-07T11:03:04","date_gmt":"2026-01-07T14:03:04","guid":{"rendered":"https:\/\/oexpressobr.com.br\/?p=1572"},"modified":"2026-01-07T11:03:06","modified_gmt":"2026-01-07T14:03:06","slug":"resgates-por-trabalho-escravo-em-restaurantes-do-brasil-saltam-para-recorde-com-152-casos-entre-2022-e-2025","status":"publish","type":"post","link":"https:\/\/oexpressobr.com.br\/?p=1572","title":{"rendered":"Resgates por trabalho escravo em restaurantes do Brasil saltam para recorde com 152 casos entre 2022 e 2025"},"content":{"rendered":"\n<p class=\"wp-block-paragraph\">O setor de gastronomia brasileiro enfrenta uma crise \u00e9tica e humanit\u00e1ria sem precedentes. Segundo documentos do Minist\u00e9rio do Trabalho e Emprego (MTE) obtidos pela BBC News Brasil, o pa\u00eds registrou <strong>152 resgates de trabalhadores em condi\u00e7\u00f5es an\u00e1logas \u00e0 escravid\u00e3o<\/strong> em restaurantes entre 2022 e setembro de 2025. O cen\u00e1rio revela que a explora\u00e7\u00e3o n\u00e3o escolhe &#8220;classe social&#8221; do estabelecimento, atingindo desde pequenos com\u00e9rcios de bairro at\u00e9 churrascarias de luxo e renomados restaurantes japoneses.<\/p>\n\n\n\n<h3 class=\"wp-block-heading\">\u200bA escalada dos n\u00fameros<\/h3>\n\n\n\n<p class=\"wp-block-paragraph\">\u200bO crescimento das fiscaliza\u00e7\u00f5es e den\u00fancias resultou em uma curva estat\u00edstica alarmante nos \u00faltimos quatro anos:<\/p>\n\n\n\n<ul class=\"wp-block-list\">\n<li>\u200b<strong>2022:<\/strong> 8 resgates<\/li>\n\n\n\n<li>\u200b<strong>2023:<\/strong> 71 resgates (pico hist\u00f3rico no setor)<\/li>\n\n\n\n<li>\u200b<strong>2024:<\/strong> 34 resgates<\/li>\n\n\n\n<li>\u200b<strong>2025 (at\u00e9 setembro):<\/strong> 39 resgates<\/li>\n<\/ul>\n\n\n\n<p class=\"wp-block-paragraph\">\u200bEspecialistas apontam que o salto de 2022 para 2023 reflete tanto um aumento na precariza\u00e7\u00e3o do trabalho p\u00f3s-pandemia quanto o fortalecimento dos grupos m\u00f3veis de fiscaliza\u00e7\u00e3o do Governo Federal.<\/p>\n\n\n\n<h3 class=\"wp-block-heading\">\u200bO drama por tr\u00e1s dos dados: O caso de Wellington<\/h3>\n\n\n\n<p class=\"wp-block-paragraph\">\u200bA realidade fria dos n\u00fameros ganha rosto em hist\u00f3rias como a de <strong>Wellington<\/strong>, um jovem de 26 anos natural do Maranh\u00e3o. Atra\u00eddo pela promessa de um emprego est\u00e1vel e digno em uma churrascaria em S\u00e3o Paulo, ele se deparou com um cen\u00e1rio degradante.<\/p>\n\n\n\n<p class=\"wp-block-paragraph\">\u200bO relato de Wellington descreve o alojamento fornecido pelo empregador como algo que <strong>&#8220;parece um pres\u00eddio&#8221;<\/strong>: celas superlotadas, falta de higiene b\u00e1sica e restri\u00e7\u00e3o de liberdade atrav\u00e9s de d\u00edvidas impag\u00e1veis (o &#8220;truck system&#8221;). O arrependimento \u00e9 a marca de quem buscou o sustento e encontrou o c\u00e1rcere.<\/p>\n\n\n\n<h3 class=\"wp-block-heading\">\u200bModus Operandi: O &#8220;perfil&#8221; da explora\u00e7\u00e3o<\/h3>\n\n\n\n<p class=\"wp-block-paragraph\">\u200bDe acordo com os auditores-fiscais do trabalho, as irregularidades mais comuns nesses estabelecimentos incluem:<\/p>\n\n\n\n<ol class=\"wp-block-list\">\n<li>\u200b<strong>Jornadas Exaustivas:<\/strong> Turnos que ultrapassam 12 ou 14 horas di\u00e1rias, sem folgas semanais.<\/li>\n\n\n\n<li>\u200b<strong>Alojamentos Degradantes:<\/strong> Locais sem ventila\u00e7\u00e3o, infiltra\u00e7\u00f5es e aus\u00eancia de camas adequadas.<\/li>\n\n\n\n<li>\u200b<strong>Servid\u00e3o por D\u00edvida:<\/strong> Cobran\u00e7a por passagens, alimenta\u00e7\u00e3o e at\u00e9 ferramentas de trabalho, impedindo que o funcion\u00e1rio pe\u00e7a demiss\u00e3o.<\/li>\n\n\n\n<li>\u200b<strong>Reten\u00e7\u00e3o de Documentos:<\/strong> Pr\u00e1tica comum para evitar que o trabalhador fuja do local.<\/li>\n<\/ol>\n\n\n\n<h3 class=\"wp-block-heading\">\u200bO impacto nas grandes redes e a &#8220;Lista Suja&#8221;<\/h3>\n\n\n\n<p class=\"wp-block-paragraph\">\u200bRecentemente, a inclus\u00e3o de nomes de grandes redes na <strong>&#8220;Lista Suja&#8221; do Trabalho Escravo<\/strong> tem gerado debates sobre a responsabilidade da cadeia de suprimentos e o treinamento de franqueados. O Minist\u00e9rio P\u00fablico do Trabalho (MPT) refor\u00e7a que a coniv\u00eancia ou a falta de fiscaliza\u00e7\u00e3o interna n\u00e3o exime os propriet\u00e1rios de puni\u00e7\u00f5es severas, que incluem multas milion\u00e1rias e a proibi\u00e7\u00e3o de acesso a cr\u00e9dito em bancos p\u00fablicos.<\/p>\n\n\n\n<blockquote class=\"wp-block-quote is-layout-flow wp-block-quote-is-layout-flow\">\n<p class=\"wp-block-paragraph\">\u200b<strong>Nota do Editor:<\/strong> O trabalho an\u00e1logo \u00e0 escravid\u00e3o \u00e9 crime previsto no Artigo 149 do C\u00f3digo Penal Brasileiro. Den\u00fancias podem ser feitas de forma an\u00f4nima pelo Sistema Ip\u00ea ou pelo Disque 100.<\/p>\n<\/blockquote>\n","protected":false},"excerpt":{"rendered":"<p>O setor de gastronomia brasileiro enfrenta uma crise \u00e9tica e humanit\u00e1ria sem precedentes. Segundo documentos do Minist\u00e9rio do Trabalho e Emprego (MTE) obtidos pela BBC [&#8230;]<\/p>\n","protected":false},"author":1,"featured_media":0,"comment_status":"open","ping_status":"open","sticky":false,"template":"","format":"standard","meta":{"_crdt_document":"","_jetpack_memberships_contains_paid_content":false,"footnotes":"","jetpack_publicize_message":"","jetpack_publicize_feature_enabled":true,"jetpack_social_post_already_shared":true,"jetpack_social_options":{"image_generator_settings":{"template":"highway","default_image_id":0,"font":"","enabled":false},"version":2}},"categories":[1],"tags":[],"class_list":["post-1572","post","type-post","status-publish","format-standard","hentry","category-geral"],"jetpack_publicize_connections":[],"jetpack_featured_media_url":"","jetpack_likes_enabled":true,"jetpack_sharing_enabled":true,"_links":{"self":[{"href":"https:\/\/oexpressobr.com.br\/index.php?rest_route=\/wp\/v2\/posts\/1572","targetHints":{"allow":["GET"]}}],"collection":[{"href":"https:\/\/oexpressobr.com.br\/index.php?rest_route=\/wp\/v2\/posts"}],"about":[{"href":"https:\/\/oexpressobr.com.br\/index.php?rest_route=\/wp\/v2\/types\/post"}],"author":[{"embeddable":true,"href":"https:\/\/oexpressobr.com.br\/index.php?rest_route=\/wp\/v2\/users\/1"}],"replies":[{"embeddable":true,"href":"https:\/\/oexpressobr.com.br\/index.php?rest_route=%2Fwp%2Fv2%2Fcomments&post=1572"}],"version-history":[{"count":1,"href":"https:\/\/oexpressobr.com.br\/index.php?rest_route=\/wp\/v2\/posts\/1572\/revisions"}],"predecessor-version":[{"id":1573,"href":"https:\/\/oexpressobr.com.br\/index.php?rest_route=\/wp\/v2\/posts\/1572\/revisions\/1573"}],"wp:attachment":[{"href":"https:\/\/oexpressobr.com.br\/index.php?rest_route=%2Fwp%2Fv2%2Fmedia&parent=1572"}],"wp:term":[{"taxonomy":"category","embeddable":true,"href":"https:\/\/oexpressobr.com.br\/index.php?rest_route=%2Fwp%2Fv2%2Fcategories&post=1572"},{"taxonomy":"post_tag","embeddable":true,"href":"https:\/\/oexpressobr.com.br\/index.php?rest_route=%2Fwp%2Fv2%2Ftags&post=1572"}],"curies":[{"name":"wp","href":"https:\/\/api.w.org\/{rel}","templated":true}]}}