{"id":1574,"date":"2026-01-07T11:49:42","date_gmt":"2026-01-07T14:49:42","guid":{"rendered":"https:\/\/oexpressobr.com.br\/?p=1574"},"modified":"2026-01-07T11:49:44","modified_gmt":"2026-01-07T14:49:44","slug":"paulo-martins-surge-como-o-nome-de-ratinho-junior-para-2026-enquanto-nomes-do-psd-testam-popularidade","status":"publish","type":"post","link":"https:\/\/oexpressobr.com.br\/?p=1574","title":{"rendered":"Paulo Martins surge como o nome de Ratinho Junior para 2026 enquanto nomes do PSD testam popularidade"},"content":{"rendered":"\n<p class=\"wp-block-paragraph\">A sucess\u00e3o estadual no Paran\u00e1 para 2026 come\u00e7a a ganhar contornos de estrat\u00e9gia de guerra nos bastidores do Pal\u00e1cio Igua\u00e7u. Enquanto os holofotes se dividem entre nomes tradicionais do PSD, como <strong>Alexandre Curi<\/strong> e <strong>Guto Silva<\/strong>, um movimento silencioso posiciona o atual vice-prefeito de Curitiba, <strong>Paulo Martins (Novo)<\/strong>, como a verdadeira &#8220;carta na manga&#8221; do governador <strong>Ratinho Junior<\/strong> para manter a hegemonia da direita no estado.<\/p>\n\n\n\n<p class=\"wp-block-paragraph\">O tabuleiro pol\u00edtico paranaense para as elei\u00e7\u00f5es de 2026 apresenta uma din\u00e2mica de &#8220;cortina de fuma\u00e7a&#8221; que tem passado despercebida por parte dos analistas. Embora o PSD, partido do governador Ratinho Junior, mantenha em evid\u00eancia as pr\u00e9-candidaturas de Alexandre Curi (presidente da ALEP) e Guto Silva (Secret\u00e1rio das Cidades), o nome que come\u00e7a a ganhar musculatura como o herdeiro real do capital pol\u00edtico governista \u00e9 o de Paulo Martins.<\/p>\n\n\n\n<p class=\"wp-block-paragraph\">\u200bFiliado recentemente ao <strong>Partido Novo<\/strong>, Martins ocupa hoje a vice-prefeitura da capital ao lado de Eduardo Pimentel e ostenta um hist\u00f3rico de lealdade e proximidade com Ratinho Junior. Sua trajet\u00f3ria recente \u00e9 marcada pelo segundo lugar na disputa ao Senado em 2022, quando quase desbancou S\u00e9rgio Moro, consolidando-se como uma das principais lideran\u00e7as da direita conservadora no estado.<\/p>\n\n\n\n<h3 class=\"wp-block-heading\">\u200bA estrat\u00e9gia da &#8220;Preserva\u00e7\u00e3o&#8221;<\/h3>\n\n\n\n<p class=\"wp-block-paragraph\">\u200bFontes ligadas aos bastidores do governo indicam que a exposi\u00e7\u00e3o de Curi e Guto Silva serve, em parte, para testar a resist\u00eancia da base e medir a temperatura do eleitorado, enquanto Paulo Martins \u00e9 mantido em uma posi\u00e7\u00e3o de relativa blindagem. A ideia seria evitar o desgaste precoce de Martins, permitindo que ele atue na gest\u00e3o municipal de Curitiba antes de ser lan\u00e7ado como o nome da converg\u00eancia da direita.<\/p>\n\n\n\n<blockquote class=\"wp-block-quote is-layout-flow wp-block-quote-is-layout-flow\">\n<p class=\"wp-block-paragraph\">\u200b&#8221;A fun\u00e7\u00e3o do vice-prefeito \u00e9 garantir estabilidade, mas o meu nome aparece bem nas pesquisas para o governo e o Partido Novo tem vontade de construir essa candidatura&#8221;, afirmou Martins em declara\u00e7\u00f5es recentes, refor\u00e7ando que est\u00e1 &#8220;apto e com legitimidade&#8221; para o pleito.<\/p>\n<\/blockquote>\n\n\n\n<h3 class=\"wp-block-heading\">\u200bO fator Requi\u00e3o Filho e o Segundo Turno<\/h3>\n\n\n\n<p class=\"wp-block-paragraph\">\u200bO grande objetivo estrat\u00e9gico do grupo liderado por Ratinho Junior e pelas for\u00e7as de direita \u00e9 evitar que a esquerda, representada principalmente pelo deputado estadual <strong>Requi\u00e3o Filho (PDT)<\/strong>, consiga chegar ao segundo turno.<\/p>\n\n\n\n<p class=\"wp-block-paragraph\">\u200bPesquisas de institutos como <em>Quaest<\/em> e <em>Real Time Big Data<\/em> mostram Requi\u00e3o Filho com um recall s\u00f3lido (oscilando entre 15% e 19%), o que o coloca como um advers\u00e1rio perigoso caso a direita se fragmente excessivamente. O plano da &#8220;extrema direita&#8221; e dos aliados governistas seria consolidar uma candidatura \u00fanica \u2014 ou uma dobradinha estrat\u00e9gica \u2014 que garanta um segundo turno &#8220;em fam\u00edlia&#8221;, possivelmente entre Paulo Martins e outro nome do campo conservador, como o pr\u00f3prio S\u00e9rgio Moro (Uni\u00e3o), que hoje lidera as inten\u00e7\u00f5es de voto.<\/p>\n\n\n\n<h3 class=\"wp-block-heading\">\u200bPesquisas e Cen\u00e1rios<\/h3>\n\n\n\n<p class=\"wp-block-paragraph\">\u200bAtualmente, o cen\u00e1rio apresenta:<\/p>\n\n\n\n<ul class=\"wp-block-list\">\n<li>\u200b<strong>S\u00e9rgio Moro (Uni\u00e3o):<\/strong> Lideran\u00e7a isolada, mas com incertezas sobre o apoio da base bolsonarista.<\/li>\n\n\n\n<li>\u200b<strong>Requi\u00e3o Filho (PDT):<\/strong> Principal nome da oposi\u00e7\u00e3o, herdeiro do esp\u00f3lio pol\u00edtico do pai.<\/li>\n\n\n\n<li>\u200b<strong>Paulo Martins (Novo):<\/strong> Crescendo de forma org\u00e2nica, com \u00edndices que variam de 8% a 15% sem ter iniciado campanha oficial.<\/li>\n\n\n\n<li>\u200b<strong>Bloco do PSD (Curi\/Guto Silva):<\/strong> Nomes com forte penetra\u00e7\u00e3o no interior e na m\u00e1quina p\u00fablica, mas que ainda aguardam a &#8220;ben\u00e7\u00e3o&#8221; definitiva do governador.<\/li>\n<\/ul>\n\n\n\n<p class=\"wp-block-paragraph\">\u200bA movimenta\u00e7\u00e3o de Paulo Martins para o Novo \u00e9 vista como um movimento de mestre: ele mant\u00e9m a independ\u00eancia partid\u00e1ria para atrair o eleitorado mais ideol\u00f3gico, mas permanece umbilicalmente ligado ao projeto de Ratinho Junior, que encerrou 2025 com aprova\u00e7\u00e3o recorde de quase 80%.<\/p>\n","protected":false},"excerpt":{"rendered":"<p>A sucess\u00e3o estadual no Paran\u00e1 para 2026 come\u00e7a a ganhar contornos de estrat\u00e9gia de guerra nos bastidores do Pal\u00e1cio Igua\u00e7u. Enquanto os holofotes se dividem [&#8230;]<\/p>\n","protected":false},"author":1,"featured_media":1575,"comment_status":"open","ping_status":"open","sticky":false,"template":"","format":"standard","meta":{"_crdt_document":"","_jetpack_memberships_contains_paid_content":false,"footnotes":"","jetpack_publicize_message":"","jetpack_publicize_feature_enabled":true,"jetpack_social_post_already_shared":true,"jetpack_social_options":{"image_generator_settings":{"template":"highway","default_image_id":0,"font":"","enabled":false},"version":2}},"categories":[5],"tags":[],"class_list":["post-1574","post","type-post","status-publish","format-standard","has-post-thumbnail","hentry","category-parana"],"jetpack_publicize_connections":[],"jetpack_featured_media_url":"https:\/\/i0.wp.com\/oexpressobr.com.br\/wp-content\/uploads\/2026\/01\/images.jpg?fit=678%2C452&ssl=1","jetpack_likes_enabled":true,"jetpack_sharing_enabled":true,"_links":{"self":[{"href":"https:\/\/oexpressobr.com.br\/index.php?rest_route=\/wp\/v2\/posts\/1574","targetHints":{"allow":["GET"]}}],"collection":[{"href":"https:\/\/oexpressobr.com.br\/index.php?rest_route=\/wp\/v2\/posts"}],"about":[{"href":"https:\/\/oexpressobr.com.br\/index.php?rest_route=\/wp\/v2\/types\/post"}],"author":[{"embeddable":true,"href":"https:\/\/oexpressobr.com.br\/index.php?rest_route=\/wp\/v2\/users\/1"}],"replies":[{"embeddable":true,"href":"https:\/\/oexpressobr.com.br\/index.php?rest_route=%2Fwp%2Fv2%2Fcomments&post=1574"}],"version-history":[{"count":1,"href":"https:\/\/oexpressobr.com.br\/index.php?rest_route=\/wp\/v2\/posts\/1574\/revisions"}],"predecessor-version":[{"id":1576,"href":"https:\/\/oexpressobr.com.br\/index.php?rest_route=\/wp\/v2\/posts\/1574\/revisions\/1576"}],"wp:featuredmedia":[{"embeddable":true,"href":"https:\/\/oexpressobr.com.br\/index.php?rest_route=\/wp\/v2\/media\/1575"}],"wp:attachment":[{"href":"https:\/\/oexpressobr.com.br\/index.php?rest_route=%2Fwp%2Fv2%2Fmedia&parent=1574"}],"wp:term":[{"taxonomy":"category","embeddable":true,"href":"https:\/\/oexpressobr.com.br\/index.php?rest_route=%2Fwp%2Fv2%2Fcategories&post=1574"},{"taxonomy":"post_tag","embeddable":true,"href":"https:\/\/oexpressobr.com.br\/index.php?rest_route=%2Fwp%2Fv2%2Ftags&post=1574"}],"curies":[{"name":"wp","href":"https:\/\/api.w.org\/{rel}","templated":true}]}}