{"id":1577,"date":"2026-01-07T17:22:08","date_gmt":"2026-01-07T20:22:08","guid":{"rendered":"https:\/\/oexpressobr.com.br\/?p=1577"},"modified":"2026-01-07T17:22:09","modified_gmt":"2026-01-07T20:22:09","slug":"mp-recebe-pericia-tecnica-e-investiga-morosidade-na-punicao-de-envolvidos-em-irregularidades-na-sanepar","status":"publish","type":"post","link":"https:\/\/oexpressobr.com.br\/?p=1577","title":{"rendered":"MP recebe per\u00edcia t\u00e9cnica e investiga morosidade na puni\u00e7\u00e3o de envolvidos em irregularidades na Sanepar"},"content":{"rendered":"\n<p class=\"wp-block-paragraph\">As investiga\u00e7\u00f5es envolvendo poss\u00edveis esquemas de corrup\u00e7\u00e3o e m\u00e1 gest\u00e3o na <strong>Companhia de Saneamento do Paran\u00e1 (Sanepar)<\/strong> ganharam um novo cap\u00edtulo esta semana. Documentos encaminhados \u00e0 Promotoria de Justi\u00e7a revelam que, ap\u00f3s cinco anos do in\u00edcio da <strong>Opera\u00e7\u00e3o Ductos<\/strong>, o desfecho do caso ainda \u00e9 marcado pela baixa resolutividade e pela aus\u00eancia de puni\u00e7\u00f5es a figuras do alto escal\u00e3o da companhia.<\/p>\n\n\n\n<h3 class=\"wp-block-heading\">\u200bO avan\u00e7o da per\u00edcia t\u00e9cnica<\/h3>\n\n\n\n<p class=\"wp-block-paragraph\">\u200bA novidade mais contundente no processo \u00e9 a entrega de um <strong>relat\u00f3rio pericial contratado pelo Minist\u00e9rio P\u00fablico (MP)<\/strong>. Este documento \u00e9 considerado pe\u00e7a-chave para destravar as investiga\u00e7\u00f5es que se arrastam desde 2020. Segundo fontes ligadas \u00e0s den\u00fancias, a per\u00edcia detalha irregularidades t\u00e9cnicas e financeiras que n\u00e3o haviam sido totalmente esclarecidas nas fases anteriores.<\/p>\n\n\n\n<p class=\"wp-block-paragraph\">\u200bO denunciante e fot\u00f3grafo Eduardo, que tem acompanhado de perto o desenrolar dos protocolos, afirma que os \u00f3rg\u00e3os de controle do Estado \u2014 incluindo o <strong>TCE (Tribunal de Contas)<\/strong>, <strong>CGE (Controladoria-Geral)<\/strong>, <strong>PGE (Procuradoria-Geral)<\/strong> e a ag\u00eancia reguladora <strong>Agepar<\/strong> \u2014 j\u00e1 foram devidamente comunicados e possuem ci\u00eancia integral do teor das acusa\u00e7\u00f5es.<\/p>\n\n\n\n<h3 class=\"wp-block-heading\">\u200bImpunidade e a &#8220;Opera\u00e7\u00e3o Ductos&#8221;<\/h3>\n\n\n\n<p class=\"wp-block-paragraph\">\u200bA Opera\u00e7\u00e3o Ductos foi deflagrada com o objetivo de desarticular um esquema de cobran\u00e7a de propinas para a libera\u00e7\u00e3o de pagamentos a empreiteiras. No entanto, o balan\u00e7o atual das puni\u00e7\u00f5es \u00e9 visto com ceticismo:<\/p>\n\n\n\n<ul class=\"wp-block-list\">\n<li>\u200b<strong>Baixo \u00edndice de condena\u00e7\u00f5es:<\/strong> At\u00e9 o momento, apenas dois nomes de menor relev\u00e2ncia teriam sido punidos.<\/li>\n\n\n\n<li>\u200b<strong>Preserva\u00e7\u00e3o da c\u00fapula:<\/strong> H\u00e1 uma percep\u00e7\u00e3o de que os &#8220;peixes grandes&#8221; da estrutura administrativa permanecem intocados.<\/li>\n\n\n\n<li>\u200b<strong>Resolu\u00e7\u00f5es ineficazes:<\/strong> Documentos anexados \u00e0 den\u00fancia sugerem que as medidas administrativas tomadas pela Sanepar at\u00e9 agora s\u00e3o paliativas e n\u00e3o resolvem o n\u00facleo do problema apontado pela investiga\u00e7\u00e3o.<\/li>\n<\/ul>\n","protected":false},"excerpt":{"rendered":"<p>As investiga\u00e7\u00f5es envolvendo poss\u00edveis esquemas de corrup\u00e7\u00e3o e m\u00e1 gest\u00e3o na Companhia de Saneamento do Paran\u00e1 (Sanepar) ganharam um novo cap\u00edtulo esta semana. Documentos encaminhados [&#8230;]<\/p>\n","protected":false},"author":1,"featured_media":1578,"comment_status":"open","ping_status":"open","sticky":false,"template":"","format":"standard","meta":{"_crdt_document":"","_jetpack_memberships_contains_paid_content":false,"footnotes":"","jetpack_publicize_message":"","jetpack_publicize_feature_enabled":true,"jetpack_social_post_already_shared":true,"jetpack_social_options":{"image_generator_settings":{"template":"highway","default_image_id":0,"font":"","enabled":false},"version":2}},"categories":[5],"tags":[],"class_list":["post-1577","post","type-post","status-publish","format-standard","has-post-thumbnail","hentry","category-parana"],"jetpack_publicize_connections":[],"jetpack_featured_media_url":"https:\/\/i0.wp.com\/oexpressobr.com.br\/wp-content\/uploads\/2026\/01\/images.png?fit=447%2C447&ssl=1","jetpack_likes_enabled":true,"jetpack_sharing_enabled":true,"_links":{"self":[{"href":"https:\/\/oexpressobr.com.br\/index.php?rest_route=\/wp\/v2\/posts\/1577","targetHints":{"allow":["GET"]}}],"collection":[{"href":"https:\/\/oexpressobr.com.br\/index.php?rest_route=\/wp\/v2\/posts"}],"about":[{"href":"https:\/\/oexpressobr.com.br\/index.php?rest_route=\/wp\/v2\/types\/post"}],"author":[{"embeddable":true,"href":"https:\/\/oexpressobr.com.br\/index.php?rest_route=\/wp\/v2\/users\/1"}],"replies":[{"embeddable":true,"href":"https:\/\/oexpressobr.com.br\/index.php?rest_route=%2Fwp%2Fv2%2Fcomments&post=1577"}],"version-history":[{"count":1,"href":"https:\/\/oexpressobr.com.br\/index.php?rest_route=\/wp\/v2\/posts\/1577\/revisions"}],"predecessor-version":[{"id":1579,"href":"https:\/\/oexpressobr.com.br\/index.php?rest_route=\/wp\/v2\/posts\/1577\/revisions\/1579"}],"wp:featuredmedia":[{"embeddable":true,"href":"https:\/\/oexpressobr.com.br\/index.php?rest_route=\/wp\/v2\/media\/1578"}],"wp:attachment":[{"href":"https:\/\/oexpressobr.com.br\/index.php?rest_route=%2Fwp%2Fv2%2Fmedia&parent=1577"}],"wp:term":[{"taxonomy":"category","embeddable":true,"href":"https:\/\/oexpressobr.com.br\/index.php?rest_route=%2Fwp%2Fv2%2Fcategories&post=1577"},{"taxonomy":"post_tag","embeddable":true,"href":"https:\/\/oexpressobr.com.br\/index.php?rest_route=%2Fwp%2Fv2%2Ftags&post=1577"}],"curies":[{"name":"wp","href":"https:\/\/api.w.org\/{rel}","templated":true}]}}