{"id":158,"date":"2025-12-01T12:37:18","date_gmt":"2025-12-01T15:37:18","guid":{"rendered":"https:\/\/oexpressobr.com.br\/?p=158"},"modified":"2025-12-01T12:37:19","modified_gmt":"2025-12-01T15:37:19","slug":"prisao-preventiva-de-seguranca-do-trafico-na-mare-e-convertida-apos-fazer-refens-mprj-investiga-mortes-em-operacao","status":"publish","type":"post","link":"https:\/\/oexpressobr.com.br\/?p=158","title":{"rendered":"Pris\u00e3o preventiva de seguran\u00e7a do tr\u00e1fico na Mar\u00e9 \u00e9 convertida ap\u00f3s fazer ref\u00e9ns; MPRJ investiga mortes em opera\u00e7\u00e3o"},"content":{"rendered":"\n<p class=\"wp-block-paragraph\">\u200bO Minist\u00e9rio P\u00fablico do Estado do Rio de Janeiro (MPRJ) obteve a convers\u00e3o da pris\u00e3o em flagrante para <strong>pris\u00e3o preventiva<\/strong> de <strong>Pedro Paulo de Sousa Mendes<\/strong>. A deten\u00e7\u00e3o ocorreu na \u00faltima quarta-feira (26\/11) durante uma opera\u00e7\u00e3o emergencial da Pol\u00edcia Civil na comunidade Vila do Pinheiro, no Complexo da Mar\u00e9.<\/p>\n\n\n\n<h3 class=\"wp-block-heading\">\u200b\ud83d\udc6e\u200d\u2642\ufe0f Ocorr\u00eancia e Detalhes da Pris\u00e3o<\/h3>\n\n\n\n<p class=\"wp-block-paragraph\">\u200bSegundo o MPRJ, Pedro Paulo, ao perceber a aproxima\u00e7\u00e3o da equipe policial, <strong>fez uma moradora e seu filho pequeno de ref\u00e9ns<\/strong>. Ele foi flagrado portando um <strong>fuzil calibre 5,56, muni\u00e7\u00f5es e sete carregadores<\/strong>, e foi identificado pelos agentes como <strong>seguran\u00e7a de uma das lideran\u00e7as do tr\u00e1fico local<\/strong>.<\/p>\n\n\n\n<p class=\"wp-block-paragraph\">\u200bA convers\u00e3o da pris\u00e3o em flagrante para preventiva visa garantir a ordem p\u00fablica e a instru\u00e7\u00e3o criminal, mantendo o suspeito sob cust\u00f3dia devido \u00e0 gravidade dos atos cometidos: sequestro, porte ilegal de armamento de uso restrito e associa\u00e7\u00e3o ao tr\u00e1fico.<\/p>\n\n\n\n<h3 class=\"wp-block-heading\">\u200b\ud83d\udea8 Opera\u00e7\u00e3o marcada por viol\u00eancia e investiga\u00e7\u00f5es<\/h3>\n\n\n\n<p class=\"wp-block-paragraph\">\u200bA a\u00e7\u00e3o policial na Mar\u00e9, que resultou na pris\u00e3o de Pedro Paulo, foi marcada por intensa troca de tiros, gerando grande impacto na rotina dos moradores e da regi\u00e3o:<\/p>\n\n\n\n<ul class=\"wp-block-list\">\n<li>\u200b<strong>V\u00edtimas:<\/strong> A opera\u00e7\u00e3o resultou em pelo menos tr\u00eas suspeitos mortos em confronto e um aluno de 12 anos ferido na perna por disparo de arma de fogo dentro de uma escola municipal na Vila do Pinheiro.<\/li>\n\n\n\n<li>\u200b<strong>Impacto na Educa\u00e7\u00e3o:<\/strong> Al\u00e9m do estudante baleado, a a\u00e7\u00e3o causou a suspens\u00e3o de aulas em 13 unidades escolares na Mar\u00e9 e o cancelamento de provas, segundo a Secretaria Municipal de Educa\u00e7\u00e3o. Disparos atingiram at\u00e9 mesmo o <em>campus<\/em> do Fund\u00e3o da Universidade Federal do Rio de Janeiro (UFRJ), que precisou suspender suas atividades presenciais.<\/li>\n\n\n\n<li>\u200b<strong>Investiga\u00e7\u00e3o do MPRJ:<\/strong> O pr\u00f3prio Minist\u00e9rio P\u00fablico do Rio de Janeiro (MPRJ) abriu uma investiga\u00e7\u00e3o para apurar as mortes ocorridas durante a opera\u00e7\u00e3o emergencial da Pol\u00edcia Civil.<\/li>\n<\/ul>\n\n\n\n<p class=\"wp-block-paragraph\">\u200bO caso de Pedro Paulo de Sousa Mendes se insere em um contexto de constante viol\u00eancia e confrontos no Complexo da Mar\u00e9, onde a atua\u00e7\u00e3o de fac\u00e7\u00f5es criminosas e as opera\u00e7\u00f5es policiais frequentemente colocam a vida de moradores e a seguran\u00e7a p\u00fablica em risco.<\/p>\n","protected":false},"excerpt":{"rendered":"<p>\u200bO Minist\u00e9rio P\u00fablico do Estado do Rio de Janeiro (MPRJ) obteve a convers\u00e3o da pris\u00e3o em flagrante para pris\u00e3o preventiva de Pedro Paulo de Sousa [&#8230;]<\/p>\n","protected":false},"author":1,"featured_media":159,"comment_status":"open","ping_status":"open","sticky":false,"template":"","format":"standard","meta":{"_crdt_document":"","_jetpack_memberships_contains_paid_content":false,"footnotes":"","jetpack_publicize_message":"","jetpack_publicize_feature_enabled":true,"jetpack_social_post_already_shared":false,"jetpack_social_options":{"image_generator_settings":{"template":"highway","default_image_id":0,"font":"","enabled":false},"version":2}},"categories":[8],"tags":[],"class_list":["post-158","post","type-post","status-publish","format-standard","has-post-thumbnail","hentry","category-judiciario"],"jetpack_publicize_connections":[],"jetpack_featured_media_url":"https:\/\/i0.wp.com\/oexpressobr.com.br\/wp-content\/uploads\/2025\/12\/upload_00004896.png?fit=1024%2C682&ssl=1","jetpack_likes_enabled":true,"jetpack_sharing_enabled":true,"_links":{"self":[{"href":"https:\/\/oexpressobr.com.br\/index.php?rest_route=\/wp\/v2\/posts\/158","targetHints":{"allow":["GET"]}}],"collection":[{"href":"https:\/\/oexpressobr.com.br\/index.php?rest_route=\/wp\/v2\/posts"}],"about":[{"href":"https:\/\/oexpressobr.com.br\/index.php?rest_route=\/wp\/v2\/types\/post"}],"author":[{"embeddable":true,"href":"https:\/\/oexpressobr.com.br\/index.php?rest_route=\/wp\/v2\/users\/1"}],"replies":[{"embeddable":true,"href":"https:\/\/oexpressobr.com.br\/index.php?rest_route=%2Fwp%2Fv2%2Fcomments&post=158"}],"version-history":[{"count":0,"href":"https:\/\/oexpressobr.com.br\/index.php?rest_route=\/wp\/v2\/posts\/158\/revisions"}],"wp:featuredmedia":[{"embeddable":true,"href":"https:\/\/oexpressobr.com.br\/index.php?rest_route=\/wp\/v2\/media\/159"}],"wp:attachment":[{"href":"https:\/\/oexpressobr.com.br\/index.php?rest_route=%2Fwp%2Fv2%2Fmedia&parent=158"}],"wp:term":[{"taxonomy":"category","embeddable":true,"href":"https:\/\/oexpressobr.com.br\/index.php?rest_route=%2Fwp%2Fv2%2Fcategories&post=158"},{"taxonomy":"post_tag","embeddable":true,"href":"https:\/\/oexpressobr.com.br\/index.php?rest_route=%2Fwp%2Fv2%2Ftags&post=158"}],"curies":[{"name":"wp","href":"https:\/\/api.w.org\/{rel}","templated":true}]}}