{"id":1580,"date":"2026-01-07T18:07:30","date_gmt":"2026-01-07T21:07:30","guid":{"rendered":"https:\/\/oexpressobr.com.br\/?p=1580"},"modified":"2026-01-07T18:07:31","modified_gmt":"2026-01-07T21:07:31","slug":"bloqueio-de-acessos-na-perimetral-leste-prf-dnit-e-der-interditam-trechos-apos-inauguracao-de-ratinho-jr","status":"publish","type":"post","link":"https:\/\/oexpressobr.com.br\/?p=1580","title":{"rendered":"BLOQUEIO de acessos na Perimetral Leste: PRF, DNIT e DER interditam trechos ap\u00f3s inaugura\u00e7\u00e3o de Ratinho Jr."},"content":{"rendered":"\n<p class=\"wp-block-paragraph\">O que deveria ser um marco de fluidez para o tr\u00e2nsito da fronteira transformou-se em um impasse t\u00e9cnico e de seguran\u00e7a. Nesta quarta-feira (7), agentes da Pol\u00edcia Rodovi\u00e1ria Federal (PRF), t\u00e9cnicos do DNIT e do DER\/PR iniciaram o bloqueio f\u00edsico de tr\u00eas acessos estrat\u00e9gicos da rec\u00e9m-inaugurada Perimetral Leste. A medida ocorre menos de um m\u00eas ap\u00f3s o governador Ratinho Junior (PSD) ter liberado a via ao tr\u00e1fego de forma unilateral, contrariando recomenda\u00e7\u00f5es de \u00f3rg\u00e3os federais.<\/p>\n\n\n\n<p class=\"wp-block-paragraph\">\u200bA interdi\u00e7\u00e3o foca em pontos considerados &#8220;cr\u00edticos&#8221; para a seguran\u00e7a vi\u00e1ria: dois acessos no quil\u00f4metro 7 (pr\u00f3ximo \u00e0 Avenida Felipe Wandscheer) e um no quil\u00f4metro 4,5. Segundo o relat\u00f3rio t\u00e9cnico que embasou a decis\u00e3o, a sinaliza\u00e7\u00e3o nestes locais \u00e9 insuficiente ou inexistente, e a geometria dos acessos permite manobras irregulares, como o cruzamento perigoso entre as marginais e a pista principal, elevando drasticamente o risco de colis\u00f5es graves.<\/p>\n\n\n\n<h3 class=\"wp-block-heading\">\u200bEntenda o conflito<\/h3>\n\n\n\n<p class=\"wp-block-paragraph\">\u200bA crise em torno da Perimetral Leste, que liga a BR-277 \u00e0 nova Ponte da Integra\u00e7\u00e3o, escalou em dezembro de 2025. Na ocasi\u00e3o, o Governo do Estado declarou a obra como &#8220;conclu\u00edda&#8221; e o governador Ratinho Junior realizou um ato de entrega, autorizando a circula\u00e7\u00e3o de ve\u00edculos leves para desafogar o tr\u00e2nsito urbano de Foz do Igua\u00e7u durante a temporada de ver\u00e3o.<\/p>\n\n\n\n<p class=\"wp-block-paragraph\">\u200bContudo, o DNIT e a PRF reagiram prontamente, emitindo notas e laudos que apontavam falhas estruturais, como a aus\u00eancia de dispositivos de prote\u00e7\u00e3o (defensas met\u00e1licas) em \u00e1reas de risco e sinaliza\u00e7\u00e3o horizontal prec\u00e1ria. O governo federal chegou a solicitar a interdi\u00e7\u00e3o total da via, mas, ap\u00f3s uma vistoria t\u00e9cnica conjunta realizada nesta ter\u00e7a-feira (6), optou-se por uma &#8220;libera\u00e7\u00e3o cautelosa&#8221; da pista principal, mantendo o bloqueio apenas nos acessos de maior risco.<\/p>\n\n\n\n<h3 class=\"wp-block-heading\">\u200bImpacto na comunidade<\/h3>\n\n\n\n<p class=\"wp-block-paragraph\">\u200bA manh\u00e3 de hoje foi marcada por confus\u00e3o para os motoristas igua\u00e7uenses. Moradores de bairros como Jardim S\u00e3o Roque e Mata Verde viram-se &#8220;ilhados&#8221; com o fechamento repentino das entradas da Perimetral. Na Avenida Felipe Wandscheer, o fluxo precisou ser desviado para as marginais, gerando congestionamentos em hor\u00e1rios de pico.<\/p>\n\n\n\n<p class=\"wp-block-paragraph\">\u200bA PRF mant\u00e9m fiscaliza\u00e7\u00e3o constante no trecho desde o dia 1\u00ba de janeiro de 2026, priorizando a orienta\u00e7\u00e3o, mas alertando que o tr\u00e1fego de caminh\u00f5es pesados segue restrito at\u00e9 que as aduanas e a sinaliza\u00e7\u00e3o definitiva sejam finalizadas.<\/p>\n\n\n\n<h3 class=\"wp-block-heading\">\u200bPr\u00f3ximos passos<\/h3>\n\n\n\n<p class=\"wp-block-paragraph\">\u200bDe acordo com o DNIT, a reabertura desses acessos depende agora de uma revis\u00e3o do projeto vi\u00e1rio e da implanta\u00e7\u00e3o da sinaliza\u00e7\u00e3o correta pela construtora respons\u00e1vel. A expectativa \u00e9 que as interven\u00e7\u00f5es ocorram nas pr\u00f3ximas semanas, mas at\u00e9 l\u00e1, o &#8220;bra\u00e7o de ferro&#8221; institucional entre o Estado e a Uni\u00e3o continua a ditar o ritmo de uma das obras de infraestrutura mais caras e aguardadas da regi\u00e3o, cujo custo j\u00e1 ultrapassa os R$ 440 milh\u00f5es.<\/p>\n","protected":false},"excerpt":{"rendered":"<p>O que deveria ser um marco de fluidez para o tr\u00e2nsito da fronteira transformou-se em um impasse t\u00e9cnico e de seguran\u00e7a. Nesta quarta-feira (7), agentes [&#8230;]<\/p>\n","protected":false},"author":1,"featured_media":1581,"comment_status":"open","ping_status":"open","sticky":false,"template":"","format":"standard","meta":{"_crdt_document":"","_jetpack_memberships_contains_paid_content":false,"footnotes":"","jetpack_publicize_message":"","jetpack_publicize_feature_enabled":true,"jetpack_social_post_already_shared":true,"jetpack_social_options":{"image_generator_settings":{"template":"highway","default_image_id":0,"font":"","enabled":false},"version":2}},"categories":[5],"tags":[],"class_list":["post-1580","post","type-post","status-publish","format-standard","has-post-thumbnail","hentry","category-parana"],"jetpack_publicize_connections":[],"jetpack_featured_media_url":"https:\/\/i0.wp.com\/oexpressobr.com.br\/wp-content\/uploads\/2026\/01\/perimetral-leste-e-entregue-por-ratinho-junior-e-ja-esta-liberada-para-uso-693b0d464082d.webp?fit=1024%2C683&ssl=1","jetpack_likes_enabled":true,"jetpack_sharing_enabled":true,"_links":{"self":[{"href":"https:\/\/oexpressobr.com.br\/index.php?rest_route=\/wp\/v2\/posts\/1580","targetHints":{"allow":["GET"]}}],"collection":[{"href":"https:\/\/oexpressobr.com.br\/index.php?rest_route=\/wp\/v2\/posts"}],"about":[{"href":"https:\/\/oexpressobr.com.br\/index.php?rest_route=\/wp\/v2\/types\/post"}],"author":[{"embeddable":true,"href":"https:\/\/oexpressobr.com.br\/index.php?rest_route=\/wp\/v2\/users\/1"}],"replies":[{"embeddable":true,"href":"https:\/\/oexpressobr.com.br\/index.php?rest_route=%2Fwp%2Fv2%2Fcomments&post=1580"}],"version-history":[{"count":1,"href":"https:\/\/oexpressobr.com.br\/index.php?rest_route=\/wp\/v2\/posts\/1580\/revisions"}],"predecessor-version":[{"id":1582,"href":"https:\/\/oexpressobr.com.br\/index.php?rest_route=\/wp\/v2\/posts\/1580\/revisions\/1582"}],"wp:featuredmedia":[{"embeddable":true,"href":"https:\/\/oexpressobr.com.br\/index.php?rest_route=\/wp\/v2\/media\/1581"}],"wp:attachment":[{"href":"https:\/\/oexpressobr.com.br\/index.php?rest_route=%2Fwp%2Fv2%2Fmedia&parent=1580"}],"wp:term":[{"taxonomy":"category","embeddable":true,"href":"https:\/\/oexpressobr.com.br\/index.php?rest_route=%2Fwp%2Fv2%2Fcategories&post=1580"},{"taxonomy":"post_tag","embeddable":true,"href":"https:\/\/oexpressobr.com.br\/index.php?rest_route=%2Fwp%2Fv2%2Ftags&post=1580"}],"curies":[{"name":"wp","href":"https:\/\/api.w.org\/{rel}","templated":true}]}}