{"id":1585,"date":"2026-01-08T04:55:51","date_gmt":"2026-01-08T07:55:51","guid":{"rendered":"https:\/\/oexpressobr.com.br\/?p=1585"},"modified":"2026-01-08T04:55:53","modified_gmt":"2026-01-08T07:55:53","slug":"audio-vazado-de-ratinho-junior-e-guto-silva-gera-crise-politica-no-parana-e-levanta-suspeitas-sobre-gestao-publica","status":"publish","type":"post","link":"https:\/\/oexpressobr.com.br\/?p=1585","title":{"rendered":"Audio vazado de Ratinho Junior e Guto Silva gera crise pol\u00edtica no Paran\u00e1 e levanta suspeitas sobre gest\u00e3o p\u00fablica"},"content":{"rendered":"\n<p class=\"wp-block-paragraph\">Uma nova pol\u00eamica sacudiu os bastidores do Pal\u00e1cio Igua\u00e7u nesta semana. O vazamento de um \u00e1udio in\u00e9dito, atribu\u00eddo ao governador <strong>Ratinho Junior<\/strong> e ao secret\u00e1rio <strong>Guto Silva<\/strong>, trouxe \u00e0 tona di\u00e1logos que sugerem uma din\u00e2mica controversa na gest\u00e3o de recursos e acordos pol\u00edticos no estado. O conte\u00fado, que ironiza o t\u00edtulo do cl\u00e1ssico programa televisivo de Silvio Santos, &#8220;Topa Tudo por Dinheiro&#8221;, sugere que, na pr\u00e1tica, a realidade seria o oposto: em vez de repasses, o foco seria a reten\u00e7\u00e3o ou a cobran\u00e7a de contrapartidas.<\/p>\n\n\n\n<h3 class=\"wp-block-heading\">\u200bO Contexto do Vazamento<\/h3>\n\n\n\n<p class=\"wp-block-paragraph\">\u200bO material, divulgado inicialmente pelo portal <em>O Di\u00e1rio de Maring\u00e1<\/em>, exp\u00f5e conversas que indicam uma articula\u00e7\u00e3o direta sobre o controle de verbas e apoios. A frase que d\u00e1 t\u00edtulo \u00e0 controv\u00e9rsia \u2014 <strong>&#8220;N\u00e3o d\u00e1 dinheiro, toma?&#8221;<\/strong> \u2014 tem sido interpretada por opositores como um ind\u00edcio de press\u00e3o sobre prefeituras ou parlamentares para o alinhamento com as pautas do Executivo.<\/p>\n\n\n\n<h3 class=\"wp-block-heading\">\u200bPrincipais Pontos da Controv\u00e9rsia<\/h3>\n\n\n\n<p class=\"wp-block-paragraph\">\u200bDe acordo com as apura\u00e7\u00f5es mais recentes e a repercuss\u00e3o nos meios pol\u00edticos paranaenses:<\/p>\n\n\n\n<ul class=\"wp-block-list\">\n<li>\u200b<strong>Rela\u00e7\u00e3o com Prefeituras:<\/strong> O \u00e1udio sugere que a libera\u00e7\u00e3o de conv\u00eanios estaria condicionada a um &#8220;ped\u00e1gio&#8221; pol\u00edtico ou financeiro, o que pode configurar desvio de finalidade.<\/li>\n\n\n\n<li>\u200b<strong>Papel de Guto Silva:<\/strong> O secret\u00e1rio, tido como o bra\u00e7o direito do governador e articulador pol\u00edtico, aparece nas grava\u00e7\u00f5es como o executor das estrat\u00e9gias de conten\u00e7\u00e3o e negocia\u00e7\u00e3o.<\/li>\n\n\n\n<li>\u200b<strong>Impacto na Assembleia Legislativa (ALEP):<\/strong> Deputados da oposi\u00e7\u00e3o j\u00e1 se mobilizam para solicitar a per\u00edcia do \u00e1udio e questionar a transpar\u00eancia nos repasses estaduais.<\/li>\n<\/ul>\n\n\n\n<h3 class=\"wp-block-heading\">\u200bRea\u00e7\u00f5es e Desdobramentos<\/h3>\n\n\n\n<p class=\"wp-block-paragraph\">\u200bA assessoria do Governo do Estado ainda n\u00e3o emitiu uma nota t\u00e9cnica detalhada sobre a veracidade do \u00e1udio, limitando-se a declarar, em inst\u00e2ncias preliminares, que se trata de &#8220;fala fora de contexto&#8221; e &#8220;tentativa de desestabiliza\u00e7\u00e3o pol\u00edtica&#8221; em ano estrat\u00e9gico.<\/p>\n\n\n\n<blockquote class=\"wp-block-quote is-layout-flow wp-block-quote-is-layout-flow\">\n<p class=\"wp-block-paragraph\">\u200b&#8221;\u00c9 preciso cautela ao analisar fragmentos de conversas privadas, mas a gravidade do que \u00e9 dito exige uma explica\u00e7\u00e3o clara aos cidad\u00e3os paranaenses sobre como o dinheiro p\u00fablico est\u00e1 sendo utilizado para barganha pol\u00edtica,&#8221; afirmou um parlamentar da bancada oposicionista.<\/p>\n<\/blockquote>\n\n\n\n<h3 class=\"wp-block-heading\">\u200b\u00daltimas Atualiza\u00e7\u00f5es (Janeiro de 2026)<\/h3>\n\n\n\n<p class=\"wp-block-paragraph\">\u200bAs redes sociais tornaram-se o principal campo de batalha desta crise. Enquanto apoiadores de Ratinho Junior tentam minimizar o impacto tratando o \u00e1udio como &#8220;brincadeira de bastidor&#8221;, \u00f3rg\u00e3os de controle come\u00e7am a ser acionados para verificar se houve preju\u00edzo ao er\u00e1rio ou favorecimento il\u00edcito em contratos recentes.<\/p>\n","protected":false},"excerpt":{"rendered":"<p>Uma nova pol\u00eamica sacudiu os bastidores do Pal\u00e1cio Igua\u00e7u nesta semana. O vazamento de um \u00e1udio in\u00e9dito, atribu\u00eddo ao governador Ratinho Junior e ao secret\u00e1rio [&#8230;]<\/p>\n","protected":false},"author":1,"featured_media":1586,"comment_status":"open","ping_status":"open","sticky":false,"template":"","format":"standard","meta":{"_crdt_document":"","_jetpack_memberships_contains_paid_content":false,"footnotes":"","jetpack_publicize_message":"","jetpack_publicize_feature_enabled":true,"jetpack_social_post_already_shared":true,"jetpack_social_options":{"image_generator_settings":{"template":"highway","default_image_id":0,"font":"","enabled":false},"version":2}},"categories":[5],"tags":[],"class_list":["post-1585","post","type-post","status-publish","format-standard","has-post-thumbnail","hentry","category-parana"],"jetpack_publicize_connections":[],"jetpack_featured_media_url":"https:\/\/i0.wp.com\/oexpressobr.com.br\/wp-content\/uploads\/2026\/01\/ratinho-junior-e-guto-silva-by-div-e1550546456344.jpg?fit=1236%2C695&ssl=1","jetpack_likes_enabled":true,"jetpack_sharing_enabled":true,"_links":{"self":[{"href":"https:\/\/oexpressobr.com.br\/index.php?rest_route=\/wp\/v2\/posts\/1585","targetHints":{"allow":["GET"]}}],"collection":[{"href":"https:\/\/oexpressobr.com.br\/index.php?rest_route=\/wp\/v2\/posts"}],"about":[{"href":"https:\/\/oexpressobr.com.br\/index.php?rest_route=\/wp\/v2\/types\/post"}],"author":[{"embeddable":true,"href":"https:\/\/oexpressobr.com.br\/index.php?rest_route=\/wp\/v2\/users\/1"}],"replies":[{"embeddable":true,"href":"https:\/\/oexpressobr.com.br\/index.php?rest_route=%2Fwp%2Fv2%2Fcomments&post=1585"}],"version-history":[{"count":1,"href":"https:\/\/oexpressobr.com.br\/index.php?rest_route=\/wp\/v2\/posts\/1585\/revisions"}],"predecessor-version":[{"id":1587,"href":"https:\/\/oexpressobr.com.br\/index.php?rest_route=\/wp\/v2\/posts\/1585\/revisions\/1587"}],"wp:featuredmedia":[{"embeddable":true,"href":"https:\/\/oexpressobr.com.br\/index.php?rest_route=\/wp\/v2\/media\/1586"}],"wp:attachment":[{"href":"https:\/\/oexpressobr.com.br\/index.php?rest_route=%2Fwp%2Fv2%2Fmedia&parent=1585"}],"wp:term":[{"taxonomy":"category","embeddable":true,"href":"https:\/\/oexpressobr.com.br\/index.php?rest_route=%2Fwp%2Fv2%2Fcategories&post=1585"},{"taxonomy":"post_tag","embeddable":true,"href":"https:\/\/oexpressobr.com.br\/index.php?rest_route=%2Fwp%2Fv2%2Ftags&post=1585"}],"curies":[{"name":"wp","href":"https:\/\/api.w.org\/{rel}","templated":true}]}}