{"id":1588,"date":"2026-01-08T05:06:47","date_gmt":"2026-01-08T08:06:47","guid":{"rendered":"https:\/\/oexpressobr.com.br\/?p=1588"},"modified":"2026-01-08T05:06:49","modified_gmt":"2026-01-08T08:06:49","slug":"ex-secretario-aldrian-matoso-gera-polemica-ao-defender-bloqueios-em-redes-sociais-apos-crise-da-merenda-em-sjp","status":"publish","type":"post","link":"https:\/\/oexpressobr.com.br\/?p=1588","title":{"rendered":"\u200bEX-SECRET\u00c1RIO Aldrian Matoso gera pol\u00eamica ao defender bloqueios em redes sociais ap\u00f3s crise da merenda em SJP"},"content":{"rendered":"\n<p class=\"wp-block-paragraph\">O cen\u00e1rio pol\u00edtico de S\u00e3o Jos\u00e9 dos Pinhais volta a ferver com o mais novo cap\u00edtulo envolvendo Aldrian Matoso, ex-secret\u00e1rio de Educa\u00e7\u00e3o do munic\u00edpio. Conhecido por seu perfil de &#8220;centro-direita&#8221; e por uma trajet\u00f3ria marcada pela ocupa\u00e7\u00e3o de cargos comissionados na administra\u00e7\u00e3o p\u00fablica, Matoso virou alvo de duras cr\u00edticas ap\u00f3s publicar um v\u00eddeo em suas redes sociais onde classifica o ato de bloquear cidad\u00e3os no Instagram como uma medida de &#8220;sa\u00fade emocional&#8221;.<\/p>\n\n\n\n<p class=\"wp-block-paragraph\">\u200bPara muitos moradores e opositores, a atitude \u00e9 vista como uma falta de humildade e uma tentativa de se esquivar do escrut\u00ednio popular. &#8220;Quem assume um cargo p\u00fablico e \u00e9 pago com o dinheiro do contribuinte tem o dever de ouvir, mesmo que as cr\u00edticas sejam \u00e1cidas&#8221;, afirma um internauta em um dos muitos coment\u00e1rios que circulam nas redes.<\/p>\n\n\n\n<h3 class=\"wp-block-heading\">\u200bO fantasma da merenda<\/h3>\n\n\n\n<p class=\"wp-block-paragraph\">\u200bA trajet\u00f3ria de Aldrian Matoso na Secretaria de Educa\u00e7\u00e3o foi interrompida de forma abrupta em dezembro de 2023. Na \u00e9poca, ele pediu exonera\u00e7\u00e3o em meio a um dos maiores esc\u00e2ndalos recentes da cidade: a interrup\u00e7\u00e3o no fornecimento de merenda escolar que deixou cerca de 29 mil alunos sem alimenta\u00e7\u00e3o.<\/p>\n\n\n\n<p class=\"wp-block-paragraph\">\u200bO caos foi gerado por problemas na transi\u00e7\u00e3o para uma nova empresa terceirizada, contratada em car\u00e1ter emergencial por R$ 24 milh\u00f5es. O epis\u00f3dio resultou na suspens\u00e3o de aulas em dezenas de escolas e CMEIs, motivando investiga\u00e7\u00f5es da Pol\u00edcia Civil, do Minist\u00e9rio P\u00fablico e a abertura de uma CPI na C\u00e2mara Municipal para apurar poss\u00edveis irregularidades e omiss\u00f5es.<\/p>\n\n\n\n<h3 class=\"wp-block-heading\">\u200b&#8221;Sa\u00fade emocional&#8221; ou censura?<\/h3>\n\n\n\n<p class=\"wp-block-paragraph\">\u200bMesmo ap\u00f3s o desgaste da crise da merenda, Matoso permanece orbitando o poder p\u00fablico, o que alimenta as cr\u00edticas de que ele &#8220;n\u00e3o larga a teta&#8221; dos cargos comissionados. No v\u00eddeo recente que gerou indigna\u00e7\u00e3o, o ex-secret\u00e1rio minimiza as cobran\u00e7as da popula\u00e7\u00e3o ao sugerir que o bloqueio de perfis cr\u00edticos \u00e9 necess\u00e1rio para sua preserva\u00e7\u00e3o mental.<\/p>\n\n\n\n<p class=\"wp-block-paragraph\">\u200bA fala foi recebida como um tapa na cara pelos pais de alunos que enfrentaram o desabastecimento das escolas. Para os cr\u00edticos, o &#8220;t\u00edpico perfil&#8221; de pol\u00edtico que se beneficia da estrutura p\u00fablica por anos, mas n\u00e3o aceita o contradit\u00f3rio, refor\u00e7a a imagem de uma elite pol\u00edtica desconectada das reais necessidades do povo de S\u00e3o Jos\u00e9 dos Pinhais.<\/p>\n\n\n\n<p class=\"wp-block-paragraph\">\u200bEnquanto as investiga\u00e7\u00f5es sobre os contratos da merenda seguem seus tr\u00e2mites legais, a postura digital do ex-secret\u00e1rio parece apenas aprofundar o abismo entre ele e a popula\u00e7\u00e3o que, um dia, ele se prop\u00f4s a servir.<\/p>\n","protected":false},"excerpt":{"rendered":"<p>O cen\u00e1rio pol\u00edtico de S\u00e3o Jos\u00e9 dos Pinhais volta a ferver com o mais novo cap\u00edtulo envolvendo Aldrian Matoso, ex-secret\u00e1rio de Educa\u00e7\u00e3o do munic\u00edpio. Conhecido [&#8230;]<\/p>\n","protected":false},"author":1,"featured_media":1589,"comment_status":"open","ping_status":"open","sticky":false,"template":"","format":"standard","meta":{"_crdt_document":"","_jetpack_memberships_contains_paid_content":false,"footnotes":"","jetpack_publicize_message":"","jetpack_publicize_feature_enabled":true,"jetpack_social_post_already_shared":true,"jetpack_social_options":{"image_generator_settings":{"template":"highway","default_image_id":0,"font":"","enabled":false},"version":2}},"categories":[16],"tags":[],"class_list":["post-1588","post","type-post","status-publish","format-standard","has-post-thumbnail","hentry","category-denuncia"],"jetpack_publicize_connections":[],"jetpack_featured_media_url":"https:\/\/i0.wp.com\/oexpressobr.com.br\/wp-content\/uploads\/2026\/01\/images1.jpg?fit=402%2C497&ssl=1","jetpack_likes_enabled":true,"jetpack_sharing_enabled":true,"_links":{"self":[{"href":"https:\/\/oexpressobr.com.br\/index.php?rest_route=\/wp\/v2\/posts\/1588","targetHints":{"allow":["GET"]}}],"collection":[{"href":"https:\/\/oexpressobr.com.br\/index.php?rest_route=\/wp\/v2\/posts"}],"about":[{"href":"https:\/\/oexpressobr.com.br\/index.php?rest_route=\/wp\/v2\/types\/post"}],"author":[{"embeddable":true,"href":"https:\/\/oexpressobr.com.br\/index.php?rest_route=\/wp\/v2\/users\/1"}],"replies":[{"embeddable":true,"href":"https:\/\/oexpressobr.com.br\/index.php?rest_route=%2Fwp%2Fv2%2Fcomments&post=1588"}],"version-history":[{"count":1,"href":"https:\/\/oexpressobr.com.br\/index.php?rest_route=\/wp\/v2\/posts\/1588\/revisions"}],"predecessor-version":[{"id":1590,"href":"https:\/\/oexpressobr.com.br\/index.php?rest_route=\/wp\/v2\/posts\/1588\/revisions\/1590"}],"wp:featuredmedia":[{"embeddable":true,"href":"https:\/\/oexpressobr.com.br\/index.php?rest_route=\/wp\/v2\/media\/1589"}],"wp:attachment":[{"href":"https:\/\/oexpressobr.com.br\/index.php?rest_route=%2Fwp%2Fv2%2Fmedia&parent=1588"}],"wp:term":[{"taxonomy":"category","embeddable":true,"href":"https:\/\/oexpressobr.com.br\/index.php?rest_route=%2Fwp%2Fv2%2Fcategories&post=1588"},{"taxonomy":"post_tag","embeddable":true,"href":"https:\/\/oexpressobr.com.br\/index.php?rest_route=%2Fwp%2Fv2%2Ftags&post=1588"}],"curies":[{"name":"wp","href":"https:\/\/api.w.org\/{rel}","templated":true}]}}