{"id":1591,"date":"2026-01-08T05:20:12","date_gmt":"2026-01-08T08:20:12","guid":{"rendered":"https:\/\/oexpressobr.com.br\/?p=1591"},"modified":"2026-01-08T05:20:14","modified_gmt":"2026-01-08T08:20:14","slug":"moro-pode-ficar-fora-da-disputa-ao-governo-do-parana","status":"publish","type":"post","link":"https:\/\/oexpressobr.com.br\/?p=1591","title":{"rendered":"Moro pode ficar fora da disputa ao Governo do Paran\u00e1"},"content":{"rendered":"\n<p class=\"wp-block-paragraph\">Nos corredores da pol\u00edtica paranaense, a s\u00e1tira \u00e9 que o jogo j\u00e1 come\u00e7ou, e pode terminar antes da largada. Liderando pesquisas, o senador <strong>Sergio Moro (Uni\u00e3o)<\/strong> corre o risco real de ficar fora da disputa ao Pal\u00e1cio Igua\u00e7u em 2026 devido a um n\u00f3 estrat\u00e9gico imposs\u00edvel de desatar: a <strong>Federa\u00e7\u00e3o Uni\u00e3o Progressista<\/strong>.<\/p>\n\n\n\n<h3 class=\"wp-block-heading\">\u200bO veto de Ricardo Barros e o &#8220;fator federa\u00e7\u00e3o&#8221;<\/h3>\n\n\n\n<p class=\"wp-block-paragraph\">\u200bDiferentemente de coliga\u00e7\u00f5es tempor\u00e1rias, a federa\u00e7\u00e3o partid\u00e1ria entre o <strong>Uni\u00e3o Brasil<\/strong> e o <strong>PP (Progressistas)<\/strong> exige que os partidos atuem como uma \u00fanica legenda por quatro anos. \u00c9 aqui que entra o deputado federal <strong>Ricardo Barros (PP)<\/strong>. Com o controle absoluto do diret\u00f3rio estadual do PP, Barros articulou uma decis\u00e3o un\u00e2nime dentro de sua sigla para vetar o nome de Moro.<\/p>\n\n\n\n<p class=\"wp-block-paragraph\">\u200bA justificativa oficial \u00e9 a &#8220;falta de di\u00e1logo e constru\u00e7\u00e3o de base&#8221;, mas nos bastidores, o movimento \u00e9 visto como uma retalia\u00e7\u00e3o hist\u00f3rica \u2014 o PP foi um dos partidos mais atingidos pelas investiga\u00e7\u00f5es da Opera\u00e7\u00e3o Lava Jato, conduzida por Moro.<\/p>\n\n\n\n<h3 class=\"wp-block-heading\">\u200bOs pontos de tens\u00e3o no tabuleiro<\/h3>\n\n\n\n<ul class=\"wp-block-list\">\n<li>\u200b<strong>Irreversibilidade vs. Veto:<\/strong> Enquanto o presidente nacional do Uni\u00e3o Brasil, <strong>Antonio Rueda<\/strong>, classifica a candidatura de Moro como &#8220;irrevers\u00edvel&#8221;, o presidente do PP, <strong>Ciro Nogueira<\/strong>, j\u00e1 sinalizou que respeitar\u00e1 a decis\u00e3o local de Ricardo Barros.<\/li>\n\n\n\n<li>\u200b<strong>O impasse jur\u00eddico:<\/strong> Sem o consenso das duas siglas dentro da federa\u00e7\u00e3o, o registro da candidatura de Moro pode ser bloqueado pela pr\u00f3pria Justi\u00e7a Eleitoral.<\/li>\n\n\n\n<li>\u200b<strong>Alternativas de Barros:<\/strong> O PP paranaense n\u00e3o esconde o desejo de indicar o vice em uma chapa apoiada pelo atual governador <strong>Ratinho J\u00fanior (PSD)<\/strong> ou at\u00e9 mesmo lan\u00e7ar um nome pr\u00f3prio, como o da ex-governadora <strong>Cida Borghetti<\/strong>.<\/li>\n<\/ul>\n","protected":false},"excerpt":{"rendered":"<p>Nos corredores da pol\u00edtica paranaense, a s\u00e1tira \u00e9 que o jogo j\u00e1 come\u00e7ou, e pode terminar antes da largada. Liderando pesquisas, o senador Sergio Moro [&#8230;]<\/p>\n","protected":false},"author":1,"featured_media":1592,"comment_status":"open","ping_status":"open","sticky":false,"template":"","format":"standard","meta":{"_crdt_document":"","_jetpack_memberships_contains_paid_content":false,"footnotes":"","jetpack_publicize_message":"","jetpack_publicize_feature_enabled":true,"jetpack_social_post_already_shared":true,"jetpack_social_options":{"image_generator_settings":{"template":"highway","default_image_id":0,"font":"","enabled":false},"version":2}},"categories":[5],"tags":[],"class_list":["post-1591","post","type-post","status-publish","format-standard","has-post-thumbnail","hentry","category-parana"],"jetpack_publicize_connections":[],"jetpack_featured_media_url":"https:\/\/i0.wp.com\/oexpressobr.com.br\/wp-content\/uploads\/2026\/01\/IMG-20260107-WA0219.jpg?fit=984%2C656&ssl=1","jetpack_likes_enabled":true,"jetpack_sharing_enabled":true,"_links":{"self":[{"href":"https:\/\/oexpressobr.com.br\/index.php?rest_route=\/wp\/v2\/posts\/1591","targetHints":{"allow":["GET"]}}],"collection":[{"href":"https:\/\/oexpressobr.com.br\/index.php?rest_route=\/wp\/v2\/posts"}],"about":[{"href":"https:\/\/oexpressobr.com.br\/index.php?rest_route=\/wp\/v2\/types\/post"}],"author":[{"embeddable":true,"href":"https:\/\/oexpressobr.com.br\/index.php?rest_route=\/wp\/v2\/users\/1"}],"replies":[{"embeddable":true,"href":"https:\/\/oexpressobr.com.br\/index.php?rest_route=%2Fwp%2Fv2%2Fcomments&post=1591"}],"version-history":[{"count":1,"href":"https:\/\/oexpressobr.com.br\/index.php?rest_route=\/wp\/v2\/posts\/1591\/revisions"}],"predecessor-version":[{"id":1593,"href":"https:\/\/oexpressobr.com.br\/index.php?rest_route=\/wp\/v2\/posts\/1591\/revisions\/1593"}],"wp:featuredmedia":[{"embeddable":true,"href":"https:\/\/oexpressobr.com.br\/index.php?rest_route=\/wp\/v2\/media\/1592"}],"wp:attachment":[{"href":"https:\/\/oexpressobr.com.br\/index.php?rest_route=%2Fwp%2Fv2%2Fmedia&parent=1591"}],"wp:term":[{"taxonomy":"category","embeddable":true,"href":"https:\/\/oexpressobr.com.br\/index.php?rest_route=%2Fwp%2Fv2%2Fcategories&post=1591"},{"taxonomy":"post_tag","embeddable":true,"href":"https:\/\/oexpressobr.com.br\/index.php?rest_route=%2Fwp%2Fv2%2Ftags&post=1591"}],"curies":[{"name":"wp","href":"https:\/\/api.w.org\/{rel}","templated":true}]}}