{"id":1594,"date":"2026-01-08T05:31:52","date_gmt":"2026-01-08T08:31:52","guid":{"rendered":"https:\/\/oexpressobr.com.br\/?p=1594"},"modified":"2026-01-08T05:31:53","modified_gmt":"2026-01-08T08:31:53","slug":"senado-custeou-viagem-de-pre-campanha-de-flavio-bolsonaro-em-sao-paulo","status":"publish","type":"post","link":"https:\/\/oexpressobr.com.br\/?p=1594","title":{"rendered":"SENADO Custeou Viagem de pr\u00e9-campanha de Fl\u00e1vio Bolsonaro em S\u00e3o Paulo"},"content":{"rendered":"\n<p class=\"wp-block-paragraph\">O senador Fl\u00e1vio Bolsonaro (PL-RJ) utilizou recursos da cota parlamentar do Senado Federal para financiar compromissos de sua rec\u00e9m-anunciada pr\u00e9-candidatura \u00e0 Presid\u00eancia da Rep\u00fablica em 2026. O parlamentar participou de uma s\u00e9rie de encontros com a elite financeira na capital paulista, em uma ofensiva para reduzir a resist\u00eancia do mercado \u2014 a chamada &#8220;Faria Lima&#8221; \u2014 ao seu nome.<\/p>\n\n\n\n<p class=\"wp-block-paragraph\">\u200bDe acordo com dados do Portal da Transpar\u00eancia do Senado, foram emitidas passagens a\u00e9reas e custeados deslocamentos para o senador e assessores em datas que coincidem com sua agenda de pr\u00e9-campanha em S\u00e3o Paulo. Em dezembro de 2025, o senador intensificou suas idas \u00e0 capital paulista, incluindo almo\u00e7os no banco UBS e reuni\u00f5es com grandes empres\u00e1rios de setores como varejo e siderurgia.<\/p>\n\n\n\n<h3 class=\"wp-block-heading\">\u200b<strong>A estrat\u00e9gia do &#8220;Bolsonaro moderado&#8221;<\/strong><\/h3>\n\n\n\n<p class=\"wp-block-paragraph\">\u200bAs movimenta\u00e7\u00f5es de Fl\u00e1vio buscam reposicion\u00e1-lo como uma alternativa vi\u00e1vel e &#8220;mais centrada&#8221; em rela\u00e7\u00e3o ao pai, o ex-presidente Jair Bolsonaro. Em reuni\u00f5es com cerca de 30 clientes de alto patrim\u00f4nio e executivos de empresas como Riachuelo e Gerdau, o senador defendeu um plano econ\u00f4mico baseado em um &#8220;ajuste fiscal duro&#8221; focado no corte de despesas, e n\u00e3o no aumento de arrecada\u00e7\u00e3o.<\/p>\n\n\n\n<p class=\"wp-block-paragraph\">\u200b&#8221;Sempre pediram um Bolsonaro mais moderado. Eu sempre fui assim&#8221;, afirmou o senador durante um desses encontros. Fl\u00e1vio tem sido aconselhado por nomes conhecidos do mercado, como o ex-secret\u00e1rio de pol\u00edtica econ\u00f4mica de Paulo Guedes, Adolfo Sachsida, e o ex-presidente do BNDES, Gustavo Montezano, na tentativa de ganhar credibilidade junto aos investidores.<\/p>\n\n\n\n<h3 class=\"wp-block-heading\">\u200b<strong>Candidatura ou moeda de troca?<\/strong><\/h3>\n\n\n\n<p class=\"wp-block-paragraph\">\u200bApesar da intensidade da agenda, a pr\u00e9-candidatura de Fl\u00e1vio Bolsonaro \u00e9 vista com cautela por analistas e aliados. O pr\u00f3prio senador deu declara\u00e7\u00f5es amb\u00edguas recentemente, afirmando que sua desist\u00eancia teria um &#8220;pre\u00e7o&#8221;: a anistia para Jair Bolsonaro e sua reabilita\u00e7\u00e3o pol\u00edtica.<\/p>\n\n\n\n<p class=\"wp-block-paragraph\">\u200b&#8221;O meu pre\u00e7o \u00e9 o Bolsonaro livre e nas urnas&#8221;, declarou Fl\u00e1vio \u00e0 imprensa, sugerindo que o projeto presidencial pode servir como instrumento de press\u00e3o pol\u00edtica para garantir a seguran\u00e7a jur\u00eddica da fam\u00edlia e aliados envolvidos nos atos de 8 de janeiro e outras investiga\u00e7\u00f5es.<\/p>\n\n\n\n<h3 class=\"wp-block-heading\">\u200b<strong>Rea\u00e7\u00e3o e hist\u00f3rico<\/strong><\/h3>\n\n\n\n<p class=\"wp-block-paragraph\">\u200bO uso de verba p\u00fablica para fins eleitorais tem gerado cr\u00edticas e pedidos de fiscaliza\u00e7\u00e3o por parte da oposi\u00e7\u00e3o. Este n\u00e3o \u00e9 o primeiro epis\u00f3dio em que o senador se v\u00ea envolvido em pol\u00eamicas com a cota parlamentar; em 2020, Fl\u00e1vio precisou devolver valores referentes a passagens para Fernando de Noronha ap\u00f3s a viagem ser identificada como particular.<\/p>\n\n\n\n<p class=\"wp-block-paragraph\">\u200bEnquanto Fl\u00e1vio tenta se consolidar, o mercado financeiro monitora com aten\u00e7\u00e3o o desempenho do senador nas pesquisas. Levantamentos recentes da Quaest mostram que ele \u00e9 competitivo, aparecendo em segundo lugar em diversos cen\u00e1rios, atr\u00e1s apenas do presidente Lula, o que aumenta seu poder de barganha nas negocia\u00e7\u00f5es com o Centr\u00e3o e pressiona nomes como o do governador Tarc\u00edsio de Freitas, favorito de parte do mercado.<\/p>\n","protected":false},"excerpt":{"rendered":"<p>O senador Fl\u00e1vio Bolsonaro (PL-RJ) utilizou recursos da cota parlamentar do Senado Federal para financiar compromissos de sua rec\u00e9m-anunciada pr\u00e9-candidatura \u00e0 Presid\u00eancia da Rep\u00fablica em [&#8230;]<\/p>\n","protected":false},"author":1,"featured_media":1595,"comment_status":"open","ping_status":"open","sticky":false,"template":"","format":"standard","meta":{"_crdt_document":"","_jetpack_memberships_contains_paid_content":false,"footnotes":"","jetpack_publicize_message":"","jetpack_publicize_feature_enabled":true,"jetpack_social_post_already_shared":true,"jetpack_social_options":{"image_generator_settings":{"template":"highway","default_image_id":0,"font":"","enabled":false},"version":2}},"categories":[7],"tags":[],"class_list":["post-1594","post","type-post","status-publish","format-standard","has-post-thumbnail","hentry","category-politica"],"jetpack_publicize_connections":[],"jetpack_featured_media_url":"https:\/\/i0.wp.com\/oexpressobr.com.br\/wp-content\/uploads\/2026\/01\/Senador-Flavio-Bolsonaro-PL-RJ-fala-com-a-imprensa-sobre-a-candidatura-a-Presidencia-da-Republica-apos-culto-evangelico-na-Hipica-Hall-Metropoles-152.webp?fit=900%2C600&ssl=1","jetpack_likes_enabled":true,"jetpack_sharing_enabled":true,"_links":{"self":[{"href":"https:\/\/oexpressobr.com.br\/index.php?rest_route=\/wp\/v2\/posts\/1594","targetHints":{"allow":["GET"]}}],"collection":[{"href":"https:\/\/oexpressobr.com.br\/index.php?rest_route=\/wp\/v2\/posts"}],"about":[{"href":"https:\/\/oexpressobr.com.br\/index.php?rest_route=\/wp\/v2\/types\/post"}],"author":[{"embeddable":true,"href":"https:\/\/oexpressobr.com.br\/index.php?rest_route=\/wp\/v2\/users\/1"}],"replies":[{"embeddable":true,"href":"https:\/\/oexpressobr.com.br\/index.php?rest_route=%2Fwp%2Fv2%2Fcomments&post=1594"}],"version-history":[{"count":1,"href":"https:\/\/oexpressobr.com.br\/index.php?rest_route=\/wp\/v2\/posts\/1594\/revisions"}],"predecessor-version":[{"id":1596,"href":"https:\/\/oexpressobr.com.br\/index.php?rest_route=\/wp\/v2\/posts\/1594\/revisions\/1596"}],"wp:featuredmedia":[{"embeddable":true,"href":"https:\/\/oexpressobr.com.br\/index.php?rest_route=\/wp\/v2\/media\/1595"}],"wp:attachment":[{"href":"https:\/\/oexpressobr.com.br\/index.php?rest_route=%2Fwp%2Fv2%2Fmedia&parent=1594"}],"wp:term":[{"taxonomy":"category","embeddable":true,"href":"https:\/\/oexpressobr.com.br\/index.php?rest_route=%2Fwp%2Fv2%2Fcategories&post=1594"},{"taxonomy":"post_tag","embeddable":true,"href":"https:\/\/oexpressobr.com.br\/index.php?rest_route=%2Fwp%2Fv2%2Ftags&post=1594"}],"curies":[{"name":"wp","href":"https:\/\/api.w.org\/{rel}","templated":true}]}}