{"id":1600,"date":"2026-01-08T05:58:31","date_gmt":"2026-01-08T08:58:31","guid":{"rendered":"https:\/\/oexpressobr.com.br\/?p=1600"},"modified":"2026-01-08T05:58:33","modified_gmt":"2026-01-08T08:58:33","slug":"europa-se-mobiliza-contra-ameaca-de-trump-de-anexar-a-groenlandia-e-alerta-para-fim-da-otan","status":"publish","type":"post","link":"https:\/\/oexpressobr.com.br\/?p=1600","title":{"rendered":"Europa se mobiliza contra amea\u00e7a de Trump de anexar a Groenl\u00e2ndia e alerta para fim da Otan"},"content":{"rendered":"\n<p class=\"wp-block-paragraph\">Uma crise diplom\u00e1tica sem precedentes atinge o cora\u00e7\u00e3o da Alian\u00e7a Atl\u00e2ntica neste in\u00edcio de 2026. L\u00edderes das principais pot\u00eancias europeias, encabe\u00e7ados por <strong>Fran\u00e7a<\/strong> e <strong>Alemanha<\/strong>, iniciaram a articula\u00e7\u00e3o de um plano de conting\u00eancia estrat\u00e9gico ap\u00f3s o presidente dos Estados Unidos, <strong>Donald Trump<\/strong>, intensificar amea\u00e7as de anexar a <strong>Groenl\u00e2ndia<\/strong>, territ\u00f3rio aut\u00f4nomo do Reino da <strong>Dinamarca<\/strong>.<\/p>\n\n\n\n<p class=\"wp-block-paragraph\">\u200bA tens\u00e3o escalou drasticamente ap\u00f3s a Casa Branca declarar, nesta ter\u00e7a-feira (6), que o uso das For\u00e7as Armadas para garantir o controle da ilha \u00e1rtica \u00e9 uma &#8220;op\u00e7\u00e3o sempre presente&#8221;. O movimento ocorre em um contexto de agressividade externa renovada, logo ap\u00f3s opera\u00e7\u00f5es militares americanas na Venezuela.<\/p>\n\n\n\n<h3 class=\"wp-block-heading\">\u200bA Frente de Resist\u00eancia Europeia<\/h3>\n\n\n\n<p class=\"wp-block-paragraph\">\u200bEm uma rara demonstra\u00e7\u00e3o de unidade, o primeiro-ministro do Reino Unido, <strong>Keir Starmer<\/strong>, o presidente franc\u00eas, <strong>Emmanuel Macron<\/strong>, e o chanceler alem\u00e3o, <strong>Friedrich Merz<\/strong>, emitiram um comunicado conjunto reafirmando que a Groenl\u00e2ndia &#8220;pertence ao seu povo&#8221;.<\/p>\n\n\n\n<blockquote class=\"wp-block-quote is-layout-flow wp-block-quote-is-layout-flow\">\n<p class=\"wp-block-paragraph\">\u200b&#8221;Cabe \u00e0 Dinamarca e \u00e0 Groenl\u00e2ndia, e somente a elas, decidir sobre assuntos que lhes dizem respeito&#8221;, declarou o grupo, que conta tamb\u00e9m com o apoio de It\u00e1lia, Pol\u00f4nia e Espanha.<\/p>\n<\/blockquote>\n\n\n\n<h3 class=\"wp-block-heading\">\u200bOs Pontos Centrais do Conflito<\/h3>\n\n\n\n<ul class=\"wp-block-list\">\n<li>\u200b<strong>Seguran\u00e7a Nacional vs. Soberania:<\/strong> Trump argumenta que a Dinamarca n\u00e3o possui capacidade para proteger o \u00c1rtico contra a crescente presen\u00e7a de navios da <strong>R\u00fassia<\/strong> e da <strong>China<\/strong>. A Casa Branca classificou a aquisi\u00e7\u00e3o como uma &#8220;prioridade de seguran\u00e7a nacional&#8221;.<\/li>\n\n\n\n<li>\u200b<strong>O Ultimato Dinamarqu\u00eas:<\/strong> A primeira-ministra dinamarquesa, <strong>Mette Frederiksen<\/strong>, foi enf\u00e1tica ao afirmar que qualquer tentativa de interven\u00e7\u00e3o militar de Washington em territ\u00f3rio dinamarqu\u00eas significaria o <strong>&#8220;fim da Otan&#8221;<\/strong>, j\u00e1 que um membro estaria atacando outro de forma in\u00e9dita.<\/li>\n\n\n\n<li>\u200b<strong>Riquezas em Jogo:<\/strong> Al\u00e9m da posi\u00e7\u00e3o estrat\u00e9gica para defesa de m\u00edsseis (como a Base Espacial de Pituffik), a ilha \u00e9 rica em minerais cr\u00edticos e recursos energ\u00e9ticos inexplorados, fundamentais para a economia do s\u00e9culo XXI.<\/li>\n<\/ul>\n\n\n\n<h3 class=\"wp-block-heading\">\u200bO Plano de Resposta<\/h3>\n\n\n\n<p class=\"wp-block-paragraph\">\u200bA Uni\u00e3o Europeia e seus aliados discutem medidas que incluem:<\/p>\n\n\n\n<ol class=\"wp-block-list\">\n<li>\u200b<strong>Refor\u00e7o Militar no \u00c1rtico:<\/strong> A Dinamarca j\u00e1 anunciou investimentos de <strong>42 bilh\u00f5es de coroas dinamarquesas<\/strong> (cerca de R$ 35 bilh\u00f5es) para fortalecer sua pr\u00f3pria presen\u00e7a na regi\u00e3o.<\/li>\n\n\n\n<li>\u200b<strong>Isolamento Diplom\u00e1tico:<\/strong> Esfor\u00e7os para levar o caso ao Conselho de Seguran\u00e7a da ONU, embora os EUA possuam poder de veto.<\/li>\n\n\n\n<li>\u200b<strong>Di\u00e1logo Direto:<\/strong> O governo dinamarqu\u00eas e as autoridades groenlandesas buscam uma reuni\u00e3o urgente com o Secret\u00e1rio de Estado americano, <strong>Marco Rubio<\/strong>, na tentativa de desescalar a ret\u00f3rica agressiva de Trump.<\/li>\n<\/ol>\n\n\n\n<p class=\"wp-block-paragraph\">\u200bEnquanto o enviado especial de Trump para a Groenl\u00e2ndia, o governador <strong>Jeff Landry<\/strong>, inicia seus trabalhos, o clima na Europa \u00e9 de alerta m\u00e1ximo. &#8220;A gritaria precisa ser substitu\u00edda por um di\u00e1logo sensato. Agora&#8221;, alertou Lars L\u00f8kke Rasmussen, ministro das Rela\u00e7\u00f5es Exteriores da Dinamarca.<\/p>\n","protected":false},"excerpt":{"rendered":"<p>Uma crise diplom\u00e1tica sem precedentes atinge o cora\u00e7\u00e3o da Alian\u00e7a Atl\u00e2ntica neste in\u00edcio de 2026. L\u00edderes das principais pot\u00eancias europeias, encabe\u00e7ados por Fran\u00e7a e Alemanha, [&#8230;]<\/p>\n","protected":false},"author":1,"featured_media":1601,"comment_status":"open","ping_status":"open","sticky":false,"template":"","format":"standard","meta":{"_crdt_document":"","_jetpack_memberships_contains_paid_content":false,"footnotes":"","jetpack_publicize_message":"","jetpack_publicize_feature_enabled":true,"jetpack_social_post_already_shared":true,"jetpack_social_options":{"image_generator_settings":{"template":"highway","default_image_id":0,"font":"","enabled":false},"version":2}},"categories":[15],"tags":[],"class_list":["post-1600","post","type-post","status-publish","format-standard","has-post-thumbnail","hentry","category-internacional"],"jetpack_publicize_connections":[],"jetpack_featured_media_url":"https:\/\/i0.wp.com\/oexpressobr.com.br\/wp-content\/uploads\/2026\/01\/GettyImages-2244807372.jpg?fit=414%2C280&ssl=1","jetpack_likes_enabled":true,"jetpack_sharing_enabled":true,"_links":{"self":[{"href":"https:\/\/oexpressobr.com.br\/index.php?rest_route=\/wp\/v2\/posts\/1600","targetHints":{"allow":["GET"]}}],"collection":[{"href":"https:\/\/oexpressobr.com.br\/index.php?rest_route=\/wp\/v2\/posts"}],"about":[{"href":"https:\/\/oexpressobr.com.br\/index.php?rest_route=\/wp\/v2\/types\/post"}],"author":[{"embeddable":true,"href":"https:\/\/oexpressobr.com.br\/index.php?rest_route=\/wp\/v2\/users\/1"}],"replies":[{"embeddable":true,"href":"https:\/\/oexpressobr.com.br\/index.php?rest_route=%2Fwp%2Fv2%2Fcomments&post=1600"}],"version-history":[{"count":1,"href":"https:\/\/oexpressobr.com.br\/index.php?rest_route=\/wp\/v2\/posts\/1600\/revisions"}],"predecessor-version":[{"id":1602,"href":"https:\/\/oexpressobr.com.br\/index.php?rest_route=\/wp\/v2\/posts\/1600\/revisions\/1602"}],"wp:featuredmedia":[{"embeddable":true,"href":"https:\/\/oexpressobr.com.br\/index.php?rest_route=\/wp\/v2\/media\/1601"}],"wp:attachment":[{"href":"https:\/\/oexpressobr.com.br\/index.php?rest_route=%2Fwp%2Fv2%2Fmedia&parent=1600"}],"wp:term":[{"taxonomy":"category","embeddable":true,"href":"https:\/\/oexpressobr.com.br\/index.php?rest_route=%2Fwp%2Fv2%2Fcategories&post=1600"},{"taxonomy":"post_tag","embeddable":true,"href":"https:\/\/oexpressobr.com.br\/index.php?rest_route=%2Fwp%2Fv2%2Ftags&post=1600"}],"curies":[{"name":"wp","href":"https:\/\/api.w.org\/{rel}","templated":true}]}}