{"id":1607,"date":"2026-01-08T06:11:23","date_gmt":"2026-01-08T09:11:23","guid":{"rendered":"https:\/\/oexpressobr.com.br\/?p=1607"},"modified":"2026-01-08T06:11:25","modified_gmt":"2026-01-08T09:11:25","slug":"descoberta-de-passaporte-em-portugal-reacende-debate-sobre-relacao-de-eliza-samudio-e-cristiano-ronaldo","status":"publish","type":"post","link":"https:\/\/oexpressobr.com.br\/?p=1607","title":{"rendered":"Descoberta de passaporte em Portugal reacende debate sobre rela\u00e7\u00e3o de Eliza Samudio e Cristiano Ronaldo"},"content":{"rendered":"\n<p class=\"wp-block-paragraph\">O mist\u00e9rio em torno do desaparecimento de <strong>Eliza Samudio<\/strong>, ocorrido em 2010, ganhou um novo e inesperado cap\u00edtulo nesta primeira semana de janeiro de 2026. A localiza\u00e7\u00e3o de um antigo passaporte da modelo em um apartamento em <strong>Portugal<\/strong> trouxe \u00e0 tona detalhes sobre a vida de Eliza antes do crime e sua suposta liga\u00e7\u00e3o com o astro portugu\u00eas <strong>Cristiano Ronaldo<\/strong>.<\/p>\n\n\n\n<p class=\"wp-block-paragraph\">\u200bO documento foi entregue ao Consulado-Geral do Brasil em Lisboa na \u00faltima sexta-feira (2). Segundo informa\u00e7\u00f5es de autoridades e registros da \u00e9poca, o passaporte cont\u00e9m um carimbo de entrada em solo lusitano datado de <strong>maio de 2007<\/strong>, per\u00edodo em que Eliza teria viajado para encontrar o jogador.<\/p>\n\n\n\n<h3 class=\"wp-block-heading\">\u200bO affair e as evid\u00eancias no processo<\/h3>\n\n\n\n<p class=\"wp-block-paragraph\">\u200bA rela\u00e7\u00e3o entre Eliza e o ent\u00e3o craque do Manchester United n\u00e3o era desconhecida das autoridades. O ex-delegado <strong>Edson Moreira<\/strong>, que presidiu as investiga\u00e7\u00f5es do assassinato em 2010, reafirmou recentemente que fotos da modelo com Cristiano Ronaldo constam nos autos do processo original.<\/p>\n\n\n\n<p class=\"wp-block-paragraph\">\u200bEm entrevistas concedidas em 2009 e 2010, Eliza chegou a descrever o envolvimento como passageiro:<\/p>\n\n\n\n<blockquote class=\"wp-block-quote is-layout-flow wp-block-quote-is-layout-flow\">\n<p class=\"wp-block-paragraph\">\u200b&#8221;Foram s\u00f3 uns beijinhos. Ao contr\u00e1rio do que as pessoas dizem, ele \u00e9 educado, simples e muito gente boa. A gente se fala por mensagem&#8221;, declarou ela na \u00e9poca ao jornal <em>Extra<\/em>.<\/p>\n<\/blockquote>\n\n\n\n<p class=\"wp-block-paragraph\">\u200bDe acordo com novas apura\u00e7\u00f5es, Eliza teria visitado a Europa outras vezes entre 2008 e 2009 para acompanhar partidas do jogador. O reaparecimento do passaporte agora levanta quest\u00f5es sobre quem teria guardado o documento por 15 anos e por que ele foi deixado em um im\u00f3vel alugado em Portugal.<\/p>\n\n\n\n<h3 class=\"wp-block-heading\">\u200bImpacto na fam\u00edlia e no caso Bruno<\/h3>\n\n\n\n<p class=\"wp-block-paragraph\">\u200bPara a fam\u00edlia de Eliza, a novidade traz mais ang\u00fastia do que respostas. O irm\u00e3o da modelo, Arlie, e sua m\u00e3e expressaram que a descoberta &#8220;mexe com feridas que nunca cicatrizaram&#8221;. Apesar das especula\u00e7\u00f5es de internautas sobre a possibilidade de Eliza estar viva na Europa, o ex-delegado Moreira \u00e9 enf\u00e1tico ao descartar a hip\u00f3tese, reiterando que ela foi assassinada a mando do ex-goleiro <strong>Bruno Fernandes<\/strong>.<\/p>\n\n\n\n<p class=\"wp-block-paragraph\">\u200bBruno, que atualmente joga pelo Capixaba Sport Club, causou pol\u00eamica nas redes sociais ao publicar uma foto com a legenda &#8220;De olho no lance&#8221; logo ap\u00f3s a not\u00edcia do passaporte viralizar, o que foi interpretado por muitos como uma provoca\u00e7\u00e3o.<\/p>\n\n\n\n<p class=\"wp-block-paragraph\">\u200bA Pol\u00edcia Federal deve ser acionada para investigar a origem do documento e identificar as pessoas que ocuparam o im\u00f3vel onde ele foi encontrado, na tentativa de esclarecer esse elo final da trajet\u00f3ria de Eliza Samudio.<\/p>\n","protected":false},"excerpt":{"rendered":"<p>O mist\u00e9rio em torno do desaparecimento de Eliza Samudio, ocorrido em 2010, ganhou um novo e inesperado cap\u00edtulo nesta primeira semana de janeiro de 2026. [&#8230;]<\/p>\n","protected":false},"author":1,"featured_media":1608,"comment_status":"open","ping_status":"open","sticky":false,"template":"","format":"standard","meta":{"_crdt_document":"","_jetpack_memberships_contains_paid_content":false,"footnotes":"","jetpack_publicize_message":"","jetpack_publicize_feature_enabled":true,"jetpack_social_post_already_shared":true,"jetpack_social_options":{"image_generator_settings":{"template":"highway","default_image_id":0,"font":"","enabled":false},"version":2}},"categories":[14],"tags":[],"class_list":["post-1607","post","type-post","status-publish","format-standard","has-post-thumbnail","hentry","category-famosos"],"jetpack_publicize_connections":[],"jetpack_featured_media_url":"https:\/\/i0.wp.com\/oexpressobr.com.br\/wp-content\/uploads\/2026\/01\/eliza-cr.jpg?fit=414%2C280&ssl=1","jetpack_likes_enabled":true,"jetpack_sharing_enabled":true,"_links":{"self":[{"href":"https:\/\/oexpressobr.com.br\/index.php?rest_route=\/wp\/v2\/posts\/1607","targetHints":{"allow":["GET"]}}],"collection":[{"href":"https:\/\/oexpressobr.com.br\/index.php?rest_route=\/wp\/v2\/posts"}],"about":[{"href":"https:\/\/oexpressobr.com.br\/index.php?rest_route=\/wp\/v2\/types\/post"}],"author":[{"embeddable":true,"href":"https:\/\/oexpressobr.com.br\/index.php?rest_route=\/wp\/v2\/users\/1"}],"replies":[{"embeddable":true,"href":"https:\/\/oexpressobr.com.br\/index.php?rest_route=%2Fwp%2Fv2%2Fcomments&post=1607"}],"version-history":[{"count":1,"href":"https:\/\/oexpressobr.com.br\/index.php?rest_route=\/wp\/v2\/posts\/1607\/revisions"}],"predecessor-version":[{"id":1609,"href":"https:\/\/oexpressobr.com.br\/index.php?rest_route=\/wp\/v2\/posts\/1607\/revisions\/1609"}],"wp:featuredmedia":[{"embeddable":true,"href":"https:\/\/oexpressobr.com.br\/index.php?rest_route=\/wp\/v2\/media\/1608"}],"wp:attachment":[{"href":"https:\/\/oexpressobr.com.br\/index.php?rest_route=%2Fwp%2Fv2%2Fmedia&parent=1607"}],"wp:term":[{"taxonomy":"category","embeddable":true,"href":"https:\/\/oexpressobr.com.br\/index.php?rest_route=%2Fwp%2Fv2%2Fcategories&post=1607"},{"taxonomy":"post_tag","embeddable":true,"href":"https:\/\/oexpressobr.com.br\/index.php?rest_route=%2Fwp%2Fv2%2Ftags&post=1607"}],"curies":[{"name":"wp","href":"https:\/\/api.w.org\/{rel}","templated":true}]}}