{"id":161,"date":"2025-12-01T12:44:00","date_gmt":"2025-12-01T15:44:00","guid":{"rendered":"https:\/\/oexpressobr.com.br\/?p=161"},"modified":"2025-12-01T12:44:00","modified_gmt":"2025-12-01T15:44:00","slug":"seis-pms-denunciados-por-crimes-cometidos-durante-a-operacao-contencao","status":"publish","type":"post","link":"https:\/\/oexpressobr.com.br\/?p=161","title":{"rendered":"seis PMS denunciados por crimes cometidos durante a opera\u00e7\u00e3o conten\u00e7\u00e3o"},"content":{"rendered":"\n<p class=\"wp-block-paragraph\">O Minist\u00e9rio P\u00fablico do Estado do Rio de Janeiro (MPRJ) ofereceu \u00e0 Justi\u00e7a duas den\u00fancias contra <strong>seis policiais militares do Batalh\u00e3o de Choque (BPChq)<\/strong> pelos crimes de peculato e furto qualificado, praticados no dia 28 de outubro de 2025, durante a pol\u00eamica Opera\u00e7\u00e3o Conten\u00e7\u00e3o nas comunidades do Complexo do Alem\u00e3o e da Vila Cruzeiro.<\/p>\n\n\n\n<p class=\"wp-block-paragraph\">\u200bDe acordo com as den\u00fancias, as infra\u00e7\u00f5es foram identificadas a partir da an\u00e1lise minuciosa das imagens capturadas pelas <strong>c\u00e2meras operacionais port\u00e1teis (COPs)<\/strong> acopladas \u00e0s fardas dos agentes, que revelam <em>condutas graves e aut\u00f4nomas praticadas por agentes em servi\u00e7o<\/em>, como o desvio de armamento e furto de pe\u00e7as de um ve\u00edculo.<\/p>\n\n\n\n<h3 class=\"wp-block-heading\">\u200b\ud83d\udea8 Detalhes dos Crimes e a Prova das C\u00e2meras<\/h3>\n\n\n\n<p class=\"wp-block-paragraph\">\u200bAs den\u00fancias, protocoladas na Justi\u00e7a Militar, detalham dois epis\u00f3dios distintos de desvio de conduta:<\/p>\n\n\n\n<ul class=\"wp-block-list\">\n<li>\u200b<strong>Desvio de Fuzil (Peculato):<\/strong> Os sargentos <strong>Marcos Vinicius Pereira Silva Vieira<\/strong> e <strong>Charles William Gomes dos Santos<\/strong> foram denunciados por peculato. As imagens das COPs mostram Silva Vieira recolhendo um fuzil, semelhante ao modelo AK-47, que estaria escondido em uma resid\u00eancia no Complexo do Alem\u00e3o ap\u00f3s um confronto. Em seguida, ele e Santos teriam escondido a arma em uma mochila, <strong>sem realizar o registro oficial<\/strong> do armamento apreendido.\n<ul class=\"wp-block-list\">\n<li>\u200bUm di\u00e1logo registrado pelas c\u00e2meras sugere a oculta\u00e7\u00e3o, com um dos PMs dizendo: &#8220;Eu vou tirar e colocar na minha mochila de novo, est\u00e1 separado, pode botar nesse da\u00ed?&#8221;.<\/li>\n<\/ul>\n<\/li>\n\n\n\n<li>\u200b<strong>Furto de Pe\u00e7as de Carro (Furto Qualificado):<\/strong> O subtenente <strong>Marcelo Luiz do Amaral<\/strong>, o sargento <strong>Eduardo de Oliveira Coutinho<\/strong> e outros dois PMs foram denunciados por furto qualificado. Eles s\u00e3o acusados de desmontar e subtrair pe\u00e7as de uma caminhonete Fiat Toro estacionada na Vila Cruzeiro. O inqu\u00e9rito aponta que Coutinho retirou o tamp\u00e3o do motor, um farol e as capas dos retrovisores. O subtenente Amaral e outro policial teriam atuado dando cobertura, <strong>inclusive tentando obstruir o registro das a\u00e7\u00f5es pelas c\u00e2meras corporais<\/strong>.<\/li>\n<\/ul>\n\n\n\n<h3 class=\"wp-block-heading\">\u200b\ud83d\udcf8 Manipula\u00e7\u00e3o das COPs<\/h3>\n\n\n\n<p class=\"wp-block-paragraph\">\u200bO MPRJ enfatiza que, em ambos os casos, houve uma <strong>tentativa deliberada de manipular ou obstruir o funcionamento das COPs<\/strong>. O Termo de An\u00e1lise de V\u00eddeo registra &#8220;epis\u00f3dios de manipula\u00e7\u00e3o direta das c\u00e2meras corporais, incluindo tentativa de desligamento, com o objetivo de garantir a impunidade e comprometer o controle interno e externo da atividade policial.&#8221;<\/p>\n\n\n\n<h3 class=\"wp-block-heading\">\u200b\ud83d\udcc5 Desdobramentos da Opera\u00e7\u00e3o Conten\u00e7\u00e3o<\/h3>\n\n\n\n<p class=\"wp-block-paragraph\">\u200bA Opera\u00e7\u00e3o Conten\u00e7\u00e3o, iniciada em 28 de outubro de 2025, \u00e9 marcada como uma das a\u00e7\u00f5es policiais mais letais da hist\u00f3ria do Brasil, com um alto n\u00famero de mortes (mais de 120, segundo alguns relatos). A den\u00fancia do MPRJ \u00e9 um dos primeiros resultados concretos da investiga\u00e7\u00e3o sobre desvios de conduta durante a opera\u00e7\u00e3o.<\/p>\n\n\n\n<ul class=\"wp-block-list\">\n<li>\u200b<strong>Pris\u00f5es e Buscas:<\/strong> Cinco dos policiais foram alvos de mandados de pris\u00e3o, e dez mandados de busca e apreens\u00e3o foram cumpridos contra os agentes.<\/li>\n\n\n\n<li>\u200b<strong>Investiga\u00e7\u00e3o em Curso:<\/strong> A Corregedoria da Pol\u00edcia Militar do Rio de Janeiro (PMERJ) e o MPRJ afirmam que as an\u00e1lises das imagens e o inqu\u00e9rito continuam para identificar outras poss\u00edveis irregularidades e novos delitos cometidos por agentes durante a megaopera\u00e7\u00e3o. A PMERJ, em nota, afirmou que &#8220;n\u00e3o compactua com poss\u00edveis desvios de conduta ou cometimento de crimes praticados por seus entes, punindo com rigor os envolvidos.&#8221;<\/li>\n<\/ul>\n","protected":false},"excerpt":{"rendered":"<p>O Minist\u00e9rio P\u00fablico do Estado do Rio de Janeiro (MPRJ) ofereceu \u00e0 Justi\u00e7a duas den\u00fancias contra seis policiais militares do Batalh\u00e3o de Choque (BPChq) pelos [&#8230;]<\/p>\n","protected":false},"author":1,"featured_media":162,"comment_status":"open","ping_status":"open","sticky":false,"template":"","format":"standard","meta":{"_crdt_document":"","_jetpack_memberships_contains_paid_content":false,"footnotes":"","jetpack_publicize_message":"","jetpack_publicize_feature_enabled":true,"jetpack_social_post_already_shared":false,"jetpack_social_options":{"image_generator_settings":{"template":"highway","default_image_id":0,"font":"","enabled":false},"version":2}},"categories":[9],"tags":[],"class_list":["post-161","post","type-post","status-publish","format-standard","has-post-thumbnail","hentry","category-policia"],"jetpack_publicize_connections":[],"jetpack_featured_media_url":"https:\/\/i0.wp.com\/oexpressobr.com.br\/wp-content\/uploads\/2025\/12\/upload_00000032.png?fit=1024%2C682&ssl=1","jetpack_likes_enabled":true,"jetpack_sharing_enabled":true,"_links":{"self":[{"href":"https:\/\/oexpressobr.com.br\/index.php?rest_route=\/wp\/v2\/posts\/161","targetHints":{"allow":["GET"]}}],"collection":[{"href":"https:\/\/oexpressobr.com.br\/index.php?rest_route=\/wp\/v2\/posts"}],"about":[{"href":"https:\/\/oexpressobr.com.br\/index.php?rest_route=\/wp\/v2\/types\/post"}],"author":[{"embeddable":true,"href":"https:\/\/oexpressobr.com.br\/index.php?rest_route=\/wp\/v2\/users\/1"}],"replies":[{"embeddable":true,"href":"https:\/\/oexpressobr.com.br\/index.php?rest_route=%2Fwp%2Fv2%2Fcomments&post=161"}],"version-history":[{"count":0,"href":"https:\/\/oexpressobr.com.br\/index.php?rest_route=\/wp\/v2\/posts\/161\/revisions"}],"wp:featuredmedia":[{"embeddable":true,"href":"https:\/\/oexpressobr.com.br\/index.php?rest_route=\/wp\/v2\/media\/162"}],"wp:attachment":[{"href":"https:\/\/oexpressobr.com.br\/index.php?rest_route=%2Fwp%2Fv2%2Fmedia&parent=161"}],"wp:term":[{"taxonomy":"category","embeddable":true,"href":"https:\/\/oexpressobr.com.br\/index.php?rest_route=%2Fwp%2Fv2%2Fcategories&post=161"},{"taxonomy":"post_tag","embeddable":true,"href":"https:\/\/oexpressobr.com.br\/index.php?rest_route=%2Fwp%2Fv2%2Ftags&post=161"}],"curies":[{"name":"wp","href":"https:\/\/api.w.org\/{rel}","templated":true}]}}