{"id":1615,"date":"2026-01-08T06:21:26","date_gmt":"2026-01-08T09:21:26","guid":{"rendered":"https:\/\/oexpressobr.com.br\/?p=1615"},"modified":"2026-01-08T06:21:28","modified_gmt":"2026-01-08T09:21:28","slug":"lideres-do-pl-pedem-a-alexandre-de-moraes-prisao-domiciliar-para-bolsonaro","status":"publish","type":"post","link":"https:\/\/oexpressobr.com.br\/?p=1615","title":{"rendered":"L\u00edderes do PL pedem a Alexandre de Moraes pris\u00e3o domiciliar para Bolsonaro"},"content":{"rendered":"\n<p class=\"wp-block-paragraph\">Em um novo desdobramento da situa\u00e7\u00e3o jur\u00eddica do ex-presidente, l\u00edderes e parlamentares do Partido Liberal (PL) protocolaram um of\u00edcio junto ao Supremo Tribunal Federal (STF) solicitando que o ministro Alexandre de Moraes conceda pris\u00e3o domiciliar a Jair Bolsonaro. O pedido, encabe\u00e7ado pelos deputados federais Luciano Zucco (PL-RS) e Ubiratan Sanderson (PL-RS), baseia-se em raz\u00f5es humanit\u00e1rias ap\u00f3s um incidente de sa\u00fade ocorrido nas depend\u00eancias da Pol\u00edcia Federal.<\/p>\n\n\n\n<h3 class=\"wp-block-heading\">\u200bArgumentos da Defesa e do Partido<\/h3>\n\n\n\n<p class=\"wp-block-paragraph\">\u200bO documento enviado ao gabinete de Moraes sustenta que a medida n\u00e3o possui natureza &#8220;pol\u00edtico-partid\u00e1ria&#8221;, mas sim o objetivo de preservar a integridade f\u00edsica do ex-presidente. Os principais pontos citados s\u00e3o:<\/p>\n\n\n\n<ul class=\"wp-block-list\">\n<li>\u200b<strong>Hist\u00f3rico Cl\u00ednico:<\/strong> As complica\u00e7\u00f5es decorrentes do atentado sofrido em 2018, que exigem cuidados p\u00f3s-operat\u00f3rios constantes.<\/li>\n\n\n\n<li>\u200b<strong>Acidente Recente:<\/strong> Uma queda sofrida por Bolsonaro na madrugada da \u00faltima ter\u00e7a-feira (6), na Superintend\u00eancia da Pol\u00edcia Federal em Bras\u00edlia, onde ele teria batido a cabe\u00e7a.<\/li>\n\n\n\n<li>\u200b<strong>Precedentes Jur\u00eddicos:<\/strong> A defesa cita a concess\u00e3o de medidas semelhantes a outros ex-presidentes, como Fernando Collor, para justificar a isonomia no tratamento.<\/li>\n\n\n\n<li>\u200b<strong>Vistoria de Ve\u00edculos:<\/strong> Inspe\u00e7\u00e3o di\u00e1ria em todos os carros que sa\u00edrem da resid\u00eancia do r\u00e9u.<\/li>\n\n\n\n<li>\u200b<strong>Vigil\u00e2ncia Presencial:<\/strong> Monitoramento externo integral pela Pol\u00edcia Penal e Secretaria de Seguran\u00e7a do DF para evitar qualquer risco de fuga.<\/li>\n<\/ul>\n","protected":false},"excerpt":{"rendered":"<p>Em um novo desdobramento da situa\u00e7\u00e3o jur\u00eddica do ex-presidente, l\u00edderes e parlamentares do Partido Liberal (PL) protocolaram um of\u00edcio junto ao Supremo Tribunal Federal (STF) [&#8230;]<\/p>\n","protected":false},"author":1,"featured_media":1616,"comment_status":"open","ping_status":"open","sticky":false,"template":"","format":"standard","meta":{"_crdt_document":"","_jetpack_memberships_contains_paid_content":false,"footnotes":"","jetpack_publicize_message":"","jetpack_publicize_feature_enabled":true,"jetpack_social_post_already_shared":true,"jetpack_social_options":{"image_generator_settings":{"template":"highway","default_image_id":0,"font":"","enabled":false},"version":2}},"categories":[3],"tags":[],"class_list":["post-1615","post","type-post","status-publish","format-standard","has-post-thumbnail","hentry","category-brasil"],"jetpack_publicize_connections":[],"jetpack_featured_media_url":"https:\/\/i0.wp.com\/oexpressobr.com.br\/wp-content\/uploads\/2026\/01\/000_673H7UG.jpg?fit=414%2C280&ssl=1","jetpack_likes_enabled":true,"jetpack_sharing_enabled":true,"_links":{"self":[{"href":"https:\/\/oexpressobr.com.br\/index.php?rest_route=\/wp\/v2\/posts\/1615","targetHints":{"allow":["GET"]}}],"collection":[{"href":"https:\/\/oexpressobr.com.br\/index.php?rest_route=\/wp\/v2\/posts"}],"about":[{"href":"https:\/\/oexpressobr.com.br\/index.php?rest_route=\/wp\/v2\/types\/post"}],"author":[{"embeddable":true,"href":"https:\/\/oexpressobr.com.br\/index.php?rest_route=\/wp\/v2\/users\/1"}],"replies":[{"embeddable":true,"href":"https:\/\/oexpressobr.com.br\/index.php?rest_route=%2Fwp%2Fv2%2Fcomments&post=1615"}],"version-history":[{"count":1,"href":"https:\/\/oexpressobr.com.br\/index.php?rest_route=\/wp\/v2\/posts\/1615\/revisions"}],"predecessor-version":[{"id":1617,"href":"https:\/\/oexpressobr.com.br\/index.php?rest_route=\/wp\/v2\/posts\/1615\/revisions\/1617"}],"wp:featuredmedia":[{"embeddable":true,"href":"https:\/\/oexpressobr.com.br\/index.php?rest_route=\/wp\/v2\/media\/1616"}],"wp:attachment":[{"href":"https:\/\/oexpressobr.com.br\/index.php?rest_route=%2Fwp%2Fv2%2Fmedia&parent=1615"}],"wp:term":[{"taxonomy":"category","embeddable":true,"href":"https:\/\/oexpressobr.com.br\/index.php?rest_route=%2Fwp%2Fv2%2Fcategories&post=1615"},{"taxonomy":"post_tag","embeddable":true,"href":"https:\/\/oexpressobr.com.br\/index.php?rest_route=%2Fwp%2Fv2%2Ftags&post=1615"}],"curies":[{"name":"wp","href":"https:\/\/api.w.org\/{rel}","templated":true}]}}