{"id":1623,"date":"2026-01-08T06:32:41","date_gmt":"2026-01-08T09:32:41","guid":{"rendered":"https:\/\/oexpressobr.com.br\/?p=1623"},"modified":"2026-01-08T06:32:42","modified_gmt":"2026-01-08T09:32:42","slug":"pagode-desbanca-hegemonia-de-7-anos-do-sertanejo-e-assume-o-topo-no-brasil-com-grupo-menos-e-mais","status":"publish","type":"post","link":"https:\/\/oexpressobr.com.br\/?p=1623","title":{"rendered":"PAGODE desbanca hegemonia de 7 anos do sertanejo e assume o topo no Brasil com Grupo Menos \u00e9 Mais"},"content":{"rendered":"\n<p class=\"wp-block-paragraph\">Pela primeira vez em quase uma d\u00e9cada, o cen\u00e1rio musical brasileiro registra uma mudan\u00e7a hist\u00f3rica em seu comando. Ap\u00f3s sete anos de dom\u00ednio absoluto do sertanejo nas paradas de sucesso, o <strong>pagode<\/strong> retomou o posto de g\u00eanero com a m\u00fasica mais ouvida do pa\u00eds em 2025. O feito foi consolidado pelo <strong>Grupo Menos \u00e9 Mais<\/strong>, que lidera o ranking anual divulgado nesta semana pela <strong>Pro-M\u00fasica<\/strong> (entidade que representa as principais gravadoras do mercado fonogr\u00e1fico).<\/p>\n\n\n\n<p class=\"wp-block-paragraph\">\u200bA faixa respons\u00e1vel por quebrar essa sequ\u00eancia \u00e9 o hit <strong>\u201cP do Pecado (Ao Vivo)\u201d<\/strong>, uma parceria do grupo brasiliense com a cantora <strong>Simone Mendes<\/strong>. A can\u00e7\u00e3o n\u00e3o apenas alcan\u00e7ou o topo, como tamb\u00e9m estabeleceu um recorde de perman\u00eancia na primeira posi\u00e7\u00e3o do Spotify Brasil, mantendo-se no \u00e1pice por 15 semanas consecutivas.<\/p>\n\n\n\n<h3 class=\"wp-block-heading\">\u200bO fim de um ciclo<\/h3>\n\n\n\n<p class=\"wp-block-paragraph\">\u200bDesde 2017, o sertanejo ocupava o primeiro lugar da lista anual das 50 m\u00fasicas mais ouvidas no streaming. A transi\u00e7\u00e3o em 2025 sinaliza uma diversifica\u00e7\u00e3o no consumo digital do brasileiro. Segundo Paulo Rosa, presidente da Pro-M\u00fasica, o resultado reflete a for\u00e7a renovada de g\u00eaneros tradicionais que souberam se adaptar \u00e0 din\u00e2mica das redes sociais e das plataformas digitais.<\/p>\n\n\n\n<p class=\"wp-block-paragraph\">\u200bAl\u00e9m de liderar com &#8220;P do Pecado&#8221;, o Grupo Menos \u00e9 Mais ainda figura na terceira posi\u00e7\u00e3o do ranking geral com a faixa <strong>\u201cCora\u00e7\u00e3o Partido (Coraz\u00f3n Part\u00edo)\u201d<\/strong>, refor\u00e7ando o momento \u00e1ureo do pagode.<\/p>\n\n\n\n<h3 class=\"wp-block-heading\">\u200bOs nomes que dominam as paradas<\/h3>\n\n\n\n<p class=\"wp-block-paragraph\">\u200bApesar de ter perdido o topo individual, o sertanejo ainda mant\u00e9m uma presen\u00e7a robusta no Top 10. A dupla <strong>Henrique &amp; Juliano<\/strong>, por exemplo, encerrou o ano como os artistas mais ouvidos em volume total de execu\u00e7\u00f5es no Spotify, evidenciando que a base de f\u00e3s do g\u00eanero permanece s\u00f3lida, embora agora divida o protagonismo.<\/p>\n\n\n\n<p class=\"wp-block-paragraph\">\u200bConfira os principais destaques do ranking de 2025:<\/p>\n\n\n\n<ol class=\"wp-block-list\">\n<li>\u200b<strong>P do Pecado (Ao Vivo)<\/strong> \u2013 Menos \u00e9 Mais e Simone Mendes (Pagode)<\/li>\n\n\n\n<li>\u200b<strong>Tubar\u00f5es (Ao Vivo)<\/strong> \u2013 Diego &amp; Victor Hugo (Sertanejo)<\/li>\n\n\n\n<li>\u200b<strong>Cora\u00e7\u00e3o Partido (Ao Vivo)<\/strong> \u2013 Menos \u00e9 Mais (Pagode)<\/li>\n\n\n\n<li>\u200b<strong>Apaga Apaga Apaga (Ao Vivo)<\/strong> \u2013 Danilo &amp; Davi (Sertanejo)<\/li>\n\n\n\n<li>\u200b<strong>\u00daltima Saudade (Ao Vivo)<\/strong> \u2013 Henrique &amp; Juliano (Sertanejo)<\/li>\n<\/ol>\n\n\n\n<h3 class=\"wp-block-heading\">\u200bDiversidade e ascens\u00e3o urbana<\/h3>\n\n\n\n<p class=\"wp-block-paragraph\">\u200bAl\u00e9m do duelo entre pagode e sertanejo, os dados mostram o crescimento de ritmos como o <strong>funk<\/strong> e o <strong>arrocha<\/strong>. Nomes como <strong>MC Tuto<\/strong>, <strong>MC Ryan SP<\/strong> e <strong>Natanzinho Lima<\/strong> aparecem com destaque entre os artistas mais escutados, provando que o &#8220;sucesso viral&#8221; do TikTok e Reels tem sido o combust\u00edvel necess\u00e1rio para manter ritmos urbanos e regionais no topo do consumo nacional.<\/p>\n\n\n\n<p class=\"wp-block-paragraph\">\u200bA volta do pagode ao primeiro lugar marca um reencontro do Brasil com um de seus g\u00eaneros mais populares, provando que, no streaming, a &#8220;sofr\u00eancia&#8221; sertaneja agora divide a playlist \u2014 e o cora\u00e7\u00e3o do p\u00fablico \u2014 com o batuque e a alegria do samba.<\/p>\n","protected":false},"excerpt":{"rendered":"<p>Pela primeira vez em quase uma d\u00e9cada, o cen\u00e1rio musical brasileiro registra uma mudan\u00e7a hist\u00f3rica em seu comando. Ap\u00f3s sete anos de dom\u00ednio absoluto do [&#8230;]<\/p>\n","protected":false},"author":1,"featured_media":1624,"comment_status":"open","ping_status":"open","sticky":false,"template":"","format":"standard","meta":{"_crdt_document":"","_jetpack_memberships_contains_paid_content":false,"footnotes":"","jetpack_publicize_message":"","jetpack_publicize_feature_enabled":true,"jetpack_social_post_already_shared":true,"jetpack_social_options":{"image_generator_settings":{"template":"highway","default_image_id":0,"font":"","enabled":false},"version":2}},"categories":[33],"tags":[],"class_list":["post-1623","post","type-post","status-publish","format-standard","has-post-thumbnail","hentry","category-curiosidade"],"jetpack_publicize_connections":[],"jetpack_featured_media_url":"https:\/\/i0.wp.com\/oexpressobr.com.br\/wp-content\/uploads\/2026\/01\/GRUPO-MENOS-E-MAIS-internet-c.jpg.jpg?fit=414%2C280&ssl=1","jetpack_likes_enabled":true,"jetpack_sharing_enabled":true,"_links":{"self":[{"href":"https:\/\/oexpressobr.com.br\/index.php?rest_route=\/wp\/v2\/posts\/1623","targetHints":{"allow":["GET"]}}],"collection":[{"href":"https:\/\/oexpressobr.com.br\/index.php?rest_route=\/wp\/v2\/posts"}],"about":[{"href":"https:\/\/oexpressobr.com.br\/index.php?rest_route=\/wp\/v2\/types\/post"}],"author":[{"embeddable":true,"href":"https:\/\/oexpressobr.com.br\/index.php?rest_route=\/wp\/v2\/users\/1"}],"replies":[{"embeddable":true,"href":"https:\/\/oexpressobr.com.br\/index.php?rest_route=%2Fwp%2Fv2%2Fcomments&post=1623"}],"version-history":[{"count":1,"href":"https:\/\/oexpressobr.com.br\/index.php?rest_route=\/wp\/v2\/posts\/1623\/revisions"}],"predecessor-version":[{"id":1625,"href":"https:\/\/oexpressobr.com.br\/index.php?rest_route=\/wp\/v2\/posts\/1623\/revisions\/1625"}],"wp:featuredmedia":[{"embeddable":true,"href":"https:\/\/oexpressobr.com.br\/index.php?rest_route=\/wp\/v2\/media\/1624"}],"wp:attachment":[{"href":"https:\/\/oexpressobr.com.br\/index.php?rest_route=%2Fwp%2Fv2%2Fmedia&parent=1623"}],"wp:term":[{"taxonomy":"category","embeddable":true,"href":"https:\/\/oexpressobr.com.br\/index.php?rest_route=%2Fwp%2Fv2%2Fcategories&post=1623"},{"taxonomy":"post_tag","embeddable":true,"href":"https:\/\/oexpressobr.com.br\/index.php?rest_route=%2Fwp%2Fv2%2Ftags&post=1623"}],"curies":[{"name":"wp","href":"https:\/\/api.w.org\/{rel}","templated":true}]}}