{"id":1633,"date":"2026-01-08T06:44:17","date_gmt":"2026-01-08T09:44:17","guid":{"rendered":"https:\/\/oexpressobr.com.br\/?p=1633"},"modified":"2026-01-08T06:44:18","modified_gmt":"2026-01-08T09:44:18","slug":"anvisa-e-nestle-determinam-recolhimento-de-formulas-infantis-por-risco-de-contaminacao","status":"publish","type":"post","link":"https:\/\/oexpressobr.com.br\/?p=1633","title":{"rendered":"Anvisa e Nestl\u00e9 determinam recolhimento de f\u00f3rmulas infantis por risco de contamina\u00e7\u00e3o"},"content":{"rendered":"\n<p class=\"wp-block-paragraph\">\u200bA Ag\u00eancia Nacional de Vigil\u00e2ncia Sanit\u00e1ria (Anvisa) publicou, nesta quarta-feira (7\/1\/2026), uma resolu\u00e7\u00e3o que pro\u00edbe a comercializa\u00e7\u00e3o, distribui\u00e7\u00e3o e uso de diversos lotes de f\u00f3rmulas infantis da Nestl\u00e9 no Brasil. A medida, de car\u00e1ter preventivo, ocorre em conjunto com um recall global iniciado pela fabricante ap\u00f3s a identifica\u00e7\u00e3o de um risco de contamina\u00e7\u00e3o por <strong>cereulida<\/strong>, uma toxina produzida pela bact\u00e9ria <em>Bacillus cereus<\/em>.<\/p>\n\n\n\n<p class=\"wp-block-paragraph\">\u200bO problema foi detectado originalmente em uma unidade fabril da Nestl\u00e9 na Holanda. Segundo a empresa, a toxina foi identificada em um ingrediente (\u00f3leo vegetal) fornecido por um parceiro terceirizado. O recolhimento abrange mais de 25 pa\u00edses, incluindo mercados na Europa, Argentina e Turquia.<\/p>\n\n\n\n<h3 class=\"wp-block-heading\">\u200bRiscos \u00e0 sa\u00fade<\/h3>\n\n\n\n<p class=\"wp-block-paragraph\">\u200bA ingest\u00e3o da toxina cereulida pode causar um quadro de intoxica\u00e7\u00e3o alimentar caracterizado por:<\/p>\n\n\n\n<ul class=\"wp-block-list\">\n<li>\u200bV\u00f4mitos persistentes;<\/li>\n\n\n\n<li>\u200bDiarreia;<\/li>\n\n\n\n<li>\u200bLetargia (sonol\u00eancia excessiva e lentid\u00e3o de movimentos).<\/li>\n<\/ul>\n\n\n\n<p class=\"wp-block-paragraph\">\u200bAt\u00e9 o momento, a Nestl\u00e9 e a Anvisa informaram que <strong>n\u00e3o h\u00e1 casos confirmados de doen\u00e7as<\/strong> relacionados ao consumo desses produtos, refor\u00e7ando que a retirada das prateleiras \u00e9 uma a\u00e7\u00e3o de seguran\u00e7a antecipada.<\/p>\n\n\n\n<h3 class=\"wp-block-heading\">\u200bProdutos e lotes afetados no Brasil<\/h3>\n\n\n\n<p class=\"wp-block-paragraph\">\u200bA proibi\u00e7\u00e3o atinge 33 lotes de seis marcas principais. Pais e respons\u00e1veis devem verificar o n\u00famero do lote e a validade impressos na embalagem:<\/p>\n\n\n\n<ul class=\"wp-block-list\">\n<li>\u200b<strong>Nestogeno (0 a 6 meses) &#8211; 800g:<\/strong> Lotes 5341046041, 5342046041, 5343046041, 5344046041 (Val. 01\/03\/2027).<\/li>\n\n\n\n<li>\u200b<strong>Nan Supreme Pro (0 a 6 meses) &#8211; 400g e 800g:<\/strong> Lotes iniciados por 5321, 5319 e 5320 (Val. 01\/08\/2027).<\/li>\n\n\n\n<li>\u200b<strong>Nanlac Supreme Pro (1 a 3 anos) &#8211; 800g:<\/strong> Lotes 5301046041, 5302046041, 5338046041, 5339046041, 5340046041.<\/li>\n\n\n\n<li>\u200b<strong>Nanlac Comfor (1 a 3 anos) &#8211; 800g e 1,6kg:<\/strong> Diversos lotes com validade em nov\/dez de 2026.<\/li>\n\n\n\n<li>\u200b<strong>Nan Science Pro Sensitive &#8211; 800g:<\/strong> Lote 5323046041 (Val. 01\/08\/2027).<\/li>\n\n\n\n<li>\u200b<strong>Alfamino &#8211; 400g:<\/strong> Lotes 51060017Y1, 51540017Y1, 52720017Y2 (Val. entre abr e set de 2027).<\/li>\n<\/ul>\n\n\n\n<h3 class=\"wp-block-heading\">\u200bOrienta\u00e7\u00f5es aos consumidores<\/h3>\n\n\n\n<p class=\"wp-block-paragraph\">\u200bA Nestl\u00e9 orienta que os consumidores que possuam produtos dos lotes citados <strong>suspendam o uso imediatamente<\/strong>. A empresa garante a substitui\u00e7\u00e3o ou o reembolso total do valor pago.<\/p>\n\n\n\n<p class=\"wp-block-paragraph\">\u200bPara solicitar o recolhimento, os canais oficiais s\u00e3o:<\/p>\n\n\n\n<ul class=\"wp-block-list\">\n<li>\u200b<strong>Telefone:<\/strong> 0800 761 2500 (atendimento 24h)<\/li>\n\n\n\n<li>\u200b<strong>E-mail:<\/strong> falecom@nestle.com.br<\/li>\n<\/ul>\n\n\n\n<p class=\"wp-block-paragraph\">\u200bA Anvisa recomenda que, caso a crian\u00e7a apresente qualquer sintoma ap\u00f3s o consumo, os respons\u00e1veis busquem atendimento m\u00e9dico imediato, levando, se poss\u00edvel, a embalagem do produto para identifica\u00e7\u00e3o.<\/p>\n","protected":false},"excerpt":{"rendered":"<p>\u200bA Ag\u00eancia Nacional de Vigil\u00e2ncia Sanit\u00e1ria (Anvisa) publicou, nesta quarta-feira (7\/1\/2026), uma resolu\u00e7\u00e3o que pro\u00edbe a comercializa\u00e7\u00e3o, distribui\u00e7\u00e3o e uso de diversos lotes de f\u00f3rmulas [&#8230;]<\/p>\n","protected":false},"author":1,"featured_media":1634,"comment_status":"open","ping_status":"open","sticky":false,"template":"","format":"standard","meta":{"_crdt_document":"","_jetpack_memberships_contains_paid_content":false,"footnotes":"","jetpack_publicize_message":"","jetpack_publicize_feature_enabled":true,"jetpack_social_post_already_shared":true,"jetpack_social_options":{"image_generator_settings":{"template":"highway","default_image_id":0,"font":"","enabled":false},"version":2}},"categories":[3],"tags":[],"class_list":["post-1633","post","type-post","status-publish","format-standard","has-post-thumbnail","hentry","category-brasil"],"jetpack_publicize_connections":[],"jetpack_featured_media_url":"https:\/\/i0.wp.com\/oexpressobr.com.br\/wp-content\/uploads\/2026\/01\/a21aee60-eacb-11f0-8218-ebd1bbe3ff4c.jpg.webp?fit=800%2C449&ssl=1","jetpack_likes_enabled":true,"jetpack_sharing_enabled":true,"_links":{"self":[{"href":"https:\/\/oexpressobr.com.br\/index.php?rest_route=\/wp\/v2\/posts\/1633","targetHints":{"allow":["GET"]}}],"collection":[{"href":"https:\/\/oexpressobr.com.br\/index.php?rest_route=\/wp\/v2\/posts"}],"about":[{"href":"https:\/\/oexpressobr.com.br\/index.php?rest_route=\/wp\/v2\/types\/post"}],"author":[{"embeddable":true,"href":"https:\/\/oexpressobr.com.br\/index.php?rest_route=\/wp\/v2\/users\/1"}],"replies":[{"embeddable":true,"href":"https:\/\/oexpressobr.com.br\/index.php?rest_route=%2Fwp%2Fv2%2Fcomments&post=1633"}],"version-history":[{"count":1,"href":"https:\/\/oexpressobr.com.br\/index.php?rest_route=\/wp\/v2\/posts\/1633\/revisions"}],"predecessor-version":[{"id":1635,"href":"https:\/\/oexpressobr.com.br\/index.php?rest_route=\/wp\/v2\/posts\/1633\/revisions\/1635"}],"wp:featuredmedia":[{"embeddable":true,"href":"https:\/\/oexpressobr.com.br\/index.php?rest_route=\/wp\/v2\/media\/1634"}],"wp:attachment":[{"href":"https:\/\/oexpressobr.com.br\/index.php?rest_route=%2Fwp%2Fv2%2Fmedia&parent=1633"}],"wp:term":[{"taxonomy":"category","embeddable":true,"href":"https:\/\/oexpressobr.com.br\/index.php?rest_route=%2Fwp%2Fv2%2Fcategories&post=1633"},{"taxonomy":"post_tag","embeddable":true,"href":"https:\/\/oexpressobr.com.br\/index.php?rest_route=%2Fwp%2Fv2%2Ftags&post=1633"}],"curies":[{"name":"wp","href":"https:\/\/api.w.org\/{rel}","templated":true}]}}