{"id":1646,"date":"2026-01-09T07:04:03","date_gmt":"2026-01-09T10:04:03","guid":{"rendered":"https:\/\/oexpressobr.com.br\/?p=1646"},"modified":"2026-01-09T07:04:05","modified_gmt":"2026-01-09T10:04:05","slug":"fabio-porchat-e-pai-processam-internauta-por-acusacao-de-fraude-na-lei-rouanet","status":"publish","type":"post","link":"https:\/\/oexpressobr.com.br\/?p=1646","title":{"rendered":"F\u00c1BIO Porchat e pai processam internauta por acusa\u00e7\u00e3o de fraude na Lei Rouanet"},"content":{"rendered":"\n<p class=\"wp-block-paragraph\">O humorista e apresentador F\u00e1bio Porchat, juntamente com seu pai, o empres\u00e1rio e pol\u00edtico F\u00e1bio Porchat, acionaram o Poder Judici\u00e1rio contra L\u00e1zaro Henrique Pereira em decorr\u00eancia de publica\u00e7\u00f5es feitas em redes sociais. Nas postagens, o r\u00e9u acusava a fam\u00edlia de envolvimento em supostas fraudes na Lei Rouanet, chegando a vincular os nomes dos autores \u00e0 &#8220;Opera\u00e7\u00e3o Boca Livre&#8221;, deflagrada pela Pol\u00edcia Federal.<\/p>\n\n\n\n<p class=\"wp-block-paragraph\">\u200bA defesa de Porchat argumenta que as afirma\u00e7\u00f5es s\u00e3o infundadas e que o apresentador nunca foi investigado ou denunciado na referida opera\u00e7\u00e3o. O imbr\u00f3glio, que teve in\u00edcio em outubro de 2025, ganhou novos cap\u00edtulos nesta semana com decis\u00f5es favor\u00e1veis aos artistas.<\/p>\n\n\n\n<p class=\"wp-block-paragraph\">\u200b<strong>Decis\u00e3o liminar e pedidos de indeniza\u00e7\u00e3o<\/strong><\/p>\n\n\n\n<p class=\"wp-block-paragraph\">Ap\u00f3s uma negativa inicial, a Justi\u00e7a concedeu uma medida liminar em grau de recurso, determinando a remo\u00e7\u00e3o imediata dos conte\u00fados acusat\u00f3rios do ar. O entendimento jur\u00eddico preliminar \u00e9 de que as postagens podem causar danos irrepar\u00e1veis \u00e0 reputa\u00e7\u00e3o e imagem p\u00fablica dos envolvidos, que possuem longa carreira no setor cultural e empresarial.<\/p>\n\n\n\n<p class=\"wp-block-paragraph\">\u200bNo m\u00e9rito da a\u00e7\u00e3o, F\u00e1bio Porchat e seu pai solicitam:<\/p>\n\n\n\n<ul class=\"wp-block-list\">\n<li>\u200b<strong>Indeniza\u00e7\u00e3o por danos morais:<\/strong> O valor de R$ 40 mil, sendo R$ 20 mil destinados a cada um dos autores.<\/li>\n\n\n\n<li>\u200b<strong>Retrata\u00e7\u00e3o p\u00fablica:<\/strong> Que o r\u00e9u utilize os mesmos meios de comunica\u00e7\u00e3o para desmentir as acusa\u00e7\u00f5es.<\/li>\n<\/ul>\n\n\n\n<p class=\"wp-block-paragraph\">\u200b<strong>Contexto e fatos recentes<\/strong><\/p>\n\n\n\n<p class=\"wp-block-paragraph\">O caso refor\u00e7a uma postura mais combativa de figuras p\u00fablicas contra a propaga\u00e7\u00e3o de desinforma\u00e7\u00e3o na internet. Embora o nome de F\u00e1bio Porchat tenha sido mencionado em reportagens antigas (2016) sobre um escrit\u00f3rio de advocacia que utilizou recursos da Lei Rouanet para contrat\u00e1-lo para um evento privado, as investiga\u00e7\u00f5es da \u00e9poca e o pr\u00f3prio Minist\u00e9rio P\u00fablico de S\u00e3o Paulo confirmaram que o ator n\u00e3o cometeu irregularidades e n\u00e3o era alvo de inqu\u00e9ritos.<\/p>\n\n\n\n<p class=\"wp-block-paragraph\">\u200bAt\u00e9 o momento, o r\u00e9u L\u00e1zaro Henrique Pereira n\u00e3o se manifestou publicamente sobre a decis\u00e3o liminar que derrubou suas publica\u00e7\u00f5es. O processo segue em tramita\u00e7\u00e3o para o julgamento final do pedido de indeniza\u00e7\u00e3o.<\/p>\n","protected":false},"excerpt":{"rendered":"<p>O humorista e apresentador F\u00e1bio Porchat, juntamente com seu pai, o empres\u00e1rio e pol\u00edtico F\u00e1bio Porchat, acionaram o Poder Judici\u00e1rio contra L\u00e1zaro Henrique Pereira em [&#8230;]<\/p>\n","protected":false},"author":1,"featured_media":1647,"comment_status":"open","ping_status":"open","sticky":false,"template":"","format":"standard","meta":{"_crdt_document":"","_jetpack_memberships_contains_paid_content":false,"footnotes":"","jetpack_publicize_message":"","jetpack_publicize_feature_enabled":true,"jetpack_social_post_already_shared":true,"jetpack_social_options":{"image_generator_settings":{"template":"highway","default_image_id":0,"font":"","enabled":false},"version":2}},"categories":[14],"tags":[],"class_list":["post-1646","post","type-post","status-publish","format-standard","has-post-thumbnail","hentry","category-famosos"],"jetpack_publicize_connections":[],"jetpack_featured_media_url":"https:\/\/i0.wp.com\/oexpressobr.com.br\/wp-content\/uploads\/2026\/01\/images2.jpg?fit=576%2C384&ssl=1","jetpack_likes_enabled":true,"jetpack_sharing_enabled":true,"_links":{"self":[{"href":"https:\/\/oexpressobr.com.br\/index.php?rest_route=\/wp\/v2\/posts\/1646","targetHints":{"allow":["GET"]}}],"collection":[{"href":"https:\/\/oexpressobr.com.br\/index.php?rest_route=\/wp\/v2\/posts"}],"about":[{"href":"https:\/\/oexpressobr.com.br\/index.php?rest_route=\/wp\/v2\/types\/post"}],"author":[{"embeddable":true,"href":"https:\/\/oexpressobr.com.br\/index.php?rest_route=\/wp\/v2\/users\/1"}],"replies":[{"embeddable":true,"href":"https:\/\/oexpressobr.com.br\/index.php?rest_route=%2Fwp%2Fv2%2Fcomments&post=1646"}],"version-history":[{"count":1,"href":"https:\/\/oexpressobr.com.br\/index.php?rest_route=\/wp\/v2\/posts\/1646\/revisions"}],"predecessor-version":[{"id":1648,"href":"https:\/\/oexpressobr.com.br\/index.php?rest_route=\/wp\/v2\/posts\/1646\/revisions\/1648"}],"wp:featuredmedia":[{"embeddable":true,"href":"https:\/\/oexpressobr.com.br\/index.php?rest_route=\/wp\/v2\/media\/1647"}],"wp:attachment":[{"href":"https:\/\/oexpressobr.com.br\/index.php?rest_route=%2Fwp%2Fv2%2Fmedia&parent=1646"}],"wp:term":[{"taxonomy":"category","embeddable":true,"href":"https:\/\/oexpressobr.com.br\/index.php?rest_route=%2Fwp%2Fv2%2Fcategories&post=1646"},{"taxonomy":"post_tag","embeddable":true,"href":"https:\/\/oexpressobr.com.br\/index.php?rest_route=%2Fwp%2Fv2%2Ftags&post=1646"}],"curies":[{"name":"wp","href":"https:\/\/api.w.org\/{rel}","templated":true}]}}