{"id":1649,"date":"2026-01-09T07:13:41","date_gmt":"2026-01-09T10:13:41","guid":{"rendered":"https:\/\/oexpressobr.com.br\/?p=1649"},"modified":"2026-01-09T07:13:42","modified_gmt":"2026-01-09T10:13:42","slug":"eduardo-pimentel-altera-segundo-escalao-nas-pastas-da-saude-transito-e-comunicacao-em-curitiba","status":"publish","type":"post","link":"https:\/\/oexpressobr.com.br\/?p=1649","title":{"rendered":"Eduardo Pimentel altera segundo escal\u00e3o nas pastas da Sa\u00fade, Tr\u00e2nsito e Comunica\u00e7\u00e3o em Curitiba"},"content":{"rendered":"\n<p class=\"wp-block-paragraph\">Com o objetivo de imprimir um ritmo mais din\u00e2mico \u00e0 administra\u00e7\u00e3o municipal no in\u00edcio de 2026, o prefeito de Curitiba, <strong>Eduardo Pimentel<\/strong>, oficializou nesta semana mudan\u00e7as estrat\u00e9gicas em cargos de superintend\u00eancia. As movimenta\u00e7\u00f5es atingem diretamente as secretarias de <strong>Sa\u00fade (SMS)<\/strong>, <strong>Defesa Social e Tr\u00e2nsito (Setran)<\/strong> e a <strong>Secretaria de Comunica\u00e7\u00e3o Social (Secom)<\/strong>.<\/p>\n\n\n\n<p class=\"wp-block-paragraph\">\u200bEmbora o primeiro escal\u00e3o permane\u00e7a intacto, a leitura de bastidores indica que Pimentel busca otimizar a entrega de servi\u00e7os p\u00fablicos e alinhar a comunica\u00e7\u00e3o institucional ap\u00f3s o primeiro ano de mandato. A avalia\u00e7\u00e3o interna \u00e9 de que os secret\u00e1rios atuais gozam de confian\u00e7a, mas o &#8220;ajuste fino&#8221; nas superintend\u00eancias \u00e9 necess\u00e1rio para acelerar projetos travados pela burocracia t\u00e9cnica.<\/p>\n\n\n\n<h3 class=\"wp-block-heading\">\u200bOs pontos centrais das mudan\u00e7as<\/h3>\n\n\n\n<p class=\"wp-block-paragraph\">\u200bAs trocas focam em \u00e1reas sens\u00edveis para a percep\u00e7\u00e3o da popula\u00e7\u00e3o e para a efici\u00eancia operacional da m\u00e1quina p\u00fablica:<\/p>\n\n\n\n<ul class=\"wp-block-list\">\n<li>\u200b<strong>Sa\u00fade (SMS):<\/strong> A nova superintend\u00eancia ter\u00e1 o desafio de reduzir as filas em especialidades e modernizar o fluxo de atendimento nas UPAs, uma das prioridades declaradas pelo prefeito.<\/li>\n\n\n\n<li>\u200b<strong>Tr\u00e2nsito (Setran):<\/strong> A mudan\u00e7a visa dar f\u00f4lego ao plano de mobilidade urbana, com foco na integra\u00e7\u00e3o tecnol\u00f3gica dos sem\u00e1foros e na seguran\u00e7a vi\u00e1ria.<\/li>\n\n\n\n<li>\u200b<strong>Comunica\u00e7\u00e3o (Secom):<\/strong> O ajuste no segundo escal\u00e3o busca uma linguagem mais direta com o cidad\u00e3o e maior agilidade na divulga\u00e7\u00e3o de obras e a\u00e7\u00f5es sociais.<\/li>\n<\/ul>\n\n\n\n<h3 class=\"wp-block-heading\">\u200bAn\u00e1lise: Estabilidade no topo, agilidade na base<\/h3>\n\n\n\n<p class=\"wp-block-paragraph\">\u200bFontes pr\u00f3ximas ao Pal\u00e1cio 29 de Mar\u00e7o afirmam que Eduardo Pimentel est\u00e1 satisfeito com o desempenho de seus secret\u00e1rios diretos. &#8220;O time de frente tem dado boas respostas, mas a execu\u00e7\u00e3o na ponta precisa ser impec\u00e1vel&#8221;, revelou um assessor ligado ao gabinete.<\/p>\n\n\n\n<p class=\"wp-block-paragraph\">\u200bDiferente de reformas administrativas anteriores, estas mexidas n\u00e3o possuem um vi\u00e9s puramente pol\u00edtico-partid\u00e1rio, mas sim <strong>t\u00e9cnico-operacional<\/strong>. No entanto, o prefeito deixou claro que o monitoramento de metas ser\u00e1 constante, e novas &#8220;mexidas no time&#8221; n\u00e3o est\u00e3o descartadas caso os resultados esperados n\u00e3o apare\u00e7am no curto prazo.<\/p>\n\n\n\n<h3 class=\"wp-block-heading\">\u200bPr\u00f3ximos Passos<\/h3>\n\n\n\n<p class=\"wp-block-paragraph\">\u200bCom a virada de ano e o encerramento do per\u00edodo de festas, a expectativa \u00e9 que os novos nomes assumam suas fun\u00e7\u00f5es imediatamente, com foco total no plano de metas de 2026.<\/p>\n","protected":false},"excerpt":{"rendered":"<p>Com o objetivo de imprimir um ritmo mais din\u00e2mico \u00e0 administra\u00e7\u00e3o municipal no in\u00edcio de 2026, o prefeito de Curitiba, Eduardo Pimentel, oficializou nesta semana [&#8230;]<\/p>\n","protected":false},"author":1,"featured_media":1650,"comment_status":"open","ping_status":"open","sticky":false,"template":"","format":"standard","meta":{"_crdt_document":"","_jetpack_memberships_contains_paid_content":false,"footnotes":"","jetpack_publicize_message":"","jetpack_publicize_feature_enabled":true,"jetpack_social_post_already_shared":true,"jetpack_social_options":{"image_generator_settings":{"template":"highway","default_image_id":0,"font":"","enabled":false},"version":2}},"categories":[5],"tags":[],"class_list":["post-1649","post","type-post","status-publish","format-standard","has-post-thumbnail","hentry","category-parana"],"jetpack_publicize_connections":[],"jetpack_featured_media_url":"https:\/\/i0.wp.com\/oexpressobr.com.br\/wp-content\/uploads\/2026\/01\/WhatsApp-Image-2025-12-18-at-16.44.04.jpeg?fit=1200%2C720&ssl=1","jetpack_likes_enabled":true,"jetpack_sharing_enabled":true,"_links":{"self":[{"href":"https:\/\/oexpressobr.com.br\/index.php?rest_route=\/wp\/v2\/posts\/1649","targetHints":{"allow":["GET"]}}],"collection":[{"href":"https:\/\/oexpressobr.com.br\/index.php?rest_route=\/wp\/v2\/posts"}],"about":[{"href":"https:\/\/oexpressobr.com.br\/index.php?rest_route=\/wp\/v2\/types\/post"}],"author":[{"embeddable":true,"href":"https:\/\/oexpressobr.com.br\/index.php?rest_route=\/wp\/v2\/users\/1"}],"replies":[{"embeddable":true,"href":"https:\/\/oexpressobr.com.br\/index.php?rest_route=%2Fwp%2Fv2%2Fcomments&post=1649"}],"version-history":[{"count":1,"href":"https:\/\/oexpressobr.com.br\/index.php?rest_route=\/wp\/v2\/posts\/1649\/revisions"}],"predecessor-version":[{"id":1651,"href":"https:\/\/oexpressobr.com.br\/index.php?rest_route=\/wp\/v2\/posts\/1649\/revisions\/1651"}],"wp:featuredmedia":[{"embeddable":true,"href":"https:\/\/oexpressobr.com.br\/index.php?rest_route=\/wp\/v2\/media\/1650"}],"wp:attachment":[{"href":"https:\/\/oexpressobr.com.br\/index.php?rest_route=%2Fwp%2Fv2%2Fmedia&parent=1649"}],"wp:term":[{"taxonomy":"category","embeddable":true,"href":"https:\/\/oexpressobr.com.br\/index.php?rest_route=%2Fwp%2Fv2%2Fcategories&post=1649"},{"taxonomy":"post_tag","embeddable":true,"href":"https:\/\/oexpressobr.com.br\/index.php?rest_route=%2Fwp%2Fv2%2Ftags&post=1649"}],"curies":[{"name":"wp","href":"https:\/\/api.w.org\/{rel}","templated":true}]}}