{"id":1652,"date":"2026-01-09T07:20:29","date_gmt":"2026-01-09T10:20:29","guid":{"rendered":"https:\/\/oexpressobr.com.br\/?p=1652"},"modified":"2026-01-09T07:20:32","modified_gmt":"2026-01-09T10:20:32","slug":"praticas-atribuidas-a-sandro-alex-lembram-roteiro-ja-visto-com-guto-silva","status":"publish","type":"post","link":"https:\/\/oexpressobr.com.br\/?p=1652","title":{"rendered":"Pr\u00e1ticas atribu\u00eddas a Sandro Alex lembram roteiro j\u00e1 visto com Guto Silva"},"content":{"rendered":"\n<p class=\"wp-block-paragraph\"><strong>Nos bastidores do Pal\u00e1cio Igua\u00e7u, a movimenta\u00e7\u00e3o do secret\u00e1rio de Infraestrutura levanta questionamentos sobre a repeti\u00e7\u00e3o de uma estrat\u00e9gia pol\u00edtica que marcou a trajet\u00f3ria do ex-chefe da Casa Civil. O cen\u00e1rio para 2026 come\u00e7a a desenhar as ambi\u00e7\u00f5es e os riscos da gest\u00e3o Ratinho Junior.<\/strong><\/p>\n\n\n\n<p class=\"wp-block-paragraph\">\u200b<strong>CURITIBA<\/strong> \u2013 No xadrez pol\u00edtico paranaense, nomes mudam, mas os movimentos parecem seguir uma partitura conhecida. A atual gest\u00e3o de Sandro Alex \u00e0 frente da Secretaria de Infraestrutura e Log\u00edstica (SEIL) tem sido alvo de an\u00e1lises que buscam entender se suas a\u00e7\u00f5es s\u00e3o frutos de demandas administrativas ou de um m\u00e9todo pol\u00edtico pr\u00e9-estabelecido. Para observadores atentos, o \u201cmodus operandi\u201d de Sandro Alex guarda semelhan\u00e7as not\u00e1veis com o caminho trilhado por Guto Silva, ex-chefe da Casa Civil e atual secret\u00e1rio das Cidades.<\/p>\n\n\n\n<h3 class=\"wp-block-heading\">\u200bO &#8220;Roteiro&#8221; da Infraestrutura e a Vitrine Eleitoral<\/h3>\n\n\n\n<p class=\"wp-block-paragraph\">\u200bSandro Alex tem capitalizado politicamente sobre as grandes obras do estado. Nesta semana, o secret\u00e1rio destacou o impacto da Ponte de Guaratuba, afirmando que a estrutura j\u00e1 injetou mais de R$ 368 milh\u00f5es no PIB paranaense antes mesmo de sua inaugura\u00e7\u00e3o, prevista para abril de 2026. A estrat\u00e9gia de vincular sua imagem a entregas bilion\u00e1rias e ao desenvolvimento regional \u00e9 vista como uma tentativa de consolidar uma base s\u00f3lida para a disputa majorit\u00e1ria que se aproxima.<\/p>\n\n\n\n<p class=\"wp-block-paragraph\">\u200bO m\u00e9todo lembra o per\u00edodo em que Guto Silva, \u00e0 frente da Casa Civil, atuava como o principal articulador e rosto do governo em projetos estrat\u00e9gicos. A semelhan\u00e7a reside na intensa agenda de viagens pelo interior e na personaliza\u00e7\u00e3o da gest\u00e3o: o secret\u00e1rio deixa de ser apenas um executor t\u00e9cnico para se tornar um protagonista pol\u00edtico com &#8220;luz pr\u00f3pria&#8221; \u2014 ou, como cr\u00edticos apontam, um &#8220;poste iluminado&#8221; pela m\u00e1quina estadual.<\/p>\n\n\n\n<h3 class=\"wp-block-heading\">\u200bCoincid\u00eancia ou Estrat\u00e9gia de Sucess\u00e3o?<\/h3>\n\n\n\n<p class=\"wp-block-paragraph\">\u200bA quest\u00e3o que ecoa nos corredores da Assembleia Legislativa do Paran\u00e1 (ALEP) \u00e9 se Ratinho Junior est\u00e1 repetindo a f\u00f3rmula de criar alternativas internas para sua sucess\u00e3o em 2026. Enquanto Guto Silva \u00e9 frequentemente citado como o &#8220;preferido&#8221; do governador, o crescimento de Sandro Alex e a articula\u00e7\u00e3o de Alexandre Curi (presidente da ALEP) criam um congestionamento de pr\u00e9-candidaturas na base aliada.<\/p>\n\n\n\n<p class=\"wp-block-paragraph\">\u200bO &#8220;m\u00e9todo&#8221; envolveria a entrega de pastas com grandes or\u00e7amentos e alta visibilidade para testar o f\u00f4lego eleitoral de seus ocupantes. No entanto, o risco \u00e9 o chamado &#8220;apag\u00e3o eleitoral&#8221;, onde a fragmenta\u00e7\u00e3o de nomes do mesmo grupo pode beneficiar nomes da oposi\u00e7\u00e3o, como o cl\u00e3 Requi\u00e3o, que monitora atentamente as divis\u00f5es no PSD e no Progressistas.<\/p>\n\n\n\n<h3 class=\"wp-block-heading\">\u200bO que n\u00e3o pode acontecer no Brasil<\/h3>\n\n\n\n<p class=\"wp-block-paragraph\">\u200bA cr\u00edtica central que emerge, conforme publicado originalmente pelo <em>O Di\u00e1rio de Maring\u00e1<\/em>, toca em um ponto sens\u00edvel da pol\u00edtica nacional: a utiliza\u00e7\u00e3o da m\u00e1quina p\u00fablica para a constru\u00e7\u00e3o de projetos pessoais de poder em detrimento de uma gest\u00e3o de longo prazo que sobreviva aos ciclos eleitorais. A gest\u00e3o Ratinho Junior, que busca se vender como um modelo de efici\u00eancia e modernidade, enfrenta agora o desafio de provar que suas escolhas de secretariado s\u00e3o baseadas em m\u00e9rito administrativo, e n\u00e3o apenas em conveni\u00eancia partid\u00e1ria para 2026.<\/p>\n\n\n\n<p class=\"wp-block-paragraph\">\u200bEnquanto Sandro Alex foca nos n\u00fameros da infraestrutura e Guto Silva fecha o balan\u00e7o de 2025 com bilh\u00f5es empenhados na Secretaria das Cidades, o eleitor paranaense observa se essa &#8220;coincid\u00eancia de pr\u00e1ticas&#8221; resultar\u00e1 em benef\u00edcios reais para o estado ou se \u00e9 apenas a repeti\u00e7\u00e3o de um roteiro pol\u00edtico que o Brasil j\u00e1 conhece bem.<\/p>\n\n\n\n<p class=\"wp-block-paragraph\">\u200b<strong>Fontes Consultadas:<\/strong><\/p>\n\n\n\n<ul class=\"wp-block-list\">\n<li>\u200b<em>Ag\u00eancia Estadual de Not\u00edcias (AEN)<\/em> \u2013 Dados sobre a Ponte de Guaratuba (08\/01\/2026).<\/li>\n\n\n\n<li>\u200b<em>O Di\u00e1rio de Maring\u00e1<\/em> \u2013 An\u00e1lise sobre o m\u00e9todo pol\u00edtico no Paran\u00e1.<\/li>\n\n\n\n<li>\u200b<em>Relat\u00f3rios da Secretaria das Cidades<\/em> \u2013 Balan\u00e7o de investimentos de Guto Silva.<\/li>\n\n\n\n<li>\u200b<em>Entrevistas Recentes<\/em> \u2013 Declara\u00e7\u00f5es de Sandro Alex sobre o PIB e infraestrutura.<\/li>\n<\/ul>\n","protected":false},"excerpt":{"rendered":"<p>Nos bastidores do Pal\u00e1cio Igua\u00e7u, a movimenta\u00e7\u00e3o do secret\u00e1rio de Infraestrutura levanta questionamentos sobre a repeti\u00e7\u00e3o de uma estrat\u00e9gia pol\u00edtica que marcou a trajet\u00f3ria do [&#8230;]<\/p>\n","protected":false},"author":1,"featured_media":1653,"comment_status":"open","ping_status":"open","sticky":false,"template":"","format":"standard","meta":{"_crdt_document":"","_jetpack_memberships_contains_paid_content":false,"footnotes":"","jetpack_publicize_message":"","jetpack_publicize_feature_enabled":true,"jetpack_social_post_already_shared":true,"jetpack_social_options":{"image_generator_settings":{"template":"highway","default_image_id":0,"font":"","enabled":false},"version":2}},"categories":[5],"tags":[],"class_list":["post-1652","post","type-post","status-publish","format-standard","has-post-thumbnail","hentry","category-parana"],"jetpack_publicize_connections":[],"jetpack_featured_media_url":"https:\/\/i0.wp.com\/oexpressobr.com.br\/wp-content\/uploads\/2026\/01\/IMG-20260109-WA0044.jpg?fit=1536%2C1024&ssl=1","jetpack_likes_enabled":true,"jetpack_sharing_enabled":true,"_links":{"self":[{"href":"https:\/\/oexpressobr.com.br\/index.php?rest_route=\/wp\/v2\/posts\/1652","targetHints":{"allow":["GET"]}}],"collection":[{"href":"https:\/\/oexpressobr.com.br\/index.php?rest_route=\/wp\/v2\/posts"}],"about":[{"href":"https:\/\/oexpressobr.com.br\/index.php?rest_route=\/wp\/v2\/types\/post"}],"author":[{"embeddable":true,"href":"https:\/\/oexpressobr.com.br\/index.php?rest_route=\/wp\/v2\/users\/1"}],"replies":[{"embeddable":true,"href":"https:\/\/oexpressobr.com.br\/index.php?rest_route=%2Fwp%2Fv2%2Fcomments&post=1652"}],"version-history":[{"count":1,"href":"https:\/\/oexpressobr.com.br\/index.php?rest_route=\/wp\/v2\/posts\/1652\/revisions"}],"predecessor-version":[{"id":1654,"href":"https:\/\/oexpressobr.com.br\/index.php?rest_route=\/wp\/v2\/posts\/1652\/revisions\/1654"}],"wp:featuredmedia":[{"embeddable":true,"href":"https:\/\/oexpressobr.com.br\/index.php?rest_route=\/wp\/v2\/media\/1653"}],"wp:attachment":[{"href":"https:\/\/oexpressobr.com.br\/index.php?rest_route=%2Fwp%2Fv2%2Fmedia&parent=1652"}],"wp:term":[{"taxonomy":"category","embeddable":true,"href":"https:\/\/oexpressobr.com.br\/index.php?rest_route=%2Fwp%2Fv2%2Fcategories&post=1652"},{"taxonomy":"post_tag","embeddable":true,"href":"https:\/\/oexpressobr.com.br\/index.php?rest_route=%2Fwp%2Fv2%2Ftags&post=1652"}],"curies":[{"name":"wp","href":"https:\/\/api.w.org\/{rel}","templated":true}]}}