{"id":1655,"date":"2026-01-09T07:29:26","date_gmt":"2026-01-09T10:29:26","guid":{"rendered":"https:\/\/oexpressobr.com.br\/?p=1655"},"modified":"2026-01-09T07:29:29","modified_gmt":"2026-01-09T10:29:29","slug":"prefeitura-de-sao-paulo-e-ricardo-nunes-iniciam-concessao-de-escolas-para-organizacoes-sociais","status":"publish","type":"post","link":"https:\/\/oexpressobr.com.br\/?p=1655","title":{"rendered":"PREFEITURA de S\u00e3o Paulo e Ricardo Nunes iniciam concess\u00e3o de escolas para organiza\u00e7\u00f5es sociais"},"content":{"rendered":"\n<p class=\"wp-block-paragraph\">A gest\u00e3o do prefeito Ricardo Nunes (MDB) d\u00e1 um passo decisivo na reformula\u00e7\u00e3o do sistema educacional da capital paulista com o in\u00edcio do projeto de concess\u00e3o de unidades escolares para a iniciativa privada. O plano, elaborado em uma parceria estrat\u00e9gica entre a Secretaria Municipal de Educa\u00e7\u00e3o (SME) e a Secretaria de Parcerias em Investimentos (SPP), visa transferir a gest\u00e3o de novas unidades para Organiza\u00e7\u00f5es Sociais (OSs) sem fins lucrativos, seguindo o modelo de &#8220;porteira fechada&#8221;.<\/p>\n\n\n\n<p class=\"wp-block-paragraph\">\u200bA proposta, que j\u00e1 gera intensos debates entre gestores, sindicatos e a comunidade escolar, tem como ponto de partida tr\u00eas escolas em constru\u00e7\u00e3o localizadas nos bairros de Campo Limpo, Pirituba\/Jaragu\u00e1 e Santo Amaro. Segundo a administra\u00e7\u00e3o municipal, a previs\u00e3o \u00e9 que essas unidades sejam entregues e iniciem suas atividades sob o novo modelo at\u00e9 o final do primeiro semestre de 2026.<\/p>\n\n\n\n<h3 class=\"wp-block-heading\">\u200bO modelo de gest\u00e3o e os envolvidos<\/h3>\n\n\n\n<p class=\"wp-block-paragraph\">\u200bDiferente do modelo adotado pelo governo estadual de Tarc\u00edsio de Freitas (Republicanos) \u2014 que foca na manuten\u00e7\u00e3o f\u00edsica e infraestrutura \u2014, o projeto de Ricardo Nunes prev\u00ea que as OSs assumam a administra\u00e7\u00e3o completa. Isso inclui n\u00e3o apenas a zeladoria e alimenta\u00e7\u00e3o, mas tamb\u00e9m a contrata\u00e7\u00e3o de professores e diretores, al\u00e9m da execu\u00e7\u00e3o do projeto pedag\u00f3gico, desde que respeitadas as diretrizes curriculares da cidade.<\/p>\n\n\n\n<p class=\"wp-block-paragraph\">\u200bO secret\u00e1rio municipal de Educa\u00e7\u00e3o, Fernando Padula, defende que a iniciativa \u00e9 um &#8220;teste em pequena escala&#8221; para buscar efici\u00eancia. Ele argumenta que o modelo \u00e9 similar ao que j\u00e1 ocorre com sucesso nas creches conveniadas (que atendem cerca de 80% da rede de educa\u00e7\u00e3o infantil) e em unidades de sa\u00fade como as AMAs e UBSs.<\/p>\n\n\n\n<h3 class=\"wp-block-heading\">\u200bEmbates judiciais e cr\u00edticas<\/h3>\n\n\n\n<p class=\"wp-block-paragraph\">\u200bA iniciativa, por\u00e9m, enfrenta resist\u00eancia. Recentemente, a Justi\u00e7a de S\u00e3o Paulo estabeleceu prazos para que a Prefeitura preste esclarecimentos detalhados sobre o projeto, atendendo a a\u00e7\u00f5es populares que questionam a &#8220;privatiza\u00e7\u00e3o&#8221; do ensino fundamental. Cr\u00edticos e entidades como o Sindsep (Sindicato dos Servidores Municipais) apontam riscos de precariza\u00e7\u00e3o do trabalho docente e falta de transpar\u00eancia na gest\u00e3o dos recursos p\u00fablicos.<\/p>\n\n\n\n<p class=\"wp-block-paragraph\">\u200bEm contrapartida, a Prefeitura utiliza como principal argumento os \u00edndices de desempenho. O governo municipal frequentemente cita o caso da EMEF Liceu Cora\u00e7\u00e3o de Jesus, que opera sob gest\u00e3o compartilhada e registrou notas na Prova S\u00e3o Paulo superiores \u00e0 m\u00e9dia da rede direta.<\/p>\n\n\n\n<h3 class=\"wp-block-heading\">\u200bO que esperar para 2025 e 2026<\/h3>\n\n\n\n<p class=\"wp-block-paragraph\">\u200bCom o edital de chamamento p\u00fablico sendo finalizado, a gest\u00e3o Nunes pretende consolidar o modelo como uma alternativa para suprir o d\u00e9ficit de vagas em regi\u00f5es perif\u00e9ricas de alta vulnerabilidade.<\/p>\n\n\n\n<p class=\"wp-block-paragraph\">\u200b<strong>Pontos-chave do projeto:<\/strong><\/p>\n\n\n\n<ul class=\"wp-block-list\">\n<li>\u200b<strong>P\u00fablico-alvo:<\/strong> Alunos do Ensino Fundamental I e II.<\/li>\n\n\n\n<li>\u200b<strong>Custo zero:<\/strong> As unidades permanecer\u00e3o sendo p\u00fablicas e gratuitas, sem cobran\u00e7a de mensalidades.<\/li>\n\n\n\n<li>\u200b<strong>Responsabilidade da OS:<\/strong> Gest\u00e3o administrativa, manuten\u00e7\u00e3o e contrata\u00e7\u00e3o de pessoal sob regime CLT.<\/li>\n\n\n\n<li>\u200b<strong>Fiscaliza\u00e7\u00e3o:<\/strong> A SME manter\u00e1 a supervis\u00e3o pedag\u00f3gica e o georreferenciamento para a fila de matr\u00edculas.<\/li>\n<\/ul>\n\n\n\n<p class=\"wp-block-paragraph\">\u200bEnquanto o governo acelera o cronograma de entregas, o Minist\u00e9rio P\u00fablico e a C\u00e2mara Municipal acompanham de perto os desdobramentos, em um cen\u00e1rio que promete ser um dos principais campos de batalha pol\u00edtica na educa\u00e7\u00e3o paulistana nos pr\u00f3ximos meses.<\/p>\n","protected":false},"excerpt":{"rendered":"<p>A gest\u00e3o do prefeito Ricardo Nunes (MDB) d\u00e1 um passo decisivo na reformula\u00e7\u00e3o do sistema educacional da capital paulista com o in\u00edcio do projeto de [&#8230;]<\/p>\n","protected":false},"author":1,"featured_media":1656,"comment_status":"open","ping_status":"open","sticky":false,"template":"","format":"standard","meta":{"_crdt_document":"","_jetpack_memberships_contains_paid_content":false,"footnotes":"","jetpack_publicize_message":"","jetpack_publicize_feature_enabled":true,"jetpack_social_post_already_shared":true,"jetpack_social_options":{"image_generator_settings":{"template":"highway","default_image_id":0,"font":"","enabled":false},"version":2}},"categories":[6],"tags":[],"class_list":["post-1655","post","type-post","status-publish","format-standard","has-post-thumbnail","hentry","category-educacao"],"jetpack_publicize_connections":[],"jetpack_featured_media_url":"https:\/\/i0.wp.com\/oexpressobr.com.br\/wp-content\/uploads\/2026\/01\/ricardo-nunes-prefeitura-SP.jpg?fit=414%2C280&ssl=1","jetpack_likes_enabled":true,"jetpack_sharing_enabled":true,"_links":{"self":[{"href":"https:\/\/oexpressobr.com.br\/index.php?rest_route=\/wp\/v2\/posts\/1655","targetHints":{"allow":["GET"]}}],"collection":[{"href":"https:\/\/oexpressobr.com.br\/index.php?rest_route=\/wp\/v2\/posts"}],"about":[{"href":"https:\/\/oexpressobr.com.br\/index.php?rest_route=\/wp\/v2\/types\/post"}],"author":[{"embeddable":true,"href":"https:\/\/oexpressobr.com.br\/index.php?rest_route=\/wp\/v2\/users\/1"}],"replies":[{"embeddable":true,"href":"https:\/\/oexpressobr.com.br\/index.php?rest_route=%2Fwp%2Fv2%2Fcomments&post=1655"}],"version-history":[{"count":1,"href":"https:\/\/oexpressobr.com.br\/index.php?rest_route=\/wp\/v2\/posts\/1655\/revisions"}],"predecessor-version":[{"id":1657,"href":"https:\/\/oexpressobr.com.br\/index.php?rest_route=\/wp\/v2\/posts\/1655\/revisions\/1657"}],"wp:featuredmedia":[{"embeddable":true,"href":"https:\/\/oexpressobr.com.br\/index.php?rest_route=\/wp\/v2\/media\/1656"}],"wp:attachment":[{"href":"https:\/\/oexpressobr.com.br\/index.php?rest_route=%2Fwp%2Fv2%2Fmedia&parent=1655"}],"wp:term":[{"taxonomy":"category","embeddable":true,"href":"https:\/\/oexpressobr.com.br\/index.php?rest_route=%2Fwp%2Fv2%2Fcategories&post=1655"},{"taxonomy":"post_tag","embeddable":true,"href":"https:\/\/oexpressobr.com.br\/index.php?rest_route=%2Fwp%2Fv2%2Ftags&post=1655"}],"curies":[{"name":"wp","href":"https:\/\/api.w.org\/{rel}","templated":true}]}}