{"id":1658,"date":"2026-01-09T07:36:06","date_gmt":"2026-01-09T10:36:06","guid":{"rendered":"https:\/\/oexpressobr.com.br\/?p=1658"},"modified":"2026-01-09T07:36:07","modified_gmt":"2026-01-09T10:36:07","slug":"comunidade-escolar-e-sindicatos-intensificam-mobilizacao-contra-gestao-privada-em-sao-paulo","status":"publish","type":"post","link":"https:\/\/oexpressobr.com.br\/?p=1658","title":{"rendered":"Comunidade escolar e sindicatos intensificam mobiliza\u00e7\u00e3o contra gest\u00e3o privada em S\u00e3o Paulo"},"content":{"rendered":"\n<p class=\"wp-block-paragraph\">O cen\u00e1rio educacional na capital paulista inicia 2026 sob forte tens\u00e3o. O <strong>Projeto de Lei (PL) 573\/2021<\/strong>, que prop\u00f5e a implementa\u00e7\u00e3o de um sistema de <strong>gest\u00e3o compartilhada<\/strong> nas escolas municipais de ensino fundamental e m\u00e9dio, voltou ao centro do debate pol\u00edtico na C\u00e2mara Municipal. Sob o lema &#8220;Educa\u00e7\u00e3o n\u00e3o \u00e9 mercadoria&#8221;, professores, pais e entidades sindicais refor\u00e7am a resist\u00eancia contra o que classificam como uma &#8220;privatiza\u00e7\u00e3o camuflada&#8221;.<\/p>\n\n\n\n<h3 class=\"wp-block-heading\">\u200bO que prop\u00f5e o PL 573\/21<\/h3>\n\n\n\n<p class=\"wp-block-paragraph\">\u200bDe autoria da vereadora <strong>Cris Monteiro (NOVO)<\/strong>, com coautoria de nomes como <strong>Rubinho Nunes (UNI\u00c3O)<\/strong> e <strong>Fernando Holiday (PL)<\/strong>, o projeto autoriza a Prefeitura de S\u00e3o Paulo a firmar parcerias com <strong>Organiza\u00e7\u00f5es da Sociedade Civil (OSCs)<\/strong> para a gest\u00e3o de unidades escolares.<\/p>\n\n\n\n<p class=\"wp-block-paragraph\">\u200bOs defensores da medida argumentam que:<\/p>\n\n\n\n<ul class=\"wp-block-list\">\n<li>\u200b<strong>Efici\u00eancia:<\/strong> O modelo traria uma gest\u00e3o mais profissional e \u00e1gil, semelhante ao que j\u00e1 ocorre em creches conveniadas e unidades de sa\u00fade (OSS).<\/li>\n\n\n\n<li>\u200b<strong>Qualidade:<\/strong> A autonomia administrativa das OSCs permitiria focar em resultados pedag\u00f3gicos sem as amarras da burocracia estatal.<\/li>\n\n\n\n<li>\u200b<strong>Liberdade de Escolha:<\/strong> O projeto n\u00e3o privatizaria o ensino, que continuaria gratuito, mas ofereceria um modelo alternativo de administra\u00e7\u00e3o.<\/li>\n<\/ul>\n\n\n\n<h3 class=\"wp-block-heading\">\u200bOs argumentos da resist\u00eancia: &#8220;Educa\u00e7\u00e3o n\u00e3o \u00e9 mercadoria&#8221;<\/h3>\n\n\n\n<p class=\"wp-block-paragraph\">\u200bA oposi\u00e7\u00e3o ao projeto, liderada por vereadores como <strong>Celso Giannazi (PSOL)<\/strong> e entidades como o <strong>SINPEEM<\/strong> e o <strong>SINESP<\/strong>, aponta riscos estruturais para a educa\u00e7\u00e3o p\u00fablica. Para o movimento, a proposta fere a gest\u00e3o democr\u00e1tica e precariza o trabalho docente.<\/p>\n\n\n\n<blockquote class=\"wp-block-quote is-layout-flow wp-block-quote-is-layout-flow\">\n<p class=\"wp-block-paragraph\">\u200b&#8221;Terceiriza\u00e7\u00e3o e privatiza\u00e7\u00e3o s\u00e3o sin\u00f4nimos de precariza\u00e7\u00e3o. A experi\u00eancia com as creches conveniadas mostra falhas graves na fiscaliza\u00e7\u00e3o e na infraestrutura&#8221;, afirma o vereador Giannazi em seus pareceres contr\u00e1rios.<\/p>\n<\/blockquote>\n\n\n\n<p class=\"wp-block-paragraph\">\u200b<strong>Principais pontos de cr\u00edtica:<\/strong><\/p>\n\n\n\n<ol class=\"wp-block-list\">\n<li>\u200b<strong>Inconstitucionalidade:<\/strong> Cr\u00edticos alegam v\u00edcio de iniciativa e que a gest\u00e3o da educa\u00e7\u00e3o p\u00fablica \u00e9 dever indeleg\u00e1vel do Estado.<\/li>\n\n\n\n<li>\u200b<strong>Falta de Evid\u00eancias:<\/strong> Estudos apresentados por organiza\u00e7\u00f5es como o <em>Dados para um Debate Democr\u00e1tico na Educa\u00e7\u00e3o (D\u00b3e)<\/em> indicam que n\u00e3o h\u00e1 provas cient\u00edficas de que a gest\u00e3o privada melhore o desempenho escolar, podendo, inclusive, aumentar a desigualdade.<\/li>\n\n\n\n<li>\u200b<strong>Amea\u00e7a aos Concursos:<\/strong> O modelo permite contrata\u00e7\u00f5es fora do regime estatut\u00e1rio, o que enfraqueceria a carreira dos servidores p\u00fablicos.<\/li>\n<\/ol>\n\n\n\n<h3 class=\"wp-block-heading\">\u200bNovidades e Impactos em 2026<\/h3>\n\n\n\n<p class=\"wp-block-paragraph\">\u200bAp\u00f3s anos de idas e vindas \u2014 incluindo a retirada de pauta em momentos estrat\u00e9gicos de press\u00e3o popular em 2024 e 2025 \u2014 o projeto enfrenta agora um novo teste de for\u00e7a. Com a atualiza\u00e7\u00e3o dos pisos salariais e os novos debates sobre o or\u00e7amento municipal de 2026, a destina\u00e7\u00e3o de verbas p\u00fablicas para o setor privado tornou-se o ponto de maior atrito.<\/p>\n\n\n\n<p class=\"wp-block-paragraph\">\u200bRelat\u00f3rios recentes do <strong>Tribunal de Contas do Munic\u00edpio (TCM)<\/strong> sobre as unidades parceiras (creches) t\u00eam sido usados como muni\u00e7\u00e3o pela oposi\u00e7\u00e3o. Os dados revelam que uma parcela significativa dessas unidades apresenta defici\u00eancias em profissionais especializados para inclus\u00e3o e infraestrutura b\u00e1sica, como frald\u00e1rios e banheiros adequados.<\/p>\n\n\n\n<p class=\"wp-block-paragraph\">A vota\u00e7\u00e3o definitiva segue sem data confirmada, mas as galerias da C\u00e2mara Municipal prometem estar lotadas nas pr\u00f3ximas sess\u00f5es. A comunidade escolar mant\u00e9m o estado de vig\u00edlia, reafirmando que o direito \u00e0 educa\u00e7\u00e3o deve estar acima de qualquer l\u00f3gica de mercado.<\/p>\n","protected":false},"excerpt":{"rendered":"<p>O cen\u00e1rio educacional na capital paulista inicia 2026 sob forte tens\u00e3o. O Projeto de Lei (PL) 573\/2021, que prop\u00f5e a implementa\u00e7\u00e3o de um sistema de [&#8230;]<\/p>\n","protected":false},"author":1,"featured_media":1659,"comment_status":"open","ping_status":"open","sticky":false,"template":"","format":"standard","meta":{"_crdt_document":"","_jetpack_memberships_contains_paid_content":false,"footnotes":"","jetpack_publicize_message":"","jetpack_publicize_feature_enabled":true,"jetpack_social_post_already_shared":true,"jetpack_social_options":{"image_generator_settings":{"template":"highway","default_image_id":0,"font":"","enabled":false},"version":2}},"categories":[6],"tags":[],"class_list":["post-1658","post","type-post","status-publish","format-standard","has-post-thumbnail","hentry","category-educacao"],"jetpack_publicize_connections":[],"jetpack_featured_media_url":"https:\/\/i0.wp.com\/oexpressobr.com.br\/wp-content\/uploads\/2026\/01\/1006635071.jpg?fit=230%2C320&ssl=1","jetpack_likes_enabled":true,"jetpack_sharing_enabled":true,"_links":{"self":[{"href":"https:\/\/oexpressobr.com.br\/index.php?rest_route=\/wp\/v2\/posts\/1658","targetHints":{"allow":["GET"]}}],"collection":[{"href":"https:\/\/oexpressobr.com.br\/index.php?rest_route=\/wp\/v2\/posts"}],"about":[{"href":"https:\/\/oexpressobr.com.br\/index.php?rest_route=\/wp\/v2\/types\/post"}],"author":[{"embeddable":true,"href":"https:\/\/oexpressobr.com.br\/index.php?rest_route=\/wp\/v2\/users\/1"}],"replies":[{"embeddable":true,"href":"https:\/\/oexpressobr.com.br\/index.php?rest_route=%2Fwp%2Fv2%2Fcomments&post=1658"}],"version-history":[{"count":1,"href":"https:\/\/oexpressobr.com.br\/index.php?rest_route=\/wp\/v2\/posts\/1658\/revisions"}],"predecessor-version":[{"id":1660,"href":"https:\/\/oexpressobr.com.br\/index.php?rest_route=\/wp\/v2\/posts\/1658\/revisions\/1660"}],"wp:featuredmedia":[{"embeddable":true,"href":"https:\/\/oexpressobr.com.br\/index.php?rest_route=\/wp\/v2\/media\/1659"}],"wp:attachment":[{"href":"https:\/\/oexpressobr.com.br\/index.php?rest_route=%2Fwp%2Fv2%2Fmedia&parent=1658"}],"wp:term":[{"taxonomy":"category","embeddable":true,"href":"https:\/\/oexpressobr.com.br\/index.php?rest_route=%2Fwp%2Fv2%2Fcategories&post=1658"},{"taxonomy":"post_tag","embeddable":true,"href":"https:\/\/oexpressobr.com.br\/index.php?rest_route=%2Fwp%2Fv2%2Ftags&post=1658"}],"curies":[{"name":"wp","href":"https:\/\/api.w.org\/{rel}","templated":true}]}}