{"id":1661,"date":"2026-01-09T07:44:50","date_gmt":"2026-01-09T10:44:50","guid":{"rendered":"https:\/\/oexpressobr.com.br\/?p=1661"},"modified":"2026-01-09T07:44:51","modified_gmt":"2026-01-09T10:44:51","slug":"denuncias-sobre-sanepar-e-ratinho-junior-geram-embate-politico-e-pressoes-por-investigacao","status":"publish","type":"post","link":"https:\/\/oexpressobr.com.br\/?p=1661","title":{"rendered":"DEN\u00daNCIAS sobre Sanepar e Ratinho J\u00fanior geram embate pol\u00edtico e press\u00f5es por investiga\u00e7\u00e3o"},"content":{"rendered":"\n<p class=\"wp-block-paragraph\">A gest\u00e3o da Companhia de Saneamento do Paran\u00e1 (Sanepar) voltou ao centro do debate pol\u00edtico no in\u00edcio deste ano, ap\u00f3s a divulga\u00e7\u00e3o de \u00e1udios que apontam um suposto esquema de corrup\u00e7\u00e3o envolvendo a estatal. O caso, que ganhou forte repercuss\u00e3o nas redes sociais e em setores da oposi\u00e7\u00e3o, levanta suspeitas sobre o uso de recursos para o financiamento da campanha eleitoral do governador Ratinho J\u00fanior (PSD) em 2022.<\/p>\n\n\n\n<p class=\"wp-block-paragraph\">\u200bApesar da gravidade das acusa\u00e7\u00f5es, o Governo do Estado mant\u00e9m uma postura defensiva, classificando o epis\u00f3dio como uma &#8220;den\u00fancia antiga&#8221; e sem fatos novos que justifiquem a desestabiliza\u00e7\u00e3o da gest\u00e3o. De acordo com fontes oficiais, o impacto direto do esc\u00e2ndalo sobre o governador Ratinho J\u00fanior \u00e9 considerado nulo pela c\u00fapula do Pal\u00e1cio Igua\u00e7u, que v\u00ea no movimento uma tentativa de desgaste pol\u00edtico por parte de advers\u00e1rios.<\/p>\n\n\n\n<h3 class=\"wp-block-heading\">\u200bOposi\u00e7\u00e3o cobra transpar\u00eancia e \u00f3rg\u00e3os de controle<\/h3>\n\n\n\n<p class=\"wp-block-paragraph\">\u200bDo outro lado, a bancada de oposi\u00e7\u00e3o na Assembleia Legislativa do Paran\u00e1 (ALEP), liderada pelo deputado Arilson Chiorato (PT), aumentou o tom das cobran\u00e7as. Em declara\u00e7\u00f5es recentes no final de dezembro de 2025 e in\u00edcio de janeiro de 2026, os parlamentares exigiram que o Minist\u00e9rio P\u00fablico e o Tribunal de Contas aprofundem as investiga\u00e7\u00f5es sobre os \u00e1udios, que mencionam cobran\u00e7as por cargos e amea\u00e7as internas na companhia.<\/p>\n\n\n\n<p class=\"wp-block-paragraph\">\u200b&#8221;Os \u00e1udios existem e precisam ser esclarecidos pela Justi\u00e7a. O governo n\u00e3o pode tratar o assunto como encerrado&#8221;, afirmou Chiorato em nota oficial. A press\u00e3o se soma a um hist\u00f3rico de opera\u00e7\u00f5es anteriores, como a &#8220;Ductos&#8221; do GAECO e a\u00e7\u00f5es da Pol\u00edcia Federal em anos passados, que j\u00e1 haviam mirado fraudes em licita\u00e7\u00f5es e pagamentos de propina envolvendo servidores da estatal e empresas privadas.<\/p>\n\n\n\n<h3 class=\"wp-block-heading\">\u200bO cen\u00e1rio da Sanepar e o futuro pol\u00edtico<\/h3>\n\n\n\n<p class=\"wp-block-paragraph\">\u200bO embate ocorre em um momento sens\u00edvel para Ratinho J\u00fanior, cujo nome \u00e9 frequentemente citado como um dos potenciais presidenci\u00e1veis para as elei\u00e7\u00f5es de 2026. A manuten\u00e7\u00e3o da estabilidade da Sanepar e da Copel \u2014 outra gigante estatal \u2014 tem sido um pilar de seu discurso de efici\u00eancia administrativa.<\/p>\n\n\n\n<p class=\"wp-block-paragraph\">\u200bEnquanto a oposi\u00e7\u00e3o tenta vincular os supostos desvios \u00e0 c\u00fapula do governo, a base aliada refor\u00e7a que a Sanepar atua com independ\u00eancia e que eventuais irregularidades pontuais de funcion\u00e1rios j\u00e1 foram ou est\u00e3o sendo punidas administrativamente.<\/p>\n\n\n\n<p class=\"wp-block-paragraph\">\u200bAt\u00e9 o momento, n\u00e3o h\u00e1 decis\u00f5es judiciais que impliquem diretamente o governador nas den\u00fancias recentes, mantendo o &#8220;placar&#8221; de impacto jur\u00eddico contra o chefe do Executivo em zero, embora o desgaste na imagem p\u00fablica e o uso do tema no palanque eleitoral j\u00e1 sejam realidades consolidadas para os pr\u00f3ximos meses.<\/p>\n","protected":false},"excerpt":{"rendered":"<p>A gest\u00e3o da Companhia de Saneamento do Paran\u00e1 (Sanepar) voltou ao centro do debate pol\u00edtico no in\u00edcio deste ano, ap\u00f3s a divulga\u00e7\u00e3o de \u00e1udios que [&#8230;]<\/p>\n","protected":false},"author":1,"featured_media":1662,"comment_status":"open","ping_status":"open","sticky":false,"template":"","format":"standard","meta":{"_crdt_document":"","_jetpack_memberships_contains_paid_content":false,"footnotes":"","jetpack_publicize_message":"","jetpack_publicize_feature_enabled":true,"jetpack_social_post_already_shared":true,"jetpack_social_options":{"image_generator_settings":{"template":"highway","default_image_id":0,"font":"","enabled":false},"version":2}},"categories":[5],"tags":[],"class_list":["post-1661","post","type-post","status-publish","format-standard","has-post-thumbnail","hentry","category-parana"],"jetpack_publicize_connections":[],"jetpack_featured_media_url":"https:\/\/i0.wp.com\/oexpressobr.com.br\/wp-content\/uploads\/2026\/01\/WhatsApp-Image-2026-01-07-at-13.01.49.jpeg?fit=2560%2C1706&ssl=1","jetpack_likes_enabled":true,"jetpack_sharing_enabled":true,"_links":{"self":[{"href":"https:\/\/oexpressobr.com.br\/index.php?rest_route=\/wp\/v2\/posts\/1661","targetHints":{"allow":["GET"]}}],"collection":[{"href":"https:\/\/oexpressobr.com.br\/index.php?rest_route=\/wp\/v2\/posts"}],"about":[{"href":"https:\/\/oexpressobr.com.br\/index.php?rest_route=\/wp\/v2\/types\/post"}],"author":[{"embeddable":true,"href":"https:\/\/oexpressobr.com.br\/index.php?rest_route=\/wp\/v2\/users\/1"}],"replies":[{"embeddable":true,"href":"https:\/\/oexpressobr.com.br\/index.php?rest_route=%2Fwp%2Fv2%2Fcomments&post=1661"}],"version-history":[{"count":1,"href":"https:\/\/oexpressobr.com.br\/index.php?rest_route=\/wp\/v2\/posts\/1661\/revisions"}],"predecessor-version":[{"id":1663,"href":"https:\/\/oexpressobr.com.br\/index.php?rest_route=\/wp\/v2\/posts\/1661\/revisions\/1663"}],"wp:featuredmedia":[{"embeddable":true,"href":"https:\/\/oexpressobr.com.br\/index.php?rest_route=\/wp\/v2\/media\/1662"}],"wp:attachment":[{"href":"https:\/\/oexpressobr.com.br\/index.php?rest_route=%2Fwp%2Fv2%2Fmedia&parent=1661"}],"wp:term":[{"taxonomy":"category","embeddable":true,"href":"https:\/\/oexpressobr.com.br\/index.php?rest_route=%2Fwp%2Fv2%2Fcategories&post=1661"},{"taxonomy":"post_tag","embeddable":true,"href":"https:\/\/oexpressobr.com.br\/index.php?rest_route=%2Fwp%2Fv2%2Ftags&post=1661"}],"curies":[{"name":"wp","href":"https:\/\/api.w.org\/{rel}","templated":true}]}}