{"id":1664,"date":"2026-01-09T07:56:46","date_gmt":"2026-01-09T10:56:46","guid":{"rendered":"https:\/\/oexpressobr.com.br\/?p=1664"},"modified":"2026-01-09T07:56:48","modified_gmt":"2026-01-09T10:56:48","slug":"prefeitura-de-maringa-e-proamusep-enfrentam-crise-apos-demissao-de-50-servidores-do-samu","status":"publish","type":"post","link":"https:\/\/oexpressobr.com.br\/?p=1664","title":{"rendered":"Prefeitura de Maring\u00e1 e Proamusep enfrentam crise ap\u00f3s demiss\u00e3o de 50 servidores do Samu"},"content":{"rendered":"\n<p class=\"wp-block-paragraph\">Uma decis\u00e3o administrativa tomada nesta quinta-feira (8) gerou um forte embate pol\u00edtico e t\u00e9cnico sobre a gest\u00e3o do Servi\u00e7o de Atendimento M\u00f3vel de Urg\u00eancia (Samu) em Maring\u00e1. A prefeitura anunciou a extin\u00e7\u00e3o de 50 cargos, alegando que a medida \u00e9 necess\u00e1ria para corrigir uma irregularidade jur\u00eddica que se arrasta desde 2017 e que j\u00e1 causou um preju\u00edzo superior a R$ 15 milh\u00f5es aos cofres p\u00fablicos.<\/p>\n\n\n\n<h3 class=\"wp-block-heading\">\u200bO impasse jur\u00eddico e o &#8220;rombo&#8221; milion\u00e1rio<\/h3>\n\n\n\n<p class=\"wp-block-paragraph\">\u200bSegundo a atual gest\u00e3o municipal, o problema reside na incompatibilidade de regimes de trabalho. Os 50 profissionais desligados (m\u00e9dicos, enfermeiros e motoristas) eram contratados pelo Munic\u00edpio sob o regime CLT, com jornada de 8 horas di\u00e1rias. No entanto, o Samu Regional opera, por exig\u00eancia t\u00e9cnica e judicial, em escalas de 12&#215;36 horas.<\/p>\n\n\n\n<p class=\"wp-block-paragraph\">\u200bEssa diverg\u00eancia gerou, ao longo de sete anos, um volume excessivo de horas extras e processos trabalhistas. De acordo com a Secretaria de Sa\u00fade de Maring\u00e1, a corre\u00e7\u00e3o desse modelo deveria ter ocorrido ainda em 2017, mas a omiss\u00e3o das gest\u00f5es anteriores resultou no pagamento de indeniza\u00e7\u00f5es milion\u00e1rias. &#8220;Sete anos de omiss\u00e3o custaram caro. Corrigir o erro n\u00e3o \u00e9 persegui\u00e7\u00e3o, \u00e9 responsabilidade&#8221;, afirmou a administra\u00e7\u00e3o em nota oficial veiculada pelo portal <em>O Di\u00e1rio de Maring\u00e1<\/em>.<\/p>\n\n\n\n<h3 class=\"wp-block-heading\">\u200bRea\u00e7\u00f5es pol\u00edticas e o papel do Sismmar<\/h3>\n\n\n\n<p class=\"wp-block-paragraph\">\u200bA decis\u00e3o n\u00e3o foi bem recebida por todos os setores. O ex-prefeito Ulisses Maia manifestou-se nas redes sociais classificando a medida como &#8220;irrespons\u00e1vel&#8221; e um &#8220;risco \u00e0 sa\u00fade p\u00fablica&#8221;. Por outro lado, a prefeitura rebateu as cr\u00edticas, tratando-as como &#8220;ru\u00eddo e fake news&#8221;, garantindo que o atendimento \u00e0 popula\u00e7\u00e3o n\u00e3o ser\u00e1 interrompido.<\/p>\n\n\n\n<p class=\"wp-block-paragraph\">\u200bO Sindicato dos Servidores P\u00fablicos Municipais de Maring\u00e1 (Sismmar) j\u00e1 anunciou que acionar\u00e1 o Minist\u00e9rio P\u00fablico do Trabalho (MPT). A entidade argumenta que trabalhadores com d\u00e9cadas de servi\u00e7o, alguns desde 2004, est\u00e3o sendo desligados abruptamente e promete mover a\u00e7\u00f5es judiciais individuais e coletivas para proteger os direitos da categoria.<\/p>\n\n\n\n<h3 class=\"wp-block-heading\">\u200bComo fica o atendimento?<\/h3>\n\n\n\n<p class=\"wp-block-paragraph\">\u200bO secret\u00e1rio municipal de Sa\u00fade, Antonio Carlos Nardi, e o diretor t\u00e9cnico do Samu Norte Novo, Etore Moscardi, asseguraram que o Cons\u00f3rcio P\u00fablico Intermunicipal de Gest\u00e3o da Amusep (Proamusep) est\u00e1 preparado para a transi\u00e7\u00e3o.<\/p>\n\n\n\n<p class=\"wp-block-paragraph\">\u200bPara evitar a descontinuidade do servi\u00e7o, as autoridades destacaram os seguintes pontos:<\/p>\n\n\n\n<ul class=\"wp-block-list\">\n<li>\u200b<strong>Aviso Pr\u00e9vio:<\/strong> Os servidores cumprir\u00e3o 30 dias de aviso, garantindo uma transi\u00e7\u00e3o gradual.<\/li>\n\n\n\n<li>\u200b<strong>Reserva T\u00e9cnica:<\/strong> O Samu pretende convocar aprovados em concursos vigentes para preencher as lacunas.<\/li>\n\n\n\n<li>\u200b<strong>Indeniza\u00e7\u00f5es:<\/strong> A prefeitura garantiu o pagamento de todas as verbas rescis\u00f3rias, incluindo aviso pr\u00e9vio e FGTS.<\/li>\n<\/ul>\n\n\n\n<p class=\"wp-block-paragraph\">\u200bEnquanto a prefeitura defende que a &#8220;limpeza administrativa&#8221; \u00e9 o \u00fanico caminho para estancar o preju\u00edzo ao contribuinte, o clima entre os profissionais \u00e9 de incerteza. A judicializa\u00e7\u00e3o do caso parece iminente, colocando o futuro da gest\u00e3o do Samu sob os holofotes do Minist\u00e9rio P\u00fablico e da Justi\u00e7a do Trabalho em 2026.<\/p>\n","protected":false},"excerpt":{"rendered":"<p>Uma decis\u00e3o administrativa tomada nesta quinta-feira (8) gerou um forte embate pol\u00edtico e t\u00e9cnico sobre a gest\u00e3o do Servi\u00e7o de Atendimento M\u00f3vel de Urg\u00eancia (Samu) [&#8230;]<\/p>\n","protected":false},"author":1,"featured_media":1665,"comment_status":"open","ping_status":"open","sticky":false,"template":"","format":"standard","meta":{"_crdt_document":"","_jetpack_memberships_contains_paid_content":false,"footnotes":"","jetpack_publicize_message":"","jetpack_publicize_feature_enabled":true,"jetpack_social_post_already_shared":true,"jetpack_social_options":{"image_generator_settings":{"template":"highway","default_image_id":0,"font":"","enabled":false},"version":2}},"categories":[4],"tags":[],"class_list":["post-1664","post","type-post","status-publish","format-standard","has-post-thumbnail","hentry","category-maringa"],"jetpack_publicize_connections":[],"jetpack_featured_media_url":"https:\/\/i0.wp.com\/oexpressobr.com.br\/wp-content\/uploads\/2026\/01\/Samu-3.jpg?fit=960%2C640&ssl=1","jetpack_likes_enabled":true,"jetpack_sharing_enabled":true,"_links":{"self":[{"href":"https:\/\/oexpressobr.com.br\/index.php?rest_route=\/wp\/v2\/posts\/1664","targetHints":{"allow":["GET"]}}],"collection":[{"href":"https:\/\/oexpressobr.com.br\/index.php?rest_route=\/wp\/v2\/posts"}],"about":[{"href":"https:\/\/oexpressobr.com.br\/index.php?rest_route=\/wp\/v2\/types\/post"}],"author":[{"embeddable":true,"href":"https:\/\/oexpressobr.com.br\/index.php?rest_route=\/wp\/v2\/users\/1"}],"replies":[{"embeddable":true,"href":"https:\/\/oexpressobr.com.br\/index.php?rest_route=%2Fwp%2Fv2%2Fcomments&post=1664"}],"version-history":[{"count":1,"href":"https:\/\/oexpressobr.com.br\/index.php?rest_route=\/wp\/v2\/posts\/1664\/revisions"}],"predecessor-version":[{"id":1666,"href":"https:\/\/oexpressobr.com.br\/index.php?rest_route=\/wp\/v2\/posts\/1664\/revisions\/1666"}],"wp:featuredmedia":[{"embeddable":true,"href":"https:\/\/oexpressobr.com.br\/index.php?rest_route=\/wp\/v2\/media\/1665"}],"wp:attachment":[{"href":"https:\/\/oexpressobr.com.br\/index.php?rest_route=%2Fwp%2Fv2%2Fmedia&parent=1664"}],"wp:term":[{"taxonomy":"category","embeddable":true,"href":"https:\/\/oexpressobr.com.br\/index.php?rest_route=%2Fwp%2Fv2%2Fcategories&post=1664"},{"taxonomy":"post_tag","embeddable":true,"href":"https:\/\/oexpressobr.com.br\/index.php?rest_route=%2Fwp%2Fv2%2Ftags&post=1664"}],"curies":[{"name":"wp","href":"https:\/\/api.w.org\/{rel}","templated":true}]}}