{"id":167,"date":"2025-12-01T12:56:24","date_gmt":"2025-12-01T15:56:24","guid":{"rendered":"https:\/\/oexpressobr.com.br\/?p=167"},"modified":"2025-12-01T12:56:25","modified_gmt":"2025-12-01T15:56:25","slug":"pgr-se-manifesta-a-favor-de-prisao-domiciliar-para-general-heleno-moraes-exige-comprovacao-de-alzheimer","status":"publish","type":"post","link":"https:\/\/oexpressobr.com.br\/?p=167","title":{"rendered":"PGR se manifesta a favor de pris\u00e3o domiciliar para General Heleno; Moraes exige comprova\u00e7\u00e3o de Alzheimer"},"content":{"rendered":"\n<p class=\"wp-block-paragraph\">\u200bA Procuradoria-Geral da Rep\u00fablica (PGR) manifestou-se a favor da concess\u00e3o de pris\u00e3o domiciliar humanit\u00e1ria ao ex-ministro do Gabinete de Seguran\u00e7a Institucional (GSI), general da reserva Augusto Heleno, de 78 anos. A posi\u00e7\u00e3o, enviada ao Supremo Tribunal Federal (STF) na \u00faltima sexta-feira (28), acolhe o pedido da defesa do militar, que alega que o ex-ministro \u00e9 portador de dem\u00eancia mista (Alzheimer e vascular) em est\u00e1gio inicial e que o cumprimento da pena em regime fechado pode agravar seu estado de sa\u00fade, em car\u00e1ter irrevers\u00edvel.<\/p>\n\n\n\n<p class=\"wp-block-paragraph\">\u200bHeleno foi condenado a 21 anos de reclus\u00e3o pela Primeira Turma do STF, em setembro, pelos crimes de organiza\u00e7\u00e3o criminosa armada, tentativa de aboli\u00e7\u00e3o violenta do Estado Democr\u00e1tico de Direito, Golpe de Estado, dano qualificado e deteriora\u00e7\u00e3o de patrim\u00f4nio tombado, no \u00e2mbito da investiga\u00e7\u00e3o sobre a trama golpista. Ele est\u00e1 preso desde a \u00faltima ter\u00e7a-feira (25) no Comando Militar do Planalto, em Bras\u00edlia.<\/p>\n\n\n\n<p class=\"wp-block-paragraph\">\u200bO parecer do procurador-geral da Rep\u00fablica, Paulo Gonet, argumenta que a situa\u00e7\u00e3o do general \u00e9 an\u00e1loga \u00e0 de outros condenados que tiveram a cust\u00f3dia domiciliar concedida pelo Supremo, citando o Estatuto do Idoso e o princ\u00edpio da dignidade da pessoa humana. O diagn\u00f3stico de dem\u00eancia mista (etiologias Alzheimer e vascular, combinadas), segundo a defesa, foi firmado em janeiro de 2025, embora os advogados tenham corrigido a informa\u00e7\u00e3o inicial de que a doen\u00e7a dataria de 2018.<\/p>\n\n\n\n<p class=\"wp-block-paragraph\">\u200b<strong>Moraes cobra documentos<\/strong><\/p>\n\n\n\n<p class=\"wp-block-paragraph\">\u200bDiante do pedido, o ministro Alexandre de Moraes, relator do processo no STF, determinou, no fim de semana, que a defesa de Heleno apresente, em um prazo de cinco dias, uma s\u00e9rie de documentos para comprovar o hist\u00f3rico cl\u00ednico do general. O ministro exige o laudo com o diagn\u00f3stico inicial de dem\u00eancia e <strong>\u201ctodos os relat\u00f3rios, exames, avalia\u00e7\u00f5es m\u00e9dicas, neuropsicol\u00f3gicas e psiqui\u00e1tricas produzidos desde 2018, inclusive prontu\u00e1rios, laudos evolutivos, prescri\u00e7\u00f5es e documentos\u201d<\/strong> relativos ao tratamento.<\/p>\n\n\n\n<p class=\"wp-block-paragraph\">\u200bMoraes tamb\u00e9m solicitou que a defesa esclare\u00e7a se, em virtude do cargo de ministro ocupado entre 2019 e 2022, o general comunicou seu diagn\u00f3stico de deteriora\u00e7\u00e3o cognitiva ao servi\u00e7o de sa\u00fade da Presid\u00eancia da Rep\u00fablica, do Minist\u00e9rio ou a algum outro \u00f3rg\u00e3o competente. O ministro determinou que todos os dados fiquem sob sigilo por conterem informa\u00e7\u00f5es sens\u00edveis da vida privada do militar.<\/p>\n\n\n\n<p class=\"wp-block-paragraph\">\u200bA decis\u00e3o final sobre a concess\u00e3o da pris\u00e3o domiciliar humanit\u00e1ria caber\u00e1 a Alexandre de Moraes, ap\u00f3s a an\u00e1lise dos documentos comprobat\u00f3rios.<\/p>\n","protected":false},"excerpt":{"rendered":"<p>\u200bA Procuradoria-Geral da Rep\u00fablica (PGR) manifestou-se a favor da concess\u00e3o de pris\u00e3o domiciliar humanit\u00e1ria ao ex-ministro do Gabinete de Seguran\u00e7a Institucional (GSI), general da reserva [&#8230;]<\/p>\n","protected":false},"author":1,"featured_media":168,"comment_status":"open","ping_status":"open","sticky":false,"template":"","format":"standard","meta":{"_crdt_document":"","_jetpack_memberships_contains_paid_content":false,"footnotes":"","jetpack_publicize_message":"","jetpack_publicize_feature_enabled":true,"jetpack_social_post_already_shared":false,"jetpack_social_options":{"image_generator_settings":{"template":"highway","default_image_id":0,"font":"","enabled":false},"version":2}},"categories":[8],"tags":[],"class_list":["post-167","post","type-post","status-publish","format-standard","has-post-thumbnail","hentry","category-judiciario"],"jetpack_publicize_connections":[],"jetpack_featured_media_url":"https:\/\/i0.wp.com\/oexpressobr.com.br\/wp-content\/uploads\/2025\/12\/interrogatorios_dos_reus_do_nucleo_1_da_trama_golpista07.webp?fit=1170%2C700&ssl=1","jetpack_likes_enabled":true,"jetpack_sharing_enabled":true,"_links":{"self":[{"href":"https:\/\/oexpressobr.com.br\/index.php?rest_route=\/wp\/v2\/posts\/167","targetHints":{"allow":["GET"]}}],"collection":[{"href":"https:\/\/oexpressobr.com.br\/index.php?rest_route=\/wp\/v2\/posts"}],"about":[{"href":"https:\/\/oexpressobr.com.br\/index.php?rest_route=\/wp\/v2\/types\/post"}],"author":[{"embeddable":true,"href":"https:\/\/oexpressobr.com.br\/index.php?rest_route=\/wp\/v2\/users\/1"}],"replies":[{"embeddable":true,"href":"https:\/\/oexpressobr.com.br\/index.php?rest_route=%2Fwp%2Fv2%2Fcomments&post=167"}],"version-history":[{"count":0,"href":"https:\/\/oexpressobr.com.br\/index.php?rest_route=\/wp\/v2\/posts\/167\/revisions"}],"wp:featuredmedia":[{"embeddable":true,"href":"https:\/\/oexpressobr.com.br\/index.php?rest_route=\/wp\/v2\/media\/168"}],"wp:attachment":[{"href":"https:\/\/oexpressobr.com.br\/index.php?rest_route=%2Fwp%2Fv2%2Fmedia&parent=167"}],"wp:term":[{"taxonomy":"category","embeddable":true,"href":"https:\/\/oexpressobr.com.br\/index.php?rest_route=%2Fwp%2Fv2%2Fcategories&post=167"},{"taxonomy":"post_tag","embeddable":true,"href":"https:\/\/oexpressobr.com.br\/index.php?rest_route=%2Fwp%2Fv2%2Ftags&post=167"}],"curies":[{"name":"wp","href":"https:\/\/api.w.org\/{rel}","templated":true}]}}